{"id":932,"date":"2019-04-09T23:23:09","date_gmt":"2019-04-09T22:23:09","guid":{"rendered":"http:\/\/caritas.diecezja.wloclawek.pl\/?p=932"},"modified":"2019-04-09T23:25:34","modified_gmt":"2019-04-09T22:25:34","slug":"dystrybucja-zywnosci","status":"publish","type":"post","link":"http:\/\/caritas.diecezja.wloclawek.pl\/?p=932","title":{"rendered":"Dystrybucja \u017cywno\u015bci"},"content":{"rendered":"<h4 style=\"text-align: center;\">Program Operacyjny Pomoc \u017bywno\u015bciowa 2014-2020<\/h4>\n<p>Program Operacyjny Pomoc \u017bywno\u015bciowa 2014-2020 przewiduje wsparcie os\u00f3b i rodzin najbardziej potrzebuj\u0105cych poprzez udzielanie im nieodp\u0142atnej pomocy \u017cywno\u015bciowej, bez jakiejkolwiek dyskryminacji i\u00a0 z poszanowaniem godno\u015bci os\u00f3b uprawnionych.<\/p>\n<h5><strong>Kto mo\u017ce skorzysta\u0107 z pomocy w ramach POP\u017b?<\/strong><\/h5>\n<p><span style=\"font-weight: 400;\">Pomoc w ramach programu mog\u0105 otrzyma\u0107 osoby, kt\u00f3re z powodu trudnej sytuacji i niskich dochod\u00f3w nie mog\u0105 zapewni\u0107 sobie odpowiedniego wy\u017cywienia, kt\u00f3rych doch\u00f3d nie przekracza 200% kryterium dochodowego uprawniaj\u0105cego do korzystania z pomocy spo\u0142ecznej:<\/span><\/p>\n<p><span style=\"font-weight: 400;\"><strong>1402<\/strong> &#8211; w przypadku osoby samotnie gospodaruj\u0105cej,<\/span><\/p>\n<p><span style=\"font-weight: 400;\"><strong>1056<\/strong> &#8211; w przypadku osoby w rodzinie<\/span><\/p>\n<p>&nbsp;<\/p>\n<h5><strong>Osoby do otrzymania pomocy \u017cywno\u015bciowej s\u0105 kwalifikowane przez<\/strong><\/h5>\n<ul>\n<li><span style=\"font-weight: 400;\">O\u015brodki Pomocy Spo\u0142ecznej (na podstawie skierowa\u0144)<\/span><\/li>\n<li><span style=\"font-weight: 400;\">Organizacje partnerskie (wy\u0142\u0105cznie osoby bezdomne, na podstawie o\u015bwiadcze\u0144)<\/span><\/li>\n<\/ul>\n<p><span style=\"font-weight: 400;\">Osoby najbardziej potrzebuj\u0105ce powinny zg\u0142osi\u0107 si\u0119 do w\u0142a\u015bciwego ze wzgl\u0119du zamieszkania O\u015brodka Pomocy Spo\u0142ecznej. OPS wydaje skierowanie do otrzymania pomocy \u017cywno\u015bciowej, zawieraj\u0105ce m.in. adres organizacji partnerskiej, zajmuj\u0105cej si\u0119 dystrybucj\u0105 pomocy \u017cywno\u015bciowej lub wpisuje osob\u0119\/rodzin\u0119 na list\u0119 os\u00f3b zakwalifikowanych do pomocy \u017cywno\u015bciowej z POP\u017b.<\/span><\/p>\n<p>&nbsp;<\/p>\n<h5><strong>Co mo\u017cesz otrzyma\u0107?<\/strong><\/h5>\n<p><strong>Zestaw roczny artyku\u0142\u00f3w spo\u017cywczych w POP\u017b Podprogram 2018:<\/strong><\/p>\n<p><span style=\"font-weight: 400;\"><br \/>\n<\/span><span style=\"font-weight: 400;\">\u2022 Kabanosy wieprzowe 0,36 kg (3 opak.)<\/span><\/p>\n<p><span style=\"font-weight: 400;\">\u2022 Mi\u00f3d nektarowy wielokwiatowy 0,4 kg (1 opak.)<\/span><\/p>\n<p><span style=\"font-weight: 400;\">\u2022 Olej rzepakowy 4,0l (4 opak.)\u2022 Cukier bia\u0142y 4,0 kg (4 opak.)<\/span><\/p>\n<p><span style=\"font-weight: 400;\">\u2022 Filet z makreli w oleju 1,7 kg (10 opak.)<\/span><\/p>\n<p><span style=\"font-weight: 400;\">\u2022 Pasztet wieprzowy 0,64 kg (4 opak.)<\/span><\/p>\n<p><span style=\"font-weight: 400;\">\u2022 Szynka wieprzowa mielona 2,1 kg (7 opak.)<\/span><\/p>\n<p><span style=\"font-weight: 400;\">\u2022 Szynka drobiowa 3,0 kg (10 opak.)<\/span><\/p>\n<p><span style=\"font-weight: 400;\">\u2022 Go\u0142\u0105bki w sosie pomidorowym 1,6 kg (2 opak.)<\/span><\/p>\n<p><span style=\"font-weight: 400;\">\u2022 Ser podpuszczkowy dojrzewaj\u0105cy 2,4 kg (6 opak.)<\/span><\/p>\n<p><span style=\"font-weight: 400;\">\u2022 Mleko UHT 7,0l (7 opak.)\u2022 Herbatniki ma\u015blane 0,8 kg (4 opak.)<\/span><\/p>\n<p><span style=\"font-weight: 400;\">\u2022 Kasza gryczana 1,5 kg (3 opak.)\u2022 Ry\u017c bia\u0142y 3,0 kg (3 opak.)<\/span><\/p>\n<p><span style=\"font-weight: 400;\">\u2022 Makaron kukurydziany bezglutenowy 0,5 kg (1 opak.)<\/span><\/p>\n<p><span style=\"font-weight: 400;\">\u2022 Makaron jajeczny 4,5 kg (9 opak.)\u2022 Powid\u0142a \u015bliwkowe 1,8 kg (6 opak.)<\/span><\/p>\n<p><span style=\"font-weight: 400;\">\u2022 Buraczki wi\u00f3rki 1,05 kg (3 opak.)<\/span><\/p>\n<p><span style=\"font-weight: 400;\">\u2022 Koncentrat pomidorowy 1,6 kg (10 opak.)<\/span><\/p>\n<p><span style=\"font-weight: 400;\">\u2022 Fasola bia\u0142a 3,6 kg (9 opak.)<\/span><\/p>\n<p><span style=\"font-weight: 400;\">\u2022 Groszek z marchewk\u0105 3,6 kg (9 opak.)<\/span><\/p>\n<p>Jednorazowa paczka zawiera minimum trzy r\u00f3\u017cne produkty.<\/p>\n<p>&nbsp;<\/p>\n<h5>Lista plac\u00f3wek kwalifikuj\u0105cych do otrzymania pomocy<\/h5>\n<p><a href=\"http:\/\/caritas.diecezja.wloclawek.pl\/wp-content\/uploads\/2019\/04\/Lista-plac\u00f3wek.pdf\">TUTAJ<\/a><\/p>\n<p>&nbsp;<\/p>\n<h5>Harmonogram planowanych warsztat\u00f3w w ramach dzia\u0142a\u0144 towarzysz\u0105cych<\/h5>\n<p><a href=\"http:\/\/caritas.diecezja.wloclawek.pl\/wp-content\/uploads\/2019\/04\/Harmonogram-warsztaty.pdf\">ZOBACZ HARMONOGRAM<\/a><\/p>\n<p>&nbsp;<\/p>\n<h5>Za\u0142\u0105czniki<\/h5>\n<p><a href=\"http:\/\/caritas.diecezja.wloclawek.pl\/wp-content\/uploads\/2019\/04\/Za\u0142\u0105cznik_nr_1-1.xls\">Dokument nr 1<\/a> &#8211; Lista os\u00f3b zakwalifikowanych do otrzymania pomocy \u017cywno\u015bciowej w ramach Programu Operacyjnego Pomoc \u017bywno\u015bciowa 2014-2020<\/p>\n<p><a href=\"http:\/\/caritas.diecezja.wloclawek.pl\/wp-content\/uploads\/2019\/04\/Za\u0142\u0105cznik_nr_2.xlsx\">Dokument nr 2<\/a> &#8211; Ewidencja wydania artyku\u0142\u00f3w spo\u017cywczych w formie paczek \u017cywno\u015bciowych osobom najbardziej potrzebuj\u0105cych w ramach\u00a0Programu Operacyjnego Pomoc \u017bywno\u015bciowa 2014-2020<\/p>\n<p><a href=\"http:\/\/caritas.diecezja.wloclawek.pl\/wp-content\/uploads\/2019\/04\/Zestaw_roczny_2018.xlsx\">Dokument nr 3<\/a> &#8211; Zestaw roczny do podprogramu 2018 wsp\u00f3\u0142finansowanego z Europejskiego Funduszu Pomocy Najbardziej Potrzebuj\u0105cym Podprogram 2018<\/p>\n<p>&nbsp;<\/p>\n<p><a href=\"http:\/\/caritas.diecezja.wloclawek.pl\/wp-content\/uploads\/2019\/04\/plakat.jpg\"><img loading=\"lazy\" class=\"aligncenter size-full wp-image-953\" src=\"http:\/\/caritas.diecezja.wloclawek.pl\/wp-content\/uploads\/2019\/04\/plakat.jpg\" alt=\"\" width=\"414\" height=\"568\" srcset=\"http:\/\/caritas.diecezja.wloclawek.pl\/wp-content\/uploads\/2019\/04\/plakat.jpg 414w, http:\/\/caritas.diecezja.wloclawek.pl\/wp-content\/uploads\/2019\/04\/plakat-219x300.jpg 219w\" sizes=\"(max-width: 414px) 100vw, 414px\" \/><\/a><\/p>\n","protected":false},"excerpt":{"rendered":"<p>&#46;&#46;&#46;<\/p>\n","protected":false},"author":1,"featured_media":957,"comment_status":"open","ping_status":"open","sticky":false,"template":"","format":"standard","meta":[],"categories":[2],"tags":[],"_links":{"self":[{"href":"http:\/\/caritas.diecezja.wloclawek.pl\/index.php?rest_route=\/wp\/v2\/posts\/932"}],"collection":[{"href":"http:\/\/caritas.diecezja.wloclawek.pl\/index.php?rest_route=\/wp\/v2\/posts"}],"about":[{"href":"http:\/\/caritas.diecezja.wloclawek.pl\/index.php?rest_route=\/wp\/v2\/types\/post"}],"author":[{"embeddable":true,"href":"http:\/\/caritas.diecezja.wloclawek.pl\/index.php?rest_route=\/wp\/v2\/users\/1"}],"replies":[{"embeddable":true,"href":"http:\/\/caritas.diecezja.wloclawek.pl\/index.php?rest_route=%2Fwp%2Fv2%2Fcomments&post=932"}],"version-history":[{"count":16,"href":"http:\/\/caritas.diecezja.wloclawek.pl\/index.php?rest_route=\/wp\/v2\/posts\/932\/revisions"}],"predecessor-version":[{"id":959,"href":"http:\/\/caritas.diecezja.wloclawek.pl\/index.php?rest_route=\/wp\/v2\/posts\/932\/revisions\/959"}],"wp:featuredmedia":[{"embeddable":true,"href":"http:\/\/caritas.diecezja.wloclawek.pl\/index.php?rest_route=\/wp\/v2\/media\/957"}],"wp:attachment":[{"href":"http:\/\/caritas.diecezja.wloclawek.pl\/index.php?rest_route=%2Fwp%2Fv2%2Fmedia&parent=932"}],"wp:term":[{"taxonomy":"category","embeddable":true,"href":"http:\/\/caritas.diecezja.wloclawek.pl\/index.php?rest_route=%2Fwp%2Fv2%2Fcategories&post=932"},{"taxonomy":"post_tag","embeddable":true,"href":"http:\/\/caritas.diecezja.wloclawek.pl\/index.php?rest_route=%2Fwp%2Fv2%2Ftags&post=932"}],"curies":[{"name":"wp","href":"https:\/\/api.w.org\/{rel}","templated":true}]}}