{"id":860,"date":"2018-07-04T22:40:50","date_gmt":"2018-07-04T21:40:50","guid":{"rendered":"http:\/\/caritas.diecezja.wloclawek.pl\/?p=860"},"modified":"2019-05-15T04:43:26","modified_gmt":"2019-05-15T03:43:26","slug":"podprogram-2017-podsumowani","status":"publish","type":"post","link":"http:\/\/caritas.diecezja.wloclawek.pl\/?p=860","title":{"rendered":"Podprogram 2017 &#8211; podsumowanie"},"content":{"rendered":"<p><span style=\"font-weight: 400;\">Caritas Diecezji W\u0142oc\u0142awskiej zako\u0144czy\u0142a wydawanie \u017cywno\u015bci w ramach <\/span><span style=\"font-weight: 400;\">Programu Operacyjnego Pomoc \u017bywno\u015bciowa 2014-2020 (Podprogram 2017), wsp\u00f3\u0142finansowanego ze \u015brodk\u00f3w Unii Europejskiej w ramach <\/span><span style=\"font-weight: 400;\">Europejskiego Funduszu Pomocy Najbardziej Potrzebuj\u0105cym. <\/span><\/p>\n<p><span style=\"font-weight: 400;\">Od sierpnia 2017 r. 894 tony artyku\u0142\u00f3w spo\u017cywczych o warto\u015bci 4.425.762,36 z\u0142\u00a0 trafi\u0142o do 18 839 os\u00f3b ubogich zakwalifikowanych do programu przez O\u015brodki Pomocy Spo\u0142ecznej. Osoby najbardziej potrzebuj\u0105ce otrzyma\u0142y mi\u0119dzy innymi cukier, mleko, mi\u00f3d, ser, ry\u017c, makaron, olej rzepakowy, powid\u0142a \u015bliwkowe, koncentrat pomidorowy, pasztet, szynka, fasola bia\u0142a, kabanosy, marchewka z groszkiem, szynk\u0119 drobiow\u0105, puszki wieprzowe oraz<\/span><span style=\"font-weight: 400;\"> herbatniki.<\/span><\/p>\n<p><span style=\"font-weight: 400;\"><br \/>\nW Podprogramie 2017 w ramach \u015brodk\u00f3w towarzysz\u0105cych zorganizowano 116 warsztat\u00f3w z zakresu edukacji ekonomicznej i zdrowego \u017cywienia. W warsztatach wzi\u0119\u0142o udzia\u0142 1938 os\u00f3b spo\u015br\u00f3d os\u00f3b zakwalifikowanych do otrzymania pomocy \u017cywno\u015bciowej.<\/span><\/p>\n<p><span style=\"font-weight: 400;\">Nowy podprogram rozpocznie si\u0119 na jesieni 2018 r.<\/span><\/p>\n<p>&nbsp;<\/p>\n<p><a href=\"http:\/\/caritas.diecezja.wloclawek.pl\/wp-content\/uploads\/2018\/07\/Harmonogram-warsztat\u00f3w-2017.docx\">Harmonogram warsztat\u00f3w 2017 r.<\/a><\/p>\n<p>&nbsp;<\/p>\n","protected":false},"excerpt":{"rendered":"<p>&#46;&#46;&#46;<\/p>\n","protected":false},"author":1,"featured_media":858,"comment_status":"open","ping_status":"open","sticky":false,"template":"","format":"standard","meta":[],"categories":[2],"tags":[],"_links":{"self":[{"href":"http:\/\/caritas.diecezja.wloclawek.pl\/index.php?rest_route=\/wp\/v2\/posts\/860"}],"collection":[{"href":"http:\/\/caritas.diecezja.wloclawek.pl\/index.php?rest_route=\/wp\/v2\/posts"}],"about":[{"href":"http:\/\/caritas.diecezja.wloclawek.pl\/index.php?rest_route=\/wp\/v2\/types\/post"}],"author":[{"embeddable":true,"href":"http:\/\/caritas.diecezja.wloclawek.pl\/index.php?rest_route=\/wp\/v2\/users\/1"}],"replies":[{"embeddable":true,"href":"http:\/\/caritas.diecezja.wloclawek.pl\/index.php?rest_route=%2Fwp%2Fv2%2Fcomments&post=860"}],"version-history":[{"count":6,"href":"http:\/\/caritas.diecezja.wloclawek.pl\/index.php?rest_route=\/wp\/v2\/posts\/860\/revisions"}],"predecessor-version":[{"id":978,"href":"http:\/\/caritas.diecezja.wloclawek.pl\/index.php?rest_route=\/wp\/v2\/posts\/860\/revisions\/978"}],"wp:featuredmedia":[{"embeddable":true,"href":"http:\/\/caritas.diecezja.wloclawek.pl\/index.php?rest_route=\/wp\/v2\/media\/858"}],"wp:attachment":[{"href":"http:\/\/caritas.diecezja.wloclawek.pl\/index.php?rest_route=%2Fwp%2Fv2%2Fmedia&parent=860"}],"wp:term":[{"taxonomy":"category","embeddable":true,"href":"http:\/\/caritas.diecezja.wloclawek.pl\/index.php?rest_route=%2Fwp%2Fv2%2Fcategories&post=860"},{"taxonomy":"post_tag","embeddable":true,"href":"http:\/\/caritas.diecezja.wloclawek.pl\/index.php?rest_route=%2Fwp%2Fv2%2Ftags&post=860"}],"curies":[{"name":"wp","href":"https:\/\/api.w.org\/{rel}","templated":true}]}}