{"id":84,"date":"2016-12-25T22:19:18","date_gmt":"2016-12-25T21:19:18","guid":{"rendered":"http:\/\/caritas.diecezja.wloclawek.pl\/?p=84"},"modified":"2017-09-28T22:21:33","modified_gmt":"2017-09-28T21:21:33","slug":"rodzina-rodzinie-pomoc-dla-ofiar-konfliktu-syryjskiego-informacje","status":"publish","type":"post","link":"http:\/\/caritas.diecezja.wloclawek.pl\/?p=84","title":{"rendered":"Rodzina Rodzinie &#8211; pomoc dla ofiar konfliktu syryjskiego (informacje)"},"content":{"rendered":"<p><a href=\"http:\/\/www.rodzinarodzinie.caritas.pl\/\">www.rodzinarodzinie.caritas.pl<\/a>\u00a0&#8211;\u00a0<strong>Serwis spersonalizowanej pomocy dla ofiar konfliktu syryjskiego<\/strong><\/p>\n<p>Program Rodzina Rodzinie polega na obj\u0119ciu wsparciem rodzin poszkodowanych w wyniku konfliktu zbrojnego w Syrii przez osoby, rodziny, wsp\u00f3lnoty, parafie, diecezje oraz zgromadzenia zakonne w Polsce. Chcieliby\u015bmy pomoc uczyni\u0107 spersonalizowan\u0105 w nawi\u0105zaniu do tego co m\u00f3wi\u0142 Papie\u017c Franciszek: \u201eUchod\u017acy to nie liczby, tylko osoby, kt\u00f3re maj\u0105 twarze, imiona i historie \u017cycia i odpowiednio do tego nale\u017cy ich traktowa\u0107\u201d.<\/p>\n<p>&nbsp;<\/p>\n<p>Komu pomagamy?<br \/>\n1. Potrzebuj\u0105cym Syryjczykom w Aleppo w Syrii<br \/>\n2. Uchod\u017acom z Syrii w Libanie<br \/>\n3. Ubogim Liba\u0144czykom dotkni\u0119tym kryzysem uchod\u017aczym<\/p>\n<p>Jak mo\u017cna pom\u00f3c?<br \/>\nKa\u017cde \u015brodowisko, wsp\u00f3lnota czy dowolna osoba mo\u017ce wesprze\u0107 rodziny syryjskie i liba\u0144skie za po\u015brednictwem strony internetowej <a href=\"http:\/\/www.rodzinarodzinie.caritas.pl\/\">www.rodzinarodzinie.caritas.pl<\/a><br \/>\nNa stronie internetowej, w sekcji RODZINY OCZEKUJ\u0104CE NA WSPARCIE przedstawione s\u0105 dwie rodziny:<br \/>\n&#8211; pierwsz\u0105 rodzin\u0119 mo\u017cna wesprze\u0107 przekazuj\u0105c dowoln\u0105, sta\u0142\u0105 kwot\u0119 przez okres sze\u015bciu miesi\u0119cy, w\u0142\u0105czaj\u0105c si\u0119 do zbi\u00f3rki na rzecz rodziny wraz z innymi darczy\u0144cami. Przy tej rodzinie widzimy ko\u0142o wykresu informuj\u0105ce, ile \u015brodk\u00f3w potrzeba do obj\u0119cia rodziny systematyczn\u0105 pomoc\u0105. Opcja te dedykowana jest darczy\u0144com indywidualnym.<br \/>\n&#8211; drug\u0105 rodzin\u0119 mo\u017cna obj\u0105\u0107 pomoc\u0105 ca\u0142o\u015bciow\u0105 zostaj\u0105c jej patronem przez 6 miesi\u0119cy, pokrywaj\u0105c w ca\u0142o\u015bci potrzebny jej bud\u017cet. Opcja ta dedykowana jest parafiom, wsp\u00f3lnotom, instytucjom.<\/p>\n<p>Po wyborze rodziny nale\u017cy wype\u0142ni\u0107 deklaracj\u0119 pomocy finansowej zobowi\u0105zuj\u0105c\u0105 do przekazywania konkretnych kwot przez okres 6 miesi\u0119cy. Do godziny czasu po wype\u0142nieniu ankiety na wskazany w deklaracji mail przyjdzie korespondencja informuj\u0105ca o sposobie finansowania wybranej rodziny.<br \/>\nOpr\u00f3cz zobowi\u0105zania do wsparcia wybranej rodziny przez okres 6 miesi\u0119cy mo\u017cna wykona\u0107 Gest Solidarno\u015bci \u2013 czyli dokona\u0107 jednorazowej wp\u0142aty w dowolnej wysoko\u015bci. Wp\u0142ata ta zostanie przeznaczona na uzupe\u0142nienie brakuj\u0105cych \u015brodk\u00f3w dla rodzin lub obj\u0119cie pomoc\u0105 kolejnych poszkodowanych.<\/p>\n<p><strong>Wp\u0142at mo\u017cna dokona\u0107 tak\u017ce na konto Caritas Diecezji W\u0142oc\u0142awskiej \u2013 nr konta: 36 1020 5170 0000 1502 0059 7583 &#8211; koniecznie z dopiskiem &#8222;Syria&#8221;.<\/strong><\/p>\n<p>Na stronie <a href=\"http:\/\/www.rodzinarodzinie.caritas.pl\/\">www.rodzinarodzinie.caritas.pl<\/a> znajduj\u0105 si\u0119 dwie listy rodzin: oczekuj\u0105ce na wsparcie oraz wspierane. Mo\u017cna przeczyta\u0107 ich kr\u00f3tki opis, zobaczy\u0107 zdj\u0119cia oraz pozna\u0107 skal\u0119 potrzeb.<br \/>\nW dolnej cz\u0119\u015bci strony znajduje si\u0119 sekcja darczy\u0144c\u00f3w, w kt\u00f3rej mo\u017cemy zobaczy\u0107 list\u0119 os\u00f3b indywidualnych i instytucjonalnych tworz\u0105cych wsp\u00f3lnot\u0119 darczy\u0144c\u00f3w.<br \/>\nNa stronie internetowej znajduj\u0105 si\u0119 tak\u017ce informacje dotycz\u0105ce sytuacji humanitarnej w Syrii oraz sytuacji uchod\u017ac\u00f3w syryjskich w Libanie.<br \/>\nOsobn\u0105 sekcj\u0119 stanowi zbi\u00f3r dokument\u00f3w nauczania Ko\u015bcio\u0142a dotycz\u0105cy kwestii uchod\u017ac\u00f3w i migrant\u00f3w.<\/p>\n","protected":false},"excerpt":{"rendered":"<p>&#46;&#46;&#46;<\/p>\n","protected":false},"author":1,"featured_media":85,"comment_status":"open","ping_status":"open","sticky":false,"template":"","format":"standard","meta":[],"categories":[2],"tags":[],"_links":{"self":[{"href":"http:\/\/caritas.diecezja.wloclawek.pl\/index.php?rest_route=\/wp\/v2\/posts\/84"}],"collection":[{"href":"http:\/\/caritas.diecezja.wloclawek.pl\/index.php?rest_route=\/wp\/v2\/posts"}],"about":[{"href":"http:\/\/caritas.diecezja.wloclawek.pl\/index.php?rest_route=\/wp\/v2\/types\/post"}],"author":[{"embeddable":true,"href":"http:\/\/caritas.diecezja.wloclawek.pl\/index.php?rest_route=\/wp\/v2\/users\/1"}],"replies":[{"embeddable":true,"href":"http:\/\/caritas.diecezja.wloclawek.pl\/index.php?rest_route=%2Fwp%2Fv2%2Fcomments&post=84"}],"version-history":[{"count":1,"href":"http:\/\/caritas.diecezja.wloclawek.pl\/index.php?rest_route=\/wp\/v2\/posts\/84\/revisions"}],"predecessor-version":[{"id":86,"href":"http:\/\/caritas.diecezja.wloclawek.pl\/index.php?rest_route=\/wp\/v2\/posts\/84\/revisions\/86"}],"wp:featuredmedia":[{"embeddable":true,"href":"http:\/\/caritas.diecezja.wloclawek.pl\/index.php?rest_route=\/wp\/v2\/media\/85"}],"wp:attachment":[{"href":"http:\/\/caritas.diecezja.wloclawek.pl\/index.php?rest_route=%2Fwp%2Fv2%2Fmedia&parent=84"}],"wp:term":[{"taxonomy":"category","embeddable":true,"href":"http:\/\/caritas.diecezja.wloclawek.pl\/index.php?rest_route=%2Fwp%2Fv2%2Fcategories&post=84"},{"taxonomy":"post_tag","embeddable":true,"href":"http:\/\/caritas.diecezja.wloclawek.pl\/index.php?rest_route=%2Fwp%2Fv2%2Ftags&post=84"}],"curies":[{"name":"wp","href":"https:\/\/api.w.org\/{rel}","templated":true}]}}