{"id":8199,"date":"2024-04-07T13:50:59","date_gmt":"2024-04-07T12:50:59","guid":{"rendered":"http:\/\/caritas.diecezja.wloclawek.pl\/?p=8199"},"modified":"2024-04-07T13:50:59","modified_gmt":"2024-04-07T12:50:59","slug":"rozpoczynamy-80-tydzien-milosierdzia","status":"publish","type":"post","link":"http:\/\/caritas.diecezja.wloclawek.pl\/?p=8199","title":{"rendered":"Rozpoczynamy 80. Tydzie\u0144 Mi\u0142osierdzia"},"content":{"rendered":"<div dir=\"auto\"><em><strong>B\u00f3g pragnie mi\u0142o\u015bci, kt\u00f3ra wyra\u017ca si\u0119 przez mi\u0142o\u015b\u0107 bli\u017aniego<\/strong><\/em> \u2013 napisa\u0142 bp Wies\u0142aw Szlachetka, przewodnicz\u0105cy Komisji Charytatywnej Konferencji Episkopatu Polski w s\u0142owie na przypadaj\u0105c\u0105 7 kwietnia Niedziel\u0119 Bo\u017cego Mi\u0142osierdzia. Dzie\u0144 ten jest \u015bwi\u0119tem patronalnym Caritas i rozpoczyna Tydzie\u0144 Mi\u0142osierdzia.<\/div>\n<div dir=\"auto\"><\/div>\n<div dir=\"auto\">Celem Tygodnia Mi\u0142osierdzia jest przede wszystkim formacja \u2013 budzenie wra\u017cliwo\u015bci na potrzeby bli\u017anich: chorych, samotnych, bezrobotnych, bezdomnych i prze\u015bladowanych. Obchody s\u0105 okazj\u0105 do g\u0142\u0119bszej refleksji na temat mi\u0142osierdzia czynionego na co dzie\u0144, s\u0142u\u017c\u0105 tak\u017ce prezentacji pracy, jak\u0105 r\u00f3\u017cne organizacje charytatywne wykonuj\u0105 na polu pomocy charytatywnej i s\u0105 zach\u0119t\u0105 do aktywnego w\u0142\u0105czania si\u0119 w dzie\u0142a mi\u0142osierdzia.<\/div>\n<div dir=\"auto\"><\/div>\n<div dir=\"auto\">Zapraszamy do wykorzystania rozwa\u017ca\u0144 na poszczeg\u00f3lne dni Tygodnia Mi\u0142osierdzia przygotowane przez Caritas Polska:<\/div>\n<div dir=\"auto\"><a href=\"http:\/\/caritas.diecezja.wloclawek.pl\/wp-content\/uploads\/2024\/04\/Rozwazania_na_80_Tydzien-Milosierdzia_2024.pdf\" target=\"_blank\" rel=\"noopener\">Rozwazania_na_80_Tydzien-Milosierdzia_2024<\/a><\/div>\n<div dir=\"auto\"><\/div>\n<div dir=\"auto\">\n\n\t\t<style type=\"text\/css\">\n\t\t\t#gallery-1 {\n\t\t\t\tmargin: auto;\n\t\t\t}\n\t\t\t#gallery-1 .gallery-item {\n\t\t\t\tfloat: left;\n\t\t\t\tmargin-top: 10px;\n\t\t\t\ttext-align: center;\n\t\t\t\twidth: 12%;\n\t\t\t}\n\t\t\t#gallery-1 img {\n\t\t\t\tborder: 2px solid #cfcfcf;\n\t\t\t}\n\t\t\t#gallery-1 .gallery-caption {\n\t\t\t\tmargin-left: 0;\n\t\t\t}\n\t\t\t\/* see gallery_shortcode() in wp-includes\/media.php *\/\n\t\t<\/style>\n\t\t<div id='gallery-1' class='gallery galleryid-8199 gallery-columns-8 gallery-size-thumbnail'><dl class='gallery-item'>\n\t\t\t<dt class='gallery-icon portrait'>\n\t\t\t\t<a href='http:\/\/caritas.diecezja.wloclawek.pl\/?attachment_id=8201'><img width=\"150\" height=\"150\" src=\"http:\/\/caritas.diecezja.wloclawek.pl\/wp-content\/uploads\/2024\/04\/Rozwazania_na_80_Tydzien-Milosierdzia_2024_page-0002-150x150.jpg\" class=\"attachment-thumbnail size-thumbnail\" alt=\"\" loading=\"lazy\" srcset=\"http:\/\/caritas.diecezja.wloclawek.pl\/wp-content\/uploads\/2024\/04\/Rozwazania_na_80_Tydzien-Milosierdzia_2024_page-0002-150x150.jpg 150w, http:\/\/caritas.diecezja.wloclawek.pl\/wp-content\/uploads\/2024\/04\/Rozwazania_na_80_Tydzien-Milosierdzia_2024_page-0002-80x80.jpg 80w, http:\/\/caritas.diecezja.wloclawek.pl\/wp-content\/uploads\/2024\/04\/Rozwazania_na_80_Tydzien-Milosierdzia_2024_page-0002-320x320.jpg 320w\" sizes=\"(max-width: 150px) 100vw, 150px\" \/><\/a>\n\t\t\t<\/dt><\/dl><dl class='gallery-item'>\n\t\t\t<dt class='gallery-icon portrait'>\n\t\t\t\t<a href='http:\/\/caritas.diecezja.wloclawek.pl\/?attachment_id=8202'><img width=\"150\" height=\"150\" src=\"http:\/\/caritas.diecezja.wloclawek.pl\/wp-content\/uploads\/2024\/04\/Rozwazania_na_80_Tydzien-Milosierdzia_2024_page-0003-150x150.jpg\" class=\"attachment-thumbnail size-thumbnail\" alt=\"\" loading=\"lazy\" srcset=\"http:\/\/caritas.diecezja.wloclawek.pl\/wp-content\/uploads\/2024\/04\/Rozwazania_na_80_Tydzien-Milosierdzia_2024_page-0003-150x150.jpg 150w, http:\/\/caritas.diecezja.wloclawek.pl\/wp-content\/uploads\/2024\/04\/Rozwazania_na_80_Tydzien-Milosierdzia_2024_page-0003-80x80.jpg 80w, http:\/\/caritas.diecezja.wloclawek.pl\/wp-content\/uploads\/2024\/04\/Rozwazania_na_80_Tydzien-Milosierdzia_2024_page-0003-320x320.jpg 320w\" sizes=\"(max-width: 150px) 100vw, 150px\" \/><\/a>\n\t\t\t<\/dt><\/dl><dl class='gallery-item'>\n\t\t\t<dt class='gallery-icon portrait'>\n\t\t\t\t<a href='http:\/\/caritas.diecezja.wloclawek.pl\/?attachment_id=8203'><img width=\"150\" height=\"150\" src=\"http:\/\/caritas.diecezja.wloclawek.pl\/wp-content\/uploads\/2024\/04\/Rozwazania_na_80_Tydzien-Milosierdzia_2024_page-0004-150x150.jpg\" class=\"attachment-thumbnail size-thumbnail\" alt=\"\" loading=\"lazy\" srcset=\"http:\/\/caritas.diecezja.wloclawek.pl\/wp-content\/uploads\/2024\/04\/Rozwazania_na_80_Tydzien-Milosierdzia_2024_page-0004-150x150.jpg 150w, http:\/\/caritas.diecezja.wloclawek.pl\/wp-content\/uploads\/2024\/04\/Rozwazania_na_80_Tydzien-Milosierdzia_2024_page-0004-80x80.jpg 80w, http:\/\/caritas.diecezja.wloclawek.pl\/wp-content\/uploads\/2024\/04\/Rozwazania_na_80_Tydzien-Milosierdzia_2024_page-0004-320x320.jpg 320w\" sizes=\"(max-width: 150px) 100vw, 150px\" \/><\/a>\n\t\t\t<\/dt><\/dl><dl class='gallery-item'>\n\t\t\t<dt class='gallery-icon portrait'>\n\t\t\t\t<a href='http:\/\/caritas.diecezja.wloclawek.pl\/?attachment_id=8204'><img width=\"150\" height=\"150\" src=\"http:\/\/caritas.diecezja.wloclawek.pl\/wp-content\/uploads\/2024\/04\/Rozwazania_na_80_Tydzien-Milosierdzia_2024_page-0005-150x150.jpg\" class=\"attachment-thumbnail size-thumbnail\" alt=\"\" loading=\"lazy\" srcset=\"http:\/\/caritas.diecezja.wloclawek.pl\/wp-content\/uploads\/2024\/04\/Rozwazania_na_80_Tydzien-Milosierdzia_2024_page-0005-150x150.jpg 150w, http:\/\/caritas.diecezja.wloclawek.pl\/wp-content\/uploads\/2024\/04\/Rozwazania_na_80_Tydzien-Milosierdzia_2024_page-0005-80x80.jpg 80w, http:\/\/caritas.diecezja.wloclawek.pl\/wp-content\/uploads\/2024\/04\/Rozwazania_na_80_Tydzien-Milosierdzia_2024_page-0005-320x320.jpg 320w\" sizes=\"(max-width: 150px) 100vw, 150px\" \/><\/a>\n\t\t\t<\/dt><\/dl><dl class='gallery-item'>\n\t\t\t<dt class='gallery-icon portrait'>\n\t\t\t\t<a href='http:\/\/caritas.diecezja.wloclawek.pl\/?attachment_id=8205'><img width=\"150\" height=\"150\" src=\"http:\/\/caritas.diecezja.wloclawek.pl\/wp-content\/uploads\/2024\/04\/Rozwazania_na_80_Tydzien-Milosierdzia_2024_page-0001-150x150.jpg\" class=\"attachment-thumbnail size-thumbnail\" alt=\"\" loading=\"lazy\" srcset=\"http:\/\/caritas.diecezja.wloclawek.pl\/wp-content\/uploads\/2024\/04\/Rozwazania_na_80_Tydzien-Milosierdzia_2024_page-0001-150x150.jpg 150w, http:\/\/caritas.diecezja.wloclawek.pl\/wp-content\/uploads\/2024\/04\/Rozwazania_na_80_Tydzien-Milosierdzia_2024_page-0001-80x80.jpg 80w, http:\/\/caritas.diecezja.wloclawek.pl\/wp-content\/uploads\/2024\/04\/Rozwazania_na_80_Tydzien-Milosierdzia_2024_page-0001-320x320.jpg 320w\" sizes=\"(max-width: 150px) 100vw, 150px\" \/><\/a>\n\t\t\t<\/dt><\/dl><dl class='gallery-item'>\n\t\t\t<dt class='gallery-icon portrait'>\n\t\t\t\t<a href='http:\/\/caritas.diecezja.wloclawek.pl\/?attachment_id=8206'><img width=\"150\" height=\"150\" src=\"http:\/\/caritas.diecezja.wloclawek.pl\/wp-content\/uploads\/2024\/04\/Rozwazania_na_80_Tydzien-Milosierdzia_2024_page-0006-150x150.jpg\" class=\"attachment-thumbnail size-thumbnail\" alt=\"\" loading=\"lazy\" srcset=\"http:\/\/caritas.diecezja.wloclawek.pl\/wp-content\/uploads\/2024\/04\/Rozwazania_na_80_Tydzien-Milosierdzia_2024_page-0006-150x150.jpg 150w, http:\/\/caritas.diecezja.wloclawek.pl\/wp-content\/uploads\/2024\/04\/Rozwazania_na_80_Tydzien-Milosierdzia_2024_page-0006-80x80.jpg 80w, http:\/\/caritas.diecezja.wloclawek.pl\/wp-content\/uploads\/2024\/04\/Rozwazania_na_80_Tydzien-Milosierdzia_2024_page-0006-320x320.jpg 320w\" sizes=\"(max-width: 150px) 100vw, 150px\" \/><\/a>\n\t\t\t<\/dt><\/dl><dl class='gallery-item'>\n\t\t\t<dt class='gallery-icon portrait'>\n\t\t\t\t<a href='http:\/\/caritas.diecezja.wloclawek.pl\/?attachment_id=8207'><img width=\"150\" height=\"150\" src=\"http:\/\/caritas.diecezja.wloclawek.pl\/wp-content\/uploads\/2024\/04\/Rozwazania_na_80_Tydzien-Milosierdzia_2024_page-0007-150x150.jpg\" class=\"attachment-thumbnail size-thumbnail\" alt=\"\" loading=\"lazy\" srcset=\"http:\/\/caritas.diecezja.wloclawek.pl\/wp-content\/uploads\/2024\/04\/Rozwazania_na_80_Tydzien-Milosierdzia_2024_page-0007-150x150.jpg 150w, http:\/\/caritas.diecezja.wloclawek.pl\/wp-content\/uploads\/2024\/04\/Rozwazania_na_80_Tydzien-Milosierdzia_2024_page-0007-80x80.jpg 80w, http:\/\/caritas.diecezja.wloclawek.pl\/wp-content\/uploads\/2024\/04\/Rozwazania_na_80_Tydzien-Milosierdzia_2024_page-0007-320x320.jpg 320w\" sizes=\"(max-width: 150px) 100vw, 150px\" \/><\/a>\n\t\t\t<\/dt><\/dl><dl class='gallery-item'>\n\t\t\t<dt class='gallery-icon portrait'>\n\t\t\t\t<a href='http:\/\/caritas.diecezja.wloclawek.pl\/?attachment_id=8208'><img width=\"150\" height=\"150\" src=\"http:\/\/caritas.diecezja.wloclawek.pl\/wp-content\/uploads\/2024\/04\/Rozwazania_na_80_Tydzien-Milosierdzia_2024_page-0008-150x150.jpg\" class=\"attachment-thumbnail size-thumbnail\" alt=\"\" loading=\"lazy\" srcset=\"http:\/\/caritas.diecezja.wloclawek.pl\/wp-content\/uploads\/2024\/04\/Rozwazania_na_80_Tydzien-Milosierdzia_2024_page-0008-150x150.jpg 150w, http:\/\/caritas.diecezja.wloclawek.pl\/wp-content\/uploads\/2024\/04\/Rozwazania_na_80_Tydzien-Milosierdzia_2024_page-0008-80x80.jpg 80w, http:\/\/caritas.diecezja.wloclawek.pl\/wp-content\/uploads\/2024\/04\/Rozwazania_na_80_Tydzien-Milosierdzia_2024_page-0008-320x320.jpg 320w\" sizes=\"(max-width: 150px) 100vw, 150px\" \/><\/a>\n\t\t\t<\/dt><\/dl><br style=\"clear: both\" \/>\n\t\t<\/div>\n\n<\/div>\n","protected":false},"excerpt":{"rendered":"<p>&#46;&#46;&#46;<\/p>\n","protected":false},"author":2,"featured_media":8200,"comment_status":"closed","ping_status":"closed","sticky":false,"template":"","format":"standard","meta":[],"categories":[2],"tags":[],"_links":{"self":[{"href":"http:\/\/caritas.diecezja.wloclawek.pl\/index.php?rest_route=\/wp\/v2\/posts\/8199"}],"collection":[{"href":"http:\/\/caritas.diecezja.wloclawek.pl\/index.php?rest_route=\/wp\/v2\/posts"}],"about":[{"href":"http:\/\/caritas.diecezja.wloclawek.pl\/index.php?rest_route=\/wp\/v2\/types\/post"}],"author":[{"embeddable":true,"href":"http:\/\/caritas.diecezja.wloclawek.pl\/index.php?rest_route=\/wp\/v2\/users\/2"}],"replies":[{"embeddable":true,"href":"http:\/\/caritas.diecezja.wloclawek.pl\/index.php?rest_route=%2Fwp%2Fv2%2Fcomments&post=8199"}],"version-history":[{"count":1,"href":"http:\/\/caritas.diecezja.wloclawek.pl\/index.php?rest_route=\/wp\/v2\/posts\/8199\/revisions"}],"predecessor-version":[{"id":8210,"href":"http:\/\/caritas.diecezja.wloclawek.pl\/index.php?rest_route=\/wp\/v2\/posts\/8199\/revisions\/8210"}],"wp:featuredmedia":[{"embeddable":true,"href":"http:\/\/caritas.diecezja.wloclawek.pl\/index.php?rest_route=\/wp\/v2\/media\/8200"}],"wp:attachment":[{"href":"http:\/\/caritas.diecezja.wloclawek.pl\/index.php?rest_route=%2Fwp%2Fv2%2Fmedia&parent=8199"}],"wp:term":[{"taxonomy":"category","embeddable":true,"href":"http:\/\/caritas.diecezja.wloclawek.pl\/index.php?rest_route=%2Fwp%2Fv2%2Fcategories&post=8199"},{"taxonomy":"post_tag","embeddable":true,"href":"http:\/\/caritas.diecezja.wloclawek.pl\/index.php?rest_route=%2Fwp%2Fv2%2Ftags&post=8199"}],"curies":[{"name":"wp","href":"https:\/\/api.w.org\/{rel}","templated":true}]}}