{"id":8193,"date":"2024-04-05T11:39:30","date_gmt":"2024-04-05T10:39:30","guid":{"rendered":"http:\/\/caritas.diecezja.wloclawek.pl\/?p=8193"},"modified":"2024-04-05T11:39:30","modified_gmt":"2024-04-05T10:39:30","slug":"podsumowanie","status":"publish","type":"post","link":"http:\/\/caritas.diecezja.wloclawek.pl\/?p=8193","title":{"rendered":"PODSUMOWANIE"},"content":{"rendered":"<p>Rozpocz\u0119ta w po\u0142owie lutego &#8222;Wielkopostna licytacja Caritas dla misji&#8221; dobieg\u0142a ko\u0144ca. Wszystkie wylicytowane przedmioty trafi\u0142y do nowych w\u0142a\u015bcicieli, a my podsumowali\u015bmy zbi\u00f3rk\u0119.<\/p>\n<div dir=\"auto\">Oficjalnie ju\u017c mo\u017cemy og\u0142osi\u0107, \u017ce podczas &#8222;Wielkopostnej licytacji Caritas dla misji&#8221; uda\u0142o si\u0119 nam zebra\u0107 1 270 z\u0142!\u00a0Serdecznie dzi\u0119kujemy wszystkim, kt\u00f3rzy w\u0142\u0105czyli si\u0119 w nasz\u0105 akcj\u0119 i dorzucili swoje &#8222;grosiki&#8221; na pomoc misji <span class=\"x3nfvp2 x1j61x8r x1fcty0u xdj266r xhhsvwb xat24cr xgzva0m xxymvpz xlup9mm x1kky2od\"><img loading=\"lazy\" class=\"xz74otr\" src=\"https:\/\/static.xx.fbcdn.net\/images\/emoji.php\/v9\/t6c\/1\/16\/2764.png\" alt=\"\u2764\" width=\"16\" height=\"16\" \/><\/span><\/div>\n<div dir=\"auto\">Zebrane \u015brodki wp\u0142acili\u015bmy na budow\u0119 studni w Kenii, tak bardzo potrzebn\u0105 tamtejszym dzieciom.<\/div>\n<div dir=\"auto\">Zach\u0119camy r\u00f3wnie\u017c do wsparcia zbi\u00f3rki poprzez udost\u0119pnianie w mediach spo\u0142eczno\u015bciowych oraz wp\u0142acanie symbolicznych z\u0142ot\u00f3wek.<\/div>\n<div dir=\"auto\"><\/div>\n<div dir=\"auto\"><img loading=\"lazy\" class=\"alignnone  wp-image-8195 aligncenter\" src=\"http:\/\/caritas.diecezja.wloclawek.pl\/wp-content\/uploads\/2024\/04\/Dok1-300x130.jpg\" alt=\"\" width=\"972\" height=\"421\" srcset=\"http:\/\/caritas.diecezja.wloclawek.pl\/wp-content\/uploads\/2024\/04\/Dok1-300x130.jpg 300w, http:\/\/caritas.diecezja.wloclawek.pl\/wp-content\/uploads\/2024\/04\/Dok1-1024x445.jpg 1024w, http:\/\/caritas.diecezja.wloclawek.pl\/wp-content\/uploads\/2024\/04\/Dok1-768x334.jpg 768w, http:\/\/caritas.diecezja.wloclawek.pl\/wp-content\/uploads\/2024\/04\/Dok1-1536x667.jpg 1536w, http:\/\/caritas.diecezja.wloclawek.pl\/wp-content\/uploads\/2024\/04\/Dok1-2048x890.jpg 2048w\" sizes=\"(max-width: 972px) 100vw, 972px\" \/><\/div>\n","protected":false},"excerpt":{"rendered":"<p>&#46;&#46;&#46;<\/p>\n","protected":false},"author":2,"featured_media":8194,"comment_status":"closed","ping_status":"closed","sticky":false,"template":"","format":"standard","meta":[],"categories":[2],"tags":[],"_links":{"self":[{"href":"http:\/\/caritas.diecezja.wloclawek.pl\/index.php?rest_route=\/wp\/v2\/posts\/8193"}],"collection":[{"href":"http:\/\/caritas.diecezja.wloclawek.pl\/index.php?rest_route=\/wp\/v2\/posts"}],"about":[{"href":"http:\/\/caritas.diecezja.wloclawek.pl\/index.php?rest_route=\/wp\/v2\/types\/post"}],"author":[{"embeddable":true,"href":"http:\/\/caritas.diecezja.wloclawek.pl\/index.php?rest_route=\/wp\/v2\/users\/2"}],"replies":[{"embeddable":true,"href":"http:\/\/caritas.diecezja.wloclawek.pl\/index.php?rest_route=%2Fwp%2Fv2%2Fcomments&post=8193"}],"version-history":[{"count":2,"href":"http:\/\/caritas.diecezja.wloclawek.pl\/index.php?rest_route=\/wp\/v2\/posts\/8193\/revisions"}],"predecessor-version":[{"id":8197,"href":"http:\/\/caritas.diecezja.wloclawek.pl\/index.php?rest_route=\/wp\/v2\/posts\/8193\/revisions\/8197"}],"wp:featuredmedia":[{"embeddable":true,"href":"http:\/\/caritas.diecezja.wloclawek.pl\/index.php?rest_route=\/wp\/v2\/media\/8194"}],"wp:attachment":[{"href":"http:\/\/caritas.diecezja.wloclawek.pl\/index.php?rest_route=%2Fwp%2Fv2%2Fmedia&parent=8193"}],"wp:term":[{"taxonomy":"category","embeddable":true,"href":"http:\/\/caritas.diecezja.wloclawek.pl\/index.php?rest_route=%2Fwp%2Fv2%2Fcategories&post=8193"},{"taxonomy":"post_tag","embeddable":true,"href":"http:\/\/caritas.diecezja.wloclawek.pl\/index.php?rest_route=%2Fwp%2Fv2%2Ftags&post=8193"}],"curies":[{"name":"wp","href":"https:\/\/api.w.org\/{rel}","templated":true}]}}