{"id":803,"date":"2018-01-16T10:47:36","date_gmt":"2018-01-16T09:47:36","guid":{"rendered":"http:\/\/caritas.diecezja.wloclawek.pl\/?p=803"},"modified":"2018-04-06T22:08:19","modified_gmt":"2018-04-06T21:08:19","slug":"program-operacyjny-pomoc-zywnosciowa-2014-2020-2","status":"publish","type":"post","link":"http:\/\/caritas.diecezja.wloclawek.pl\/?p=803","title":{"rendered":"Program Operacyjny Pomoc \u017bywno\u015bciowa 2014-2020"},"content":{"rendered":"<p><strong>Caritas Polska<\/strong><span style=\"font-weight: 400;\">\u00a0<\/span><span style=\"font-weight: 400;\">po raz kolejny jako jedna z czterech organizacji pozarz\u0105dowych b\u0119dzie realizowa\u0142a <strong>Program Operacyjny Pomoc \u017bywno\u015bciowa 2014-2020<\/strong>, wsp\u00f3\u0142finansowany ze \u015brodk\u00f3w Unii Europejskiej w ramach Europejskiego Funduszu Pomocy Najbardziej Potrzebuj\u0105cym.<\/span><\/p>\n<p><span style=\"font-weight: 400;\">Instytucj\u0105 Zarz\u0105dzaj\u0105c\u0105 w ramach Programu jest Ministerstwo Rodziny Pracy i Polityki Spo\u0142ecznej, a\u00a0Instytucj\u0105 Po\u015brednicz\u0105c\u0105 \u00a0Agencja Rynku Rolnego.<\/span><\/p>\n<p><span style=\"font-weight: 400;\">Program w swoich za\u0142o\u017ceniach przewiduje wsparcie os\u00f3b i rodzin najbardziej potrzebuj\u0105cych w spos\u00f3b trwa\u0142y i intensywny poprzez udzielanie im nieodp\u0142atnej pomocy \u017cywno\u015bciowej bez jakiejkolwiek dyskryminacji i z poszanowaniem godno\u015bci os\u00f3b uprawnionych. Pomoc w ramach Programu udzielana jest osobom, kt\u00f3re z powodu trudnej sytuacji i niskich dochod\u00f3w nie mog\u0105 zapewni\u0107 sobie odpowiedniego wy\u017cywienia, kt\u00f3rych doch\u00f3d nie przekracza 200 % kryterium dochodowego uprawniaj\u0105cego do korzystania z pomocy spo\u0142ecznej tj:<\/span><\/p>\n<ul>\n<li style=\"font-weight: 400;\"><span style=\"font-weight: 400;\">1268 z\u0142 w przypadku osoby samotnie gospodaruj\u0105cej,<\/span><\/li>\n<li style=\"font-weight: 400;\"><span style=\"font-weight: 400;\">1028 z\u0142 w przypadku osoby w rodzinie.<\/span><\/li>\n<\/ul>\n<p><span style=\"font-weight: 400;\">Osoby do otrzymania pomocy \u017cywno\u015bciowej s\u0105 kwalifikowane przez:<\/span><\/p>\n<p><span style=\"font-weight: 400;\">&#8211; o\u015brodki pomocy spo\u0142ecznej,<\/span><\/p>\n<p><span style=\"font-weight: 400;\">&#8211; organizacje partnerskie (wy\u0142\u0105cznie osoby bezdomne).<\/span><\/p>\n<p><span style=\"font-weight: 400;\">Osoby najbardziej potrzebuj\u0105ce powinny zg\u0142osi\u0107 si\u0119\u00a0<\/span><span style=\"font-weight: 400;\">do w\u0142a\u015bciwego dla miejsca zamieszkania o\u015brodka pomocy spo\u0142ecznej.\u00a0<\/span><span style=\"font-weight: 400;\">OPS wydaje skierowanie do otrzymania pomocy \u017cywno\u015bciowej zawieraj\u0105ce m.in. adres organizacji partnerskiej zajmuj\u0105cej si\u0119 dystrybucj\u0105 pomocy \u017cywno\u015bciowej lub wpisuje osob\u0119\/rodzin\u0119 na list\u0119 os\u00f3b zakwalifikowanych do pomocy \u017cywno\u015bciowej z PO P\u017b.<\/span><\/p>\n<p><span style=\"font-weight: 400;\">Ka\u017cdy odbiorca\u00a0pomocy \u017cywno\u015bciowej w trakcie trwania Programu mo\u017ce skorzysta\u0107 z\u00a0tzw. dzia\u0142a\u0144 towarzysz\u0105cych, kt\u00f3re s\u0105 obowi\u0105zkowym elementem programu. Maj\u0105 one na celu wzmacnianie samodzielno\u015bci i kompetencji odbiorc\u00f3w pomocy \u017cywno\u015bciowej w zakresie prowadzenia gospodarstwa domowego. Dzia\u0142ania te mog\u0105 by\u0107 realizowane w formie szkole\u0144 b\u0105d\u017a warsztat\u00f3w przekazuj\u0105cych niezb\u0119dn\u0105 wiedz\u0119 i umiej\u0119tno\u015bci z zakresu przygotowania posi\u0142k\u00f3w, dietetyki oraz zdrowego od\u017cywiania si\u0119, jak r\u00f3wnie\u017c sprawnego zarz\u0105dzania bud\u017cetem domowym i zapobiegania marnowaniu \u017cywno\u015bci. Dzia\u0142ania te s\u0105 prowadzone w spos\u00f3b cykliczny w okresie dystrybucji pomocy \u017cywno\u015bciowej.<\/span><\/p>\n<p><a href=\"http:\/\/caritas.diecezja.wloclawek.pl\/wp-content\/uploads\/2018\/02\/Zalacznik_nr_5_Skierowanie.pdf\">Za\u0142\u0105cznik nr 5- skierowanie format pdf<\/a><\/p>\n<p><a href=\"http:\/\/caritas.diecezja.wloclawek.pl\/wp-content\/uploads\/2018\/02\/Harmonogram-warsztat\u00f3w-w-ramach-dzia\u0142a\u0144-towarzysz\u0105cych-POP\u017b.pdf\">Harmonogram warsztat\u00f3w w ramach dzia\u0142a\u0144 towarzysz\u0105cych POP\u017b<\/a><\/p>\n<p><a href=\"http:\/\/caritas.diecezja.wloclawek.pl\/wp-content\/uploads\/2018\/02\/FEAD-2017-co-mo\u017cesz-otrzyma\u0107.jpg\">Co mo\u017cesz otrzyma\u0107<\/a><\/p>\n<p><a href=\"http:\/\/caritas.diecezja.wloclawek.pl\/wp-content\/uploads\/2018\/02\/Lista-OPL.pdf\">Lista OPL<\/a><\/p>\n<p><a href=\"http:\/\/caritas.diecezja.wloclawek.pl\/wp-content\/uploads\/2018\/02\/Zalacznik_nr_8.xlsx\">Za\u0142\u0105cznik nr 8<\/a><\/p>\n<p>&nbsp;<\/p>\n","protected":false},"excerpt":{"rendered":"<p>&#46;&#46;&#46;<\/p>\n","protected":false},"author":1,"featured_media":858,"comment_status":"open","ping_status":"open","sticky":false,"template":"","format":"standard","meta":[],"categories":[2],"tags":[],"_links":{"self":[{"href":"http:\/\/caritas.diecezja.wloclawek.pl\/index.php?rest_route=\/wp\/v2\/posts\/803"}],"collection":[{"href":"http:\/\/caritas.diecezja.wloclawek.pl\/index.php?rest_route=\/wp\/v2\/posts"}],"about":[{"href":"http:\/\/caritas.diecezja.wloclawek.pl\/index.php?rest_route=\/wp\/v2\/types\/post"}],"author":[{"embeddable":true,"href":"http:\/\/caritas.diecezja.wloclawek.pl\/index.php?rest_route=\/wp\/v2\/users\/1"}],"replies":[{"embeddable":true,"href":"http:\/\/caritas.diecezja.wloclawek.pl\/index.php?rest_route=%2Fwp%2Fv2%2Fcomments&post=803"}],"version-history":[{"count":7,"href":"http:\/\/caritas.diecezja.wloclawek.pl\/index.php?rest_route=\/wp\/v2\/posts\/803\/revisions"}],"predecessor-version":[{"id":815,"href":"http:\/\/caritas.diecezja.wloclawek.pl\/index.php?rest_route=\/wp\/v2\/posts\/803\/revisions\/815"}],"wp:featuredmedia":[{"embeddable":true,"href":"http:\/\/caritas.diecezja.wloclawek.pl\/index.php?rest_route=\/wp\/v2\/media\/858"}],"wp:attachment":[{"href":"http:\/\/caritas.diecezja.wloclawek.pl\/index.php?rest_route=%2Fwp%2Fv2%2Fmedia&parent=803"}],"wp:term":[{"taxonomy":"category","embeddable":true,"href":"http:\/\/caritas.diecezja.wloclawek.pl\/index.php?rest_route=%2Fwp%2Fv2%2Fcategories&post=803"},{"taxonomy":"post_tag","embeddable":true,"href":"http:\/\/caritas.diecezja.wloclawek.pl\/index.php?rest_route=%2Fwp%2Fv2%2Ftags&post=803"}],"curies":[{"name":"wp","href":"https:\/\/api.w.org\/{rel}","templated":true}]}}