{"id":747,"date":"2010-12-23T23:23:30","date_gmt":"2010-12-23T22:23:30","guid":{"rendered":"http:\/\/caritas.diecezja.wloclawek.pl\/?p=747"},"modified":"2017-11-04T23:25:58","modified_gmt":"2017-11-04T22:25:58","slug":"wigilia-u-bezdomnych","status":"publish","type":"post","link":"http:\/\/caritas.diecezja.wloclawek.pl\/?p=747","title":{"rendered":"Wigilia u bezdomnych"},"content":{"rendered":"<p>Dzi\u015b, 23 grudnia, odby\u0142o si\u0119 spotkanie os\u00f3b bezdomnych naszego schroniska z Pasterzem diecezji na Wieczerzy Wigilinej.<\/p>\n<p>Biskup z\u0142o\u017cy\u0142 wszystkim zebranym \u017cyczenia. Bezdomno\u015b\u0107 Jezusa bardzo wsp\u00f3\u0142brzmi dzisiaj z Jego blisko\u015bci\u0105 w\u015br\u00f3d bezdomnych. Blisko\u015b\u0107 ta to \u017ar\u00f3d\u0142o czerpania z Jego obecno\u015bci ciep\u0142a oraz si\u0142 w stawaniu si\u0119 lepszym &#8211; m\u00f3wi\u0142 biskup ordynariusz Wies\u0142aw Mering. \u0141amanie si\u0119 op\u0142atkiem oraz wigilijna wieczerza nie odbiega\u0142y od tradycji. Wsp\u00f3lne kol\u0119dowanie oraz wyst\u0119py solist\u00f3w ubogaci\u0142y ten szczeg\u00f3lny czas.<\/p>\n<p><a href=\"http:\/\/caritas.diecezja.wloclawek.pl\/wp-content\/uploads\/2017\/11\/VVV1.jpg\"><img loading=\"lazy\" class=\"aligncenter  wp-image-748\" src=\"http:\/\/caritas.diecezja.wloclawek.pl\/wp-content\/uploads\/2017\/11\/VVV1-300x199.jpg\" alt=\"\" width=\"375\" height=\"249\" srcset=\"http:\/\/caritas.diecezja.wloclawek.pl\/wp-content\/uploads\/2017\/11\/VVV1-300x199.jpg 300w, http:\/\/caritas.diecezja.wloclawek.pl\/wp-content\/uploads\/2017\/11\/VVV1-768x510.jpg 768w, http:\/\/caritas.diecezja.wloclawek.pl\/wp-content\/uploads\/2017\/11\/VVV1.jpg 800w\" sizes=\"(max-width: 375px) 100vw, 375px\" \/><\/a><\/p>\n<p>&nbsp;<\/p>\n<p><a href=\"http:\/\/caritas.diecezja.wloclawek.pl\/wp-content\/uploads\/2017\/11\/VVV2.jpg\"><img loading=\"lazy\" class=\"aligncenter  wp-image-749\" src=\"http:\/\/caritas.diecezja.wloclawek.pl\/wp-content\/uploads\/2017\/11\/VVV2-199x300.jpg\" alt=\"\" width=\"244\" height=\"368\" srcset=\"http:\/\/caritas.diecezja.wloclawek.pl\/wp-content\/uploads\/2017\/11\/VVV2-199x300.jpg 199w, http:\/\/caritas.diecezja.wloclawek.pl\/wp-content\/uploads\/2017\/11\/VVV2.jpg 531w\" sizes=\"(max-width: 244px) 100vw, 244px\" \/><\/a><\/p>\n<p>&nbsp;<\/p>\n<p><a href=\"http:\/\/caritas.diecezja.wloclawek.pl\/wp-content\/uploads\/2017\/11\/VVV3.jpg\"><img loading=\"lazy\" class=\"aligncenter  wp-image-750\" src=\"http:\/\/caritas.diecezja.wloclawek.pl\/wp-content\/uploads\/2017\/11\/VVV3-300x300.jpg\" alt=\"\" width=\"348\" height=\"348\" srcset=\"http:\/\/caritas.diecezja.wloclawek.pl\/wp-content\/uploads\/2017\/11\/VVV3-300x300.jpg 300w, http:\/\/caritas.diecezja.wloclawek.pl\/wp-content\/uploads\/2017\/11\/VVV3-150x150.jpg 150w, http:\/\/caritas.diecezja.wloclawek.pl\/wp-content\/uploads\/2017\/11\/VVV3-160x160.jpg 160w, http:\/\/caritas.diecezja.wloclawek.pl\/wp-content\/uploads\/2017\/11\/VVV3-320x320.jpg 320w, http:\/\/caritas.diecezja.wloclawek.pl\/wp-content\/uploads\/2017\/11\/VVV3.jpg 404w\" sizes=\"(max-width: 348px) 100vw, 348px\" \/><\/a><\/p>\n<p>&nbsp;<\/p>\n<p><a href=\"http:\/\/caritas.diecezja.wloclawek.pl\/wp-content\/uploads\/2017\/11\/VVV4.jpg\"><img loading=\"lazy\" class=\"aligncenter  wp-image-751\" src=\"http:\/\/caritas.diecezja.wloclawek.pl\/wp-content\/uploads\/2017\/11\/VVV4-300x300.jpg\" alt=\"\" width=\"338\" height=\"338\" srcset=\"http:\/\/caritas.diecezja.wloclawek.pl\/wp-content\/uploads\/2017\/11\/VVV4-300x300.jpg 300w, http:\/\/caritas.diecezja.wloclawek.pl\/wp-content\/uploads\/2017\/11\/VVV4-150x150.jpg 150w, http:\/\/caritas.diecezja.wloclawek.pl\/wp-content\/uploads\/2017\/11\/VVV4-160x160.jpg 160w, http:\/\/caritas.diecezja.wloclawek.pl\/wp-content\/uploads\/2017\/11\/VVV4-320x320.jpg 320w, http:\/\/caritas.diecezja.wloclawek.pl\/wp-content\/uploads\/2017\/11\/VVV4.jpg 404w\" sizes=\"(max-width: 338px) 100vw, 338px\" \/><\/a><\/p>\n","protected":false},"excerpt":{"rendered":"<p>&#46;&#46;&#46;<\/p>\n","protected":false},"author":1,"featured_media":748,"comment_status":"open","ping_status":"open","sticky":false,"template":"","format":"standard","meta":[],"categories":[2],"tags":[],"_links":{"self":[{"href":"http:\/\/caritas.diecezja.wloclawek.pl\/index.php?rest_route=\/wp\/v2\/posts\/747"}],"collection":[{"href":"http:\/\/caritas.diecezja.wloclawek.pl\/index.php?rest_route=\/wp\/v2\/posts"}],"about":[{"href":"http:\/\/caritas.diecezja.wloclawek.pl\/index.php?rest_route=\/wp\/v2\/types\/post"}],"author":[{"embeddable":true,"href":"http:\/\/caritas.diecezja.wloclawek.pl\/index.php?rest_route=\/wp\/v2\/users\/1"}],"replies":[{"embeddable":true,"href":"http:\/\/caritas.diecezja.wloclawek.pl\/index.php?rest_route=%2Fwp%2Fv2%2Fcomments&post=747"}],"version-history":[{"count":1,"href":"http:\/\/caritas.diecezja.wloclawek.pl\/index.php?rest_route=\/wp\/v2\/posts\/747\/revisions"}],"predecessor-version":[{"id":752,"href":"http:\/\/caritas.diecezja.wloclawek.pl\/index.php?rest_route=\/wp\/v2\/posts\/747\/revisions\/752"}],"wp:featuredmedia":[{"embeddable":true,"href":"http:\/\/caritas.diecezja.wloclawek.pl\/index.php?rest_route=\/wp\/v2\/media\/748"}],"wp:attachment":[{"href":"http:\/\/caritas.diecezja.wloclawek.pl\/index.php?rest_route=%2Fwp%2Fv2%2Fmedia&parent=747"}],"wp:term":[{"taxonomy":"category","embeddable":true,"href":"http:\/\/caritas.diecezja.wloclawek.pl\/index.php?rest_route=%2Fwp%2Fv2%2Fcategories&post=747"},{"taxonomy":"post_tag","embeddable":true,"href":"http:\/\/caritas.diecezja.wloclawek.pl\/index.php?rest_route=%2Fwp%2Fv2%2Ftags&post=747"}],"curies":[{"name":"wp","href":"https:\/\/api.w.org\/{rel}","templated":true}]}}