{"id":741,"date":"2013-09-05T23:19:31","date_gmt":"2013-09-05T22:19:31","guid":{"rendered":"http:\/\/caritas.diecezja.wloclawek.pl\/?p=741"},"modified":"2017-11-04T23:20:14","modified_gmt":"2017-11-04T22:20:14","slug":"caritas-we-wloclawku-zakonczenie-projektu","status":"publish","type":"post","link":"http:\/\/caritas.diecezja.wloclawek.pl\/?p=741","title":{"rendered":"Caritas we W\u0142oc\u0142awku: zako\u0144czenie projektu"},"content":{"rendered":"<p>W ramach projektu NASZA SZANSA realizowanego z funduszy UE, Caritas Diecezji W\u0142oc\u0142awskiej wraz z Miejskim O\u015brodkiem Pomocy Rodzinie powo\u0142ali od 1 marca 2012 ogrzewalni\u0119, kt\u00f3ra mie\u015bci\u0142a si\u0119 przy ul. Prymasa Stefana Wyszy\u0144skiego i otwarta by\u0142a codziennie od godziny 19.30 do 7 rano. By\u0142a to pierwsza plac\u00f3wka niskoprogowa na terenie miasta.<\/p>\n<p>Od 2001 roku we W\u0142oc\u0142awku pr\u0119\u017cnie dzia\u0142a schronisko dla os\u00f3b bezdomnych, w kt\u00f3rym obowi\u0105zuje \u015bcis\u0142y regulamin. Jeden z punkt\u00f3w m\u00f3wi, \u017ce nie zapewnia si\u0119 noclegu osobom nietrze\u017awym lub b\u0119d\u0105cym pod wp\u0142ywem podobnie dzia\u0142aj\u0105cych \u015brodk\u00f3w. Dlatego ogrzewalnia by\u0142a pomoc\u0105 dla os\u00f3b pod wp\u0142ywem alkoholu, nie mog\u0105cych wej\u015b\u0107 do schroniska, a jednocze\u015bnie nie kwalifikuj\u0105cych si\u0119 do zatrzymania w Izbie Wytrze\u017awie\u0144. G\u0142\u00f3wnym celem ogrzewalni by\u0142o uchronienie os\u00f3b bez dachu nad g\u0142ow\u0105, szczeg\u00f3lnie w okresie jesienno\u2013zimowym przed wych\u0142odzeniem i zamarzni\u0119ciem.<\/p>\n<p>Przyj\u0119te osoby, w ciep\u0142ym pomieszczeniu mog\u0142y skorzysta\u0107 z miejsc siedz\u0105cych, z sanitariatu, a tak\u017ce mo\u017cna by\u0142o si\u0119 napi\u0107 gor\u0105cej herbaty i w miar\u0119 mo\u017cliwo\u015bci spo\u017cy\u0107 ciep\u0142y posi\u0142ek. Osobom bezdomnym przekazywano do wsp\u00f3lnego u\u017cytku \u015brodki czysto\u015bci, takie jak myd\u0142o czy szampon.<\/p>\n<p>W pocz\u0105tkach funkcjonowania ogrzewalni, korzystali z niej najcz\u0119\u015bciej mieszka\u0144cy schroniska. Stopniowo, z racji wsp\u00f3\u0142pracy z Policj\u0105, Stra\u017c\u0105 Miejsk\u0105 i szpitalem, ogrzewalnia zacz\u0119\u0142a przyjmowa\u0107 osoby z W\u0142oc\u0142awka i okolic.<br \/>\nZ ko\u0144cem sierpnia br., projekt zosta\u0142 zako\u0144czony. Plac\u00f3wka spe\u0142ni\u0142a dobrze swoje zadanie, gdy\u017c na terenie miasta, w czasie trwania projektu, nie odnotowano ani jednego zamarzni\u0119cia. Od marca 2012 do sierpnia 2013 roku z ogrzewalni skorzysta\u0142o 297 os\u00f3b. Pomimo i\u017c na utrzymanie ogrzewalni nie ma ju\u017c funduszy z UE, dyrektor Caritas ks. Marek Soboci\u0144ski rozwa\u017ca uruchomienie plac\u00f3wki od pa\u017adziernika 2013 r.<\/p>\n","protected":false},"excerpt":{"rendered":"<p>&#46;&#46;&#46;<\/p>\n","protected":false},"author":1,"featured_media":0,"comment_status":"open","ping_status":"open","sticky":false,"template":"","format":"standard","meta":[],"categories":[2],"tags":[],"_links":{"self":[{"href":"http:\/\/caritas.diecezja.wloclawek.pl\/index.php?rest_route=\/wp\/v2\/posts\/741"}],"collection":[{"href":"http:\/\/caritas.diecezja.wloclawek.pl\/index.php?rest_route=\/wp\/v2\/posts"}],"about":[{"href":"http:\/\/caritas.diecezja.wloclawek.pl\/index.php?rest_route=\/wp\/v2\/types\/post"}],"author":[{"embeddable":true,"href":"http:\/\/caritas.diecezja.wloclawek.pl\/index.php?rest_route=\/wp\/v2\/users\/1"}],"replies":[{"embeddable":true,"href":"http:\/\/caritas.diecezja.wloclawek.pl\/index.php?rest_route=%2Fwp%2Fv2%2Fcomments&post=741"}],"version-history":[{"count":1,"href":"http:\/\/caritas.diecezja.wloclawek.pl\/index.php?rest_route=\/wp\/v2\/posts\/741\/revisions"}],"predecessor-version":[{"id":742,"href":"http:\/\/caritas.diecezja.wloclawek.pl\/index.php?rest_route=\/wp\/v2\/posts\/741\/revisions\/742"}],"wp:attachment":[{"href":"http:\/\/caritas.diecezja.wloclawek.pl\/index.php?rest_route=%2Fwp%2Fv2%2Fmedia&parent=741"}],"wp:term":[{"taxonomy":"category","embeddable":true,"href":"http:\/\/caritas.diecezja.wloclawek.pl\/index.php?rest_route=%2Fwp%2Fv2%2Fcategories&post=741"},{"taxonomy":"post_tag","embeddable":true,"href":"http:\/\/caritas.diecezja.wloclawek.pl\/index.php?rest_route=%2Fwp%2Fv2%2Ftags&post=741"}],"curies":[{"name":"wp","href":"https:\/\/api.w.org\/{rel}","templated":true}]}}