{"id":732,"date":"2013-09-09T23:17:26","date_gmt":"2013-09-09T22:17:26","guid":{"rendered":"http:\/\/caritas.diecezja.wloclawek.pl\/?p=732"},"modified":"2017-11-04T23:19:19","modified_gmt":"2017-11-04T22:19:19","slug":"spotkanie-mieszkancow-schroniska-z-wychowankami-domu-dziecka-w-lubieniu-kuj","status":"publish","type":"post","link":"http:\/\/caritas.diecezja.wloclawek.pl\/?p=732","title":{"rendered":"Spotkanie mieszka\u0144c\u00f3w Schroniska z wychowankami Domu Dziecka w Lubieniu Kuj."},"content":{"rendered":"<p>W sobot\u0119 7 wrze\u015bnia spo\u0142eczno\u015b\u0107 Schroniska \u201eCaritas\u201d we W\u0142oc\u0142awku wzi\u0119\u0142a udzia\u0142 w spotkaniu z wychowankami Domu Dziecka w Lubieniu Kujawskim. W wydarzeniu zorganizowanym przez pos\u0142uguj\u0105ce w Schronisku Siostry Albertynki uczestniczy\u0142 tak\u017ce Pose\u0142 na Sejm RP p. Marek Wojtkowski.<\/p>\n<p>W sobot\u0119 7 wrze\u015bnia spo\u0142eczno\u015b\u0107 Schroniska \u201eCaritas\u201d we W\u0142oc\u0142awku wzi\u0119\u0142a udzia\u0142 w spotkaniu z wychowankami Domu Dziecka w Lubieniu Kujawskim. W wydarzeniu zorganizowanym przez pos\u0142uguj\u0105ce w Schronisku Siostry Albertynki uczestniczy\u0142 tak\u017ce Pose\u0142 na Sejm RP p. Marek Wojtkowski. Dzieci mia\u0142y okazj\u0119 rozegra\u0107 mecz pi\u0142ki siatkowej wraz z mieszka\u0144cami Schroniska (Janem Orzelskim, Markiem J\u00f3\u017awiakiem, Grzegorzem Podlaskim, Januszem Kiferem, Romanem Zawad\u0105, Paw\u0142em G\u00f3rskim, Sebastianem G\u00f3rskim i Marcinem Wawrzyniakiem), jak r\u00f3wnie\u017c porozmawia\u0107 z Siostrami Albertynkami. Dzi\u0119ki \u017cyczliwo\u015bci p. Marcina Lewandowskiego \u2013 Dyrektora Domu Dziecka po meczu odby\u0142 si\u0119 wsp\u00f3lny posi\u0142ek spo\u017cyty w radosnej atmosferze. Pan Pose\u0142 Marek Wojtkowski zaprosi\u0142 dzieci na kolejne spotkanie \u2013 tym razem w siedzibie Sejmu RP w Warszawie.<\/p>\n\n\t\t<style type=\"text\/css\">\n\t\t\t#gallery-1 {\n\t\t\t\tmargin: auto;\n\t\t\t}\n\t\t\t#gallery-1 .gallery-item {\n\t\t\t\tfloat: left;\n\t\t\t\tmargin-top: 10px;\n\t\t\t\ttext-align: center;\n\t\t\t\twidth: 25%;\n\t\t\t}\n\t\t\t#gallery-1 img {\n\t\t\t\tborder: 2px solid #cfcfcf;\n\t\t\t}\n\t\t\t#gallery-1 .gallery-caption {\n\t\t\t\tmargin-left: 0;\n\t\t\t}\n\t\t\t\/* see gallery_shortcode() in wp-includes\/media.php *\/\n\t\t<\/style>\n\t\t<div id='gallery-1' class='gallery galleryid-732 gallery-columns-4 gallery-size-thumbnail'><dl class='gallery-item'>\n\t\t\t<dt class='gallery-icon landscape'>\n\t\t\t\t<a href='http:\/\/caritas.diecezja.wloclawek.pl\/?attachment_id=733'><img width=\"150\" height=\"150\" src=\"http:\/\/caritas.diecezja.wloclawek.pl\/wp-content\/uploads\/2017\/11\/lubien1-150x150.jpg\" class=\"attachment-thumbnail size-thumbnail\" alt=\"\" loading=\"lazy\" srcset=\"http:\/\/caritas.diecezja.wloclawek.pl\/wp-content\/uploads\/2017\/11\/lubien1-150x150.jpg 150w, http:\/\/caritas.diecezja.wloclawek.pl\/wp-content\/uploads\/2017\/11\/lubien1-160x160.jpg 160w, http:\/\/caritas.diecezja.wloclawek.pl\/wp-content\/uploads\/2017\/11\/lubien1-320x320.jpg 320w\" sizes=\"(max-width: 150px) 100vw, 150px\" \/><\/a>\n\t\t\t<\/dt><\/dl><dl class='gallery-item'>\n\t\t\t<dt class='gallery-icon landscape'>\n\t\t\t\t<a href='http:\/\/caritas.diecezja.wloclawek.pl\/?attachment_id=734'><img width=\"150\" height=\"150\" src=\"http:\/\/caritas.diecezja.wloclawek.pl\/wp-content\/uploads\/2017\/11\/lubien2-150x150.jpg\" class=\"attachment-thumbnail size-thumbnail\" alt=\"\" loading=\"lazy\" srcset=\"http:\/\/caritas.diecezja.wloclawek.pl\/wp-content\/uploads\/2017\/11\/lubien2-150x150.jpg 150w, http:\/\/caritas.diecezja.wloclawek.pl\/wp-content\/uploads\/2017\/11\/lubien2-160x160.jpg 160w, http:\/\/caritas.diecezja.wloclawek.pl\/wp-content\/uploads\/2017\/11\/lubien2-320x320.jpg 320w\" sizes=\"(max-width: 150px) 100vw, 150px\" \/><\/a>\n\t\t\t<\/dt><\/dl><dl class='gallery-item'>\n\t\t\t<dt class='gallery-icon landscape'>\n\t\t\t\t<a href='http:\/\/caritas.diecezja.wloclawek.pl\/?attachment_id=735'><img width=\"150\" height=\"150\" src=\"http:\/\/caritas.diecezja.wloclawek.pl\/wp-content\/uploads\/2017\/11\/lubien3-150x150.jpg\" class=\"attachment-thumbnail size-thumbnail\" alt=\"\" loading=\"lazy\" srcset=\"http:\/\/caritas.diecezja.wloclawek.pl\/wp-content\/uploads\/2017\/11\/lubien3-150x150.jpg 150w, http:\/\/caritas.diecezja.wloclawek.pl\/wp-content\/uploads\/2017\/11\/lubien3-160x160.jpg 160w, http:\/\/caritas.diecezja.wloclawek.pl\/wp-content\/uploads\/2017\/11\/lubien3-320x320.jpg 320w\" sizes=\"(max-width: 150px) 100vw, 150px\" \/><\/a>\n\t\t\t<\/dt><\/dl><dl class='gallery-item'>\n\t\t\t<dt class='gallery-icon landscape'>\n\t\t\t\t<a href='http:\/\/caritas.diecezja.wloclawek.pl\/?attachment_id=736'><img width=\"150\" height=\"150\" src=\"http:\/\/caritas.diecezja.wloclawek.pl\/wp-content\/uploads\/2017\/11\/lubien4-150x150.jpg\" class=\"attachment-thumbnail size-thumbnail\" alt=\"\" loading=\"lazy\" srcset=\"http:\/\/caritas.diecezja.wloclawek.pl\/wp-content\/uploads\/2017\/11\/lubien4-150x150.jpg 150w, http:\/\/caritas.diecezja.wloclawek.pl\/wp-content\/uploads\/2017\/11\/lubien4-160x160.jpg 160w, http:\/\/caritas.diecezja.wloclawek.pl\/wp-content\/uploads\/2017\/11\/lubien4-320x320.jpg 320w\" sizes=\"(max-width: 150px) 100vw, 150px\" \/><\/a>\n\t\t\t<\/dt><\/dl><br style=\"clear: both\" \/><dl class='gallery-item'>\n\t\t\t<dt class='gallery-icon landscape'>\n\t\t\t\t<a href='http:\/\/caritas.diecezja.wloclawek.pl\/?attachment_id=737'><img width=\"150\" height=\"150\" src=\"http:\/\/caritas.diecezja.wloclawek.pl\/wp-content\/uploads\/2017\/11\/lubien5-150x150.jpg\" class=\"attachment-thumbnail size-thumbnail\" alt=\"\" loading=\"lazy\" srcset=\"http:\/\/caritas.diecezja.wloclawek.pl\/wp-content\/uploads\/2017\/11\/lubien5-150x150.jpg 150w, http:\/\/caritas.diecezja.wloclawek.pl\/wp-content\/uploads\/2017\/11\/lubien5-160x160.jpg 160w, http:\/\/caritas.diecezja.wloclawek.pl\/wp-content\/uploads\/2017\/11\/lubien5-320x320.jpg 320w\" sizes=\"(max-width: 150px) 100vw, 150px\" \/><\/a>\n\t\t\t<\/dt><\/dl><dl class='gallery-item'>\n\t\t\t<dt class='gallery-icon landscape'>\n\t\t\t\t<a href='http:\/\/caritas.diecezja.wloclawek.pl\/?attachment_id=738'><img width=\"150\" height=\"150\" src=\"http:\/\/caritas.diecezja.wloclawek.pl\/wp-content\/uploads\/2017\/11\/lubien6-150x150.jpg\" class=\"attachment-thumbnail size-thumbnail\" alt=\"\" loading=\"lazy\" srcset=\"http:\/\/caritas.diecezja.wloclawek.pl\/wp-content\/uploads\/2017\/11\/lubien6-150x150.jpg 150w, http:\/\/caritas.diecezja.wloclawek.pl\/wp-content\/uploads\/2017\/11\/lubien6-160x160.jpg 160w, http:\/\/caritas.diecezja.wloclawek.pl\/wp-content\/uploads\/2017\/11\/lubien6-320x320.jpg 320w\" sizes=\"(max-width: 150px) 100vw, 150px\" \/><\/a>\n\t\t\t<\/dt><\/dl><dl class='gallery-item'>\n\t\t\t<dt class='gallery-icon landscape'>\n\t\t\t\t<a href='http:\/\/caritas.diecezja.wloclawek.pl\/?attachment_id=739'><img width=\"150\" height=\"150\" src=\"http:\/\/caritas.diecezja.wloclawek.pl\/wp-content\/uploads\/2017\/11\/lubien7-150x150.jpg\" class=\"attachment-thumbnail size-thumbnail\" alt=\"\" loading=\"lazy\" srcset=\"http:\/\/caritas.diecezja.wloclawek.pl\/wp-content\/uploads\/2017\/11\/lubien7-150x150.jpg 150w, http:\/\/caritas.diecezja.wloclawek.pl\/wp-content\/uploads\/2017\/11\/lubien7-160x160.jpg 160w, http:\/\/caritas.diecezja.wloclawek.pl\/wp-content\/uploads\/2017\/11\/lubien7-320x320.jpg 320w\" sizes=\"(max-width: 150px) 100vw, 150px\" \/><\/a>\n\t\t\t<\/dt><\/dl>\n\t\t\t<br style='clear: both' \/>\n\t\t<\/div>\n\n","protected":false},"excerpt":{"rendered":"<p>&#46;&#46;&#46;<\/p>\n","protected":false},"author":1,"featured_media":738,"comment_status":"open","ping_status":"open","sticky":false,"template":"","format":"standard","meta":[],"categories":[2],"tags":[],"_links":{"self":[{"href":"http:\/\/caritas.diecezja.wloclawek.pl\/index.php?rest_route=\/wp\/v2\/posts\/732"}],"collection":[{"href":"http:\/\/caritas.diecezja.wloclawek.pl\/index.php?rest_route=\/wp\/v2\/posts"}],"about":[{"href":"http:\/\/caritas.diecezja.wloclawek.pl\/index.php?rest_route=\/wp\/v2\/types\/post"}],"author":[{"embeddable":true,"href":"http:\/\/caritas.diecezja.wloclawek.pl\/index.php?rest_route=\/wp\/v2\/users\/1"}],"replies":[{"embeddable":true,"href":"http:\/\/caritas.diecezja.wloclawek.pl\/index.php?rest_route=%2Fwp%2Fv2%2Fcomments&post=732"}],"version-history":[{"count":1,"href":"http:\/\/caritas.diecezja.wloclawek.pl\/index.php?rest_route=\/wp\/v2\/posts\/732\/revisions"}],"predecessor-version":[{"id":740,"href":"http:\/\/caritas.diecezja.wloclawek.pl\/index.php?rest_route=\/wp\/v2\/posts\/732\/revisions\/740"}],"wp:featuredmedia":[{"embeddable":true,"href":"http:\/\/caritas.diecezja.wloclawek.pl\/index.php?rest_route=\/wp\/v2\/media\/738"}],"wp:attachment":[{"href":"http:\/\/caritas.diecezja.wloclawek.pl\/index.php?rest_route=%2Fwp%2Fv2%2Fmedia&parent=732"}],"wp:term":[{"taxonomy":"category","embeddable":true,"href":"http:\/\/caritas.diecezja.wloclawek.pl\/index.php?rest_route=%2Fwp%2Fv2%2Fcategories&post=732"},{"taxonomy":"post_tag","embeddable":true,"href":"http:\/\/caritas.diecezja.wloclawek.pl\/index.php?rest_route=%2Fwp%2Fv2%2Ftags&post=732"}],"curies":[{"name":"wp","href":"https:\/\/api.w.org\/{rel}","templated":true}]}}