{"id":730,"date":"2013-09-19T23:16:14","date_gmt":"2013-09-19T22:16:14","guid":{"rendered":"http:\/\/caritas.diecezja.wloclawek.pl\/?p=730"},"modified":"2017-11-04T23:17:19","modified_gmt":"2017-11-04T22:17:19","slug":"pokazmy-znak-solidarnosci-z-ofiarami-wojny-w-syrii","status":"publish","type":"post","link":"http:\/\/caritas.diecezja.wloclawek.pl\/?p=730","title":{"rendered":"Poka\u017cmy znak solidarno\u015bci z ofiarami wojny w Syrii"},"content":{"rendered":"<p>Niedziela 6 pa\u017adziernika b\u0119dzie dniem og\u00f3lnopolskiej modlitwy w intencji pokoju i zbi\u00f3rki na rzecz Syrii. Zebrane \u015brodki Caritas Polska rozdysponuje na konkretn\u0105 pomoc mieszka\u0144com Syrii.<br \/>\n&#8211;<em> Wszyscy wiemy, jak bardzo cierpi nar\u00f3d Syryjski w wyniku wojny domowej. Jako ludzie wierz\u0105cy jeste\u015bmy zobowi\u0105zani do okazywania solidarno\u015bci chrze\u015bcija\u0144skiej. Poprzez t\u0119 zbi\u00f3rk\u0119 chcemy zamanifestowa\u0107 nasz\u0105 jedno\u015b\u0107 nie tylko duchow\u0105, poprzez modlitw\u0119, ale tak\u017ce poprzez dar materialny \u2013 powiedzia\u0142 ks. Marian Subocz \u2013 dyrektor Caritas Polska.<\/em><\/p>\n<p>&nbsp;<\/p>\n<p>Zbi\u00f3rka jest odpowiedzi\u0105 na zatroskanie Ojca \u015awi\u0119tego Franciszka oraz konkretnym wyrazem solidarno\u015bci z mieszka\u0144cami Syrii. Dramat, jaki prze\u017cywa nar\u00f3d Syryjski porusza serca, mobilizuje do modlitwy, ale tak\u017ce do dzia\u0142ania. Dlatego 6 pa\u017adziernika b\u0119dzie nie tylko dniem zbi\u00f3rki funduszy, ale tak\u017ce dniem og\u00f3lnopolskiej modlitwy w intencji pokoju w Syrii.<\/p>\n<p>&#8211;<em> Nie zdajemy sobie sprawy, jaka to jest tragedia i jak wielkie rozmiary ma exodus tych ludzi. W Syrii cierpi\u0105 przede wszystkim dzieci, kt\u00f3re wraz z rodzicami musia\u0142y ucieka\u0107, aby ratowa\u0107 \u017cycie. To jest ogromna tragedia. Dlatego Konferencja Episkopatu Polski poprzez Caritas stara si\u0119 pom\u00f3c osobom cierpi\u0105cym w Syrii. To jest solidarno\u015b\u0107, a w j\u0119zyku chrze\u015bcija\u0144skim to jest mi\u0142o\u015b\u0107 i mi\u0142osierdzie \u2013 powiedzia\u0142 ks. J\u00f3zef Kloch \u2013 rzecznik Konferencji Episkopatu Polski.<\/em><\/p>\n<p>Caritas Polska we wsp\u00f3\u0142pracy z Caritas Jordania ju\u017c drugi rok niesie pomoc uchod\u017acom, zw\u0142aszcza dzieciom, realizuj\u0105c projekt edukacyjno-rehabilitacyjny w Jordanii, w kilku miejscowo\u015bciach w pobli\u017cu granicy syryjskiej (Mafraq, Zarqa, Irbid, Madaba, Amman i Karak). Pomoc jest finansowana ze \u015brodk\u00f3w polskiej wsp\u00f3\u0142pracy rozwojowej MSZ RP.<\/p>\n","protected":false},"excerpt":{"rendered":"<p>&#46;&#46;&#46;<\/p>\n","protected":false},"author":1,"featured_media":0,"comment_status":"open","ping_status":"open","sticky":false,"template":"","format":"standard","meta":[],"categories":[2],"tags":[],"_links":{"self":[{"href":"http:\/\/caritas.diecezja.wloclawek.pl\/index.php?rest_route=\/wp\/v2\/posts\/730"}],"collection":[{"href":"http:\/\/caritas.diecezja.wloclawek.pl\/index.php?rest_route=\/wp\/v2\/posts"}],"about":[{"href":"http:\/\/caritas.diecezja.wloclawek.pl\/index.php?rest_route=\/wp\/v2\/types\/post"}],"author":[{"embeddable":true,"href":"http:\/\/caritas.diecezja.wloclawek.pl\/index.php?rest_route=\/wp\/v2\/users\/1"}],"replies":[{"embeddable":true,"href":"http:\/\/caritas.diecezja.wloclawek.pl\/index.php?rest_route=%2Fwp%2Fv2%2Fcomments&post=730"}],"version-history":[{"count":1,"href":"http:\/\/caritas.diecezja.wloclawek.pl\/index.php?rest_route=\/wp\/v2\/posts\/730\/revisions"}],"predecessor-version":[{"id":731,"href":"http:\/\/caritas.diecezja.wloclawek.pl\/index.php?rest_route=\/wp\/v2\/posts\/730\/revisions\/731"}],"wp:attachment":[{"href":"http:\/\/caritas.diecezja.wloclawek.pl\/index.php?rest_route=%2Fwp%2Fv2%2Fmedia&parent=730"}],"wp:term":[{"taxonomy":"category","embeddable":true,"href":"http:\/\/caritas.diecezja.wloclawek.pl\/index.php?rest_route=%2Fwp%2Fv2%2Fcategories&post=730"},{"taxonomy":"post_tag","embeddable":true,"href":"http:\/\/caritas.diecezja.wloclawek.pl\/index.php?rest_route=%2Fwp%2Fv2%2Ftags&post=730"}],"curies":[{"name":"wp","href":"https:\/\/api.w.org\/{rel}","templated":true}]}}