{"id":728,"date":"2013-10-01T23:15:22","date_gmt":"2013-10-01T22:15:22","guid":{"rendered":"http:\/\/caritas.diecezja.wloclawek.pl\/?p=728"},"modified":"2017-11-04T23:16:05","modified_gmt":"2017-11-04T22:16:05","slug":"bp-mering-odezwa-ws-pomocy-ofiarom-wojny-w-syrii","status":"publish","type":"post","link":"http:\/\/caritas.diecezja.wloclawek.pl\/?p=728","title":{"rendered":"Bp Mering &#8211; odezwa ws. pomocy ofiarom wojny w Syrii"},"content":{"rendered":"<p>W odpowiedzi na apel Ojca \u015awi\u0119tego Franciszka Caritas Polska zaapelowa\u0142a o pomoc ofiarom wojny w Syrii. Decyzj\u0105 ks. bp. Wies\u0142awa Meringa tak\u017ce i w naszej diecezji w niedziel\u0119 6 pa\u017adziernika odb\u0119dzie si\u0119 zbi\u00f3rka do puszek na ten cel.<\/p>\n<p>W odpowiedzi na apel Ojca \u015awi\u0119tego Franciszka oraz w duchu mi\u0142o\u015bci chrze\u015bcija\u0144skiej, Ko\u015bci\u00f3\u0142 w Polsce pragnie okaza\u0107 konkretny znak solidarno\u015bci z ofiarami wojny w Syrii poprzez modlitw\u0119 i pomoc materialn\u0105. Dramat, jaki prze\u017cywa nar\u00f3d syryjski, w tym r\u00f3wnie\u017c tamtejsi chrze\u015bcijanie, porusza serca, mobilizuje do modlitwy, ale r\u00f3wnie\u017c domaga si\u0119 dzia\u0142ania, a wi\u0119c zapewnienia uchod\u017acom \u017cywno\u015bci, lek\u00f3w, odzie\u017cy oraz poczucia minimum bezpiecze\u0144stwa.<br \/>\nCaritas Polska w imieniu Ko\u015bcio\u0142a w naszej Ojczy\u017anie, we wsp\u00f3\u0142pracy z Caritas Jordania ju\u017c drugi rok niesie pomoc uchod\u017acom. Przekaza\u0142a r\u00f3wnie\u017c pierwsz\u0105 finansow\u0105 pomoc poszkodowanym w Syrii w wysoko\u015bci 50 000 USD.<br \/>\nKonkretne wsparcie, tak bole\u015bnie do\u015bwiadczonemu narodowi syryjskiemu, wyrazimy poprzez modlitw\u0119 w niedziel\u0119 6 pa\u017adziernika br. oraz zbi\u00f3rk\u0119 do puszek we wszystkich ko\u015bcio\u0142ach Diecezji W\u0142oc\u0142awskiej.<br \/>\nDzi\u0119kuj\u0105c za ka\u017cdy akt mi\u0142osierdzia okazany ofiarom wojny w Syrii z serca wszystkim b\u0142ogos\u0142awi\u0119.<\/p>\n<p>&nbsp;<\/p>\n<p>+Wies\u0142aw Mering<br \/>\nBISKUP W\u0141OC\u0141AWSKI<\/p>\n","protected":false},"excerpt":{"rendered":"<p>&#46;&#46;&#46;<\/p>\n","protected":false},"author":1,"featured_media":0,"comment_status":"open","ping_status":"open","sticky":false,"template":"","format":"standard","meta":[],"categories":[2],"tags":[],"_links":{"self":[{"href":"http:\/\/caritas.diecezja.wloclawek.pl\/index.php?rest_route=\/wp\/v2\/posts\/728"}],"collection":[{"href":"http:\/\/caritas.diecezja.wloclawek.pl\/index.php?rest_route=\/wp\/v2\/posts"}],"about":[{"href":"http:\/\/caritas.diecezja.wloclawek.pl\/index.php?rest_route=\/wp\/v2\/types\/post"}],"author":[{"embeddable":true,"href":"http:\/\/caritas.diecezja.wloclawek.pl\/index.php?rest_route=\/wp\/v2\/users\/1"}],"replies":[{"embeddable":true,"href":"http:\/\/caritas.diecezja.wloclawek.pl\/index.php?rest_route=%2Fwp%2Fv2%2Fcomments&post=728"}],"version-history":[{"count":1,"href":"http:\/\/caritas.diecezja.wloclawek.pl\/index.php?rest_route=\/wp\/v2\/posts\/728\/revisions"}],"predecessor-version":[{"id":729,"href":"http:\/\/caritas.diecezja.wloclawek.pl\/index.php?rest_route=\/wp\/v2\/posts\/728\/revisions\/729"}],"wp:attachment":[{"href":"http:\/\/caritas.diecezja.wloclawek.pl\/index.php?rest_route=%2Fwp%2Fv2%2Fmedia&parent=728"}],"wp:term":[{"taxonomy":"category","embeddable":true,"href":"http:\/\/caritas.diecezja.wloclawek.pl\/index.php?rest_route=%2Fwp%2Fv2%2Fcategories&post=728"},{"taxonomy":"post_tag","embeddable":true,"href":"http:\/\/caritas.diecezja.wloclawek.pl\/index.php?rest_route=%2Fwp%2Fv2%2Ftags&post=728"}],"curies":[{"name":"wp","href":"https:\/\/api.w.org\/{rel}","templated":true}]}}