{"id":716,"date":"2013-10-03T23:13:00","date_gmt":"2013-10-03T22:13:00","guid":{"rendered":"http:\/\/caritas.diecezja.wloclawek.pl\/?p=716"},"modified":"2017-11-04T23:15:13","modified_gmt":"2017-11-04T22:15:13","slug":"swietlica-srodowiskowa-caritas-propozycja-dla-dzieci-z-wloclawka","status":"publish","type":"post","link":"http:\/\/caritas.diecezja.wloclawek.pl\/?p=716","title":{"rendered":"\u015awietlica \u015brodowiskowa Caritas \u2013 propozycja dla dzieci z W\u0142oc\u0142awka"},"content":{"rendered":"<p>K\u00f3\u0142ka zainteresowa\u0144, m.in. czytelnicze, teatralne, kulinarne, sportowe, religijne to pa\u017adziernikowa propozycja dla dzieci ze \u015bwietlicy \u015brodowiskowej Caritas. Podopieczni co miesi\u0105c uczestnicz\u0105 w pierwszopi\u0105tkowych Mszach \u015bw., nabo\u017ce\u0144stwach r\u00f3\u017ca\u0144cowych czy te\u017c drodze krzy\u017cowej i roratach. Na chwil\u0119 obecn\u0105 do \u015bwietlicy zapisa\u0142o si\u0119 ok. 40 dzieci w wieku od 5 do 16 lat.<\/p>\n<p>K\u00f3\u0142ka zainteresowa\u0144, m.in. czytelnicze, teatralne, kulinarne, sportowe, religijne to pa\u017adziernikowa propozycja dla dzieci ze \u015bwietlicy \u015brodowiskowej Caritas. Podopieczni co miesi\u0105c uczestnicz\u0105 w pierwszopi\u0105tkowych Mszach \u015bw., nabo\u017ce\u0144stwach r\u00f3\u017ca\u0144cowych czy te\u017c drodze krzy\u017cowej i roratach. Na chwil\u0119 obecn\u0105 do \u015bwietlicy zapisa\u0142o si\u0119 ok. 40 dzieci w wieku od 5 do 16 lat.<\/p>\n<p>2 wrze\u015bnia, ju\u017c po raz kolejny, swoje podwoje otworzy\u0142a \u015bwietlica \u015brodowiskowa Caritas. Tak jak w latach ubieg\u0142ych czynna jest ona w dni powszednie, od poniedzia\u0142ku do pi\u0105tku w godzinach od 12 do 17, a okazjonalnie r\u00f3wnie\u017c w weekendy.<\/p>\n<p>Na chwil\u0119 obecn\u0105 do \u015bwietlicy zapisa\u0142o si\u0119 ok. 40 dzieci w wieku od 5 do 16 lat. W wi\u0119kszo\u015bci pochodz\u0105 one z rodzin niezamo\u017cnych, wielodzietnych oraz prze\u017cywaj\u0105cych r\u00f3\u017cnego rodzaju kryzysy. Do klubu, bo tak potocznie okre\u015blaj\u0105 \u015bwietlic\u0119, przychodz\u0105 by odrobi\u0107 lekcje, poduczy\u0107 si\u0119, zje\u015b\u0107 ciep\u0142y posi\u0142ek, pobawi\u0107 z r\u00f3wie\u015bnikami.<br \/>\nPonadto opiekunki \u2013 s. Renata Stajno oraz Agnieszka Magos \u2013 staraj\u0105 si\u0119 w ciekawy i pouczaj\u0105cy spos\u00f3b zagospodarowa\u0107 podopiecznym czas. Zgodnie z t\u0105 zasad\u0105 raz w miesi\u0105cu \u015bwietlica go\u015bci ciekaw\u0105 osob\u0119. Pierwsze takie spotkanie ju\u017c si\u0119 odby\u0142o. We wrze\u015bniu klub odwiedzi\u0142a pani doktor weterynarii, kt\u00f3ra podarowa\u0142a dzieciom \u017c\u00f3\u0142wia stepowego, dzi\u0119ki czemu \u015bwietlicowe kr\u00f3liczki maj\u0105 nowego towarzysza. Poza tym, od pa\u017adziernika ruszaj\u0105 k\u00f3\u0142ka zainteresowa\u0144, m.in. czytelnicze, teatralne, kulinarne, sportowe, religijne. Kolejny rok funkcjonuje r\u00f3wnie\u017c k\u00f3\u0142ko plastyczne prowadzone przez p. Krystyn\u0119 Kwiatkowsk\u0105, z kt\u00f3rego prace s\u0105 sprzedawane na kiermaszach, a doch\u00f3d przeznaczony jest na wakacyjny wyjazd.<\/p>\n<p>Program \u015bwietlicy zak\u0142ada r\u00f3wnie\u017c, \u017ce dzieciaki b\u0119d\u0105 uczestniczy\u0107 w seansach filmowych we w\u0142oc\u0142awskim Multikinie, spektaklach teatralnych, odwiedz\u0105 muzea. Raz w miesi\u0105cu skorzystaj\u0105 z sali gimnastycznej w\u0142oc\u0142awskiego seminarium, a zim\u0105 udadz\u0105 si\u0119 na lodowisko i basen miejski.<\/p>\n<p>Nadmieni\u0107 r\u00f3wnie\u017c nale\u017cy, \u017ce \u015bwietlica Caritas ma charakter religijny. W zwi\u0105zku z tym opiekunowie wraz z podopiecznymi co miesi\u0105c uczestniczy\u0107 b\u0119d\u0105 w pierwszopi\u0105tkowych mszach \u015bwi\u0119tych, nabo\u017ce\u0144stwach r\u00f3\u017ca\u0144cowych czy te\u017c drodze krzy\u017cowej i roratach. Charakter katolicki podkre\u015blany jest r\u00f3wnie\u017c modlitw\u0105 przed i po posi\u0142ku oraz na zako\u0144czenie dnia.<\/p>\n\n\t\t<style type=\"text\/css\">\n\t\t\t#gallery-1 {\n\t\t\t\tmargin: auto;\n\t\t\t}\n\t\t\t#gallery-1 .gallery-item {\n\t\t\t\tfloat: left;\n\t\t\t\tmargin-top: 10px;\n\t\t\t\ttext-align: center;\n\t\t\t\twidth: 20%;\n\t\t\t}\n\t\t\t#gallery-1 img {\n\t\t\t\tborder: 2px solid #cfcfcf;\n\t\t\t}\n\t\t\t#gallery-1 .gallery-caption {\n\t\t\t\tmargin-left: 0;\n\t\t\t}\n\t\t\t\/* see gallery_shortcode() in wp-includes\/media.php *\/\n\t\t<\/style>\n\t\t<div id='gallery-1' class='gallery galleryid-716 gallery-columns-5 gallery-size-thumbnail'><dl class='gallery-item'>\n\t\t\t<dt class='gallery-icon landscape'>\n\t\t\t\t<a href='http:\/\/caritas.diecezja.wloclawek.pl\/?attachment_id=717'><img width=\"150\" height=\"150\" src=\"http:\/\/caritas.diecezja.wloclawek.pl\/wp-content\/uploads\/2017\/11\/swiet1-150x150.jpg\" class=\"attachment-thumbnail size-thumbnail\" alt=\"\" loading=\"lazy\" srcset=\"http:\/\/caritas.diecezja.wloclawek.pl\/wp-content\/uploads\/2017\/11\/swiet1-150x150.jpg 150w, http:\/\/caritas.diecezja.wloclawek.pl\/wp-content\/uploads\/2017\/11\/swiet1-160x160.jpg 160w, http:\/\/caritas.diecezja.wloclawek.pl\/wp-content\/uploads\/2017\/11\/swiet1-320x320.jpg 320w\" sizes=\"(max-width: 150px) 100vw, 150px\" \/><\/a>\n\t\t\t<\/dt><\/dl><dl class='gallery-item'>\n\t\t\t<dt class='gallery-icon portrait'>\n\t\t\t\t<a href='http:\/\/caritas.diecezja.wloclawek.pl\/?attachment_id=718'><img width=\"150\" height=\"150\" src=\"http:\/\/caritas.diecezja.wloclawek.pl\/wp-content\/uploads\/2017\/11\/swiet3-150x150.jpg\" class=\"attachment-thumbnail size-thumbnail\" alt=\"\" loading=\"lazy\" srcset=\"http:\/\/caritas.diecezja.wloclawek.pl\/wp-content\/uploads\/2017\/11\/swiet3-150x150.jpg 150w, http:\/\/caritas.diecezja.wloclawek.pl\/wp-content\/uploads\/2017\/11\/swiet3-160x160.jpg 160w, http:\/\/caritas.diecezja.wloclawek.pl\/wp-content\/uploads\/2017\/11\/swiet3-320x320.jpg 320w\" sizes=\"(max-width: 150px) 100vw, 150px\" \/><\/a>\n\t\t\t<\/dt><\/dl><dl class='gallery-item'>\n\t\t\t<dt class='gallery-icon landscape'>\n\t\t\t\t<a href='http:\/\/caritas.diecezja.wloclawek.pl\/?attachment_id=719'><img width=\"150\" height=\"150\" src=\"http:\/\/caritas.diecezja.wloclawek.pl\/wp-content\/uploads\/2017\/11\/swiet4-150x150.jpg\" class=\"attachment-thumbnail size-thumbnail\" alt=\"\" loading=\"lazy\" srcset=\"http:\/\/caritas.diecezja.wloclawek.pl\/wp-content\/uploads\/2017\/11\/swiet4-150x150.jpg 150w, http:\/\/caritas.diecezja.wloclawek.pl\/wp-content\/uploads\/2017\/11\/swiet4-160x160.jpg 160w, http:\/\/caritas.diecezja.wloclawek.pl\/wp-content\/uploads\/2017\/11\/swiet4-320x320.jpg 320w\" sizes=\"(max-width: 150px) 100vw, 150px\" \/><\/a>\n\t\t\t<\/dt><\/dl><dl class='gallery-item'>\n\t\t\t<dt class='gallery-icon landscape'>\n\t\t\t\t<a href='http:\/\/caritas.diecezja.wloclawek.pl\/?attachment_id=720'><img width=\"150\" height=\"150\" src=\"http:\/\/caritas.diecezja.wloclawek.pl\/wp-content\/uploads\/2017\/11\/swiet5-150x150.jpg\" class=\"attachment-thumbnail size-thumbnail\" alt=\"\" loading=\"lazy\" srcset=\"http:\/\/caritas.diecezja.wloclawek.pl\/wp-content\/uploads\/2017\/11\/swiet5-150x150.jpg 150w, http:\/\/caritas.diecezja.wloclawek.pl\/wp-content\/uploads\/2017\/11\/swiet5-160x160.jpg 160w, http:\/\/caritas.diecezja.wloclawek.pl\/wp-content\/uploads\/2017\/11\/swiet5-320x320.jpg 320w\" sizes=\"(max-width: 150px) 100vw, 150px\" \/><\/a>\n\t\t\t<\/dt><\/dl><dl class='gallery-item'>\n\t\t\t<dt class='gallery-icon landscape'>\n\t\t\t\t<a href='http:\/\/caritas.diecezja.wloclawek.pl\/?attachment_id=721'><img width=\"150\" height=\"150\" src=\"http:\/\/caritas.diecezja.wloclawek.pl\/wp-content\/uploads\/2017\/11\/swiet6-150x150.jpg\" class=\"attachment-thumbnail size-thumbnail\" alt=\"\" loading=\"lazy\" srcset=\"http:\/\/caritas.diecezja.wloclawek.pl\/wp-content\/uploads\/2017\/11\/swiet6-150x150.jpg 150w, http:\/\/caritas.diecezja.wloclawek.pl\/wp-content\/uploads\/2017\/11\/swiet6-160x160.jpg 160w, http:\/\/caritas.diecezja.wloclawek.pl\/wp-content\/uploads\/2017\/11\/swiet6-320x320.jpg 320w\" sizes=\"(max-width: 150px) 100vw, 150px\" \/><\/a>\n\t\t\t<\/dt><\/dl><br style=\"clear: both\" \/><dl class='gallery-item'>\n\t\t\t<dt class='gallery-icon landscape'>\n\t\t\t\t<a href='http:\/\/caritas.diecezja.wloclawek.pl\/?attachment_id=722'><img width=\"150\" height=\"150\" src=\"http:\/\/caritas.diecezja.wloclawek.pl\/wp-content\/uploads\/2017\/11\/swiet7-150x150.jpg\" class=\"attachment-thumbnail size-thumbnail\" alt=\"\" loading=\"lazy\" srcset=\"http:\/\/caritas.diecezja.wloclawek.pl\/wp-content\/uploads\/2017\/11\/swiet7-150x150.jpg 150w, http:\/\/caritas.diecezja.wloclawek.pl\/wp-content\/uploads\/2017\/11\/swiet7-160x160.jpg 160w, http:\/\/caritas.diecezja.wloclawek.pl\/wp-content\/uploads\/2017\/11\/swiet7-320x320.jpg 320w\" sizes=\"(max-width: 150px) 100vw, 150px\" \/><\/a>\n\t\t\t<\/dt><\/dl><dl class='gallery-item'>\n\t\t\t<dt class='gallery-icon landscape'>\n\t\t\t\t<a href='http:\/\/caritas.diecezja.wloclawek.pl\/?attachment_id=723'><img width=\"150\" height=\"150\" src=\"http:\/\/caritas.diecezja.wloclawek.pl\/wp-content\/uploads\/2017\/11\/swiet8-150x150.jpg\" class=\"attachment-thumbnail size-thumbnail\" alt=\"\" loading=\"lazy\" srcset=\"http:\/\/caritas.diecezja.wloclawek.pl\/wp-content\/uploads\/2017\/11\/swiet8-150x150.jpg 150w, http:\/\/caritas.diecezja.wloclawek.pl\/wp-content\/uploads\/2017\/11\/swiet8-160x160.jpg 160w, http:\/\/caritas.diecezja.wloclawek.pl\/wp-content\/uploads\/2017\/11\/swiet8-320x320.jpg 320w\" sizes=\"(max-width: 150px) 100vw, 150px\" \/><\/a>\n\t\t\t<\/dt><\/dl><dl class='gallery-item'>\n\t\t\t<dt class='gallery-icon landscape'>\n\t\t\t\t<a href='http:\/\/caritas.diecezja.wloclawek.pl\/?attachment_id=724'><img width=\"150\" height=\"150\" src=\"http:\/\/caritas.diecezja.wloclawek.pl\/wp-content\/uploads\/2017\/11\/swiet9-150x150.jpg\" class=\"attachment-thumbnail size-thumbnail\" alt=\"\" loading=\"lazy\" srcset=\"http:\/\/caritas.diecezja.wloclawek.pl\/wp-content\/uploads\/2017\/11\/swiet9-150x150.jpg 150w, http:\/\/caritas.diecezja.wloclawek.pl\/wp-content\/uploads\/2017\/11\/swiet9-160x160.jpg 160w, http:\/\/caritas.diecezja.wloclawek.pl\/wp-content\/uploads\/2017\/11\/swiet9-320x320.jpg 320w\" sizes=\"(max-width: 150px) 100vw, 150px\" \/><\/a>\n\t\t\t<\/dt><\/dl><dl class='gallery-item'>\n\t\t\t<dt class='gallery-icon portrait'>\n\t\t\t\t<a href='http:\/\/caritas.diecezja.wloclawek.pl\/?attachment_id=725'><img width=\"150\" height=\"150\" src=\"http:\/\/caritas.diecezja.wloclawek.pl\/wp-content\/uploads\/2017\/11\/swiet10-150x150.jpg\" class=\"attachment-thumbnail size-thumbnail\" alt=\"\" loading=\"lazy\" srcset=\"http:\/\/caritas.diecezja.wloclawek.pl\/wp-content\/uploads\/2017\/11\/swiet10-150x150.jpg 150w, http:\/\/caritas.diecezja.wloclawek.pl\/wp-content\/uploads\/2017\/11\/swiet10-160x160.jpg 160w, http:\/\/caritas.diecezja.wloclawek.pl\/wp-content\/uploads\/2017\/11\/swiet10-320x320.jpg 320w\" sizes=\"(max-width: 150px) 100vw, 150px\" \/><\/a>\n\t\t\t<\/dt><\/dl><dl class='gallery-item'>\n\t\t\t<dt class='gallery-icon portrait'>\n\t\t\t\t<a href='http:\/\/caritas.diecezja.wloclawek.pl\/?attachment_id=726'><img width=\"150\" height=\"150\" src=\"http:\/\/caritas.diecezja.wloclawek.pl\/wp-content\/uploads\/2017\/11\/swiet11-150x150.jpg\" class=\"attachment-thumbnail size-thumbnail\" alt=\"\" loading=\"lazy\" srcset=\"http:\/\/caritas.diecezja.wloclawek.pl\/wp-content\/uploads\/2017\/11\/swiet11-150x150.jpg 150w, http:\/\/caritas.diecezja.wloclawek.pl\/wp-content\/uploads\/2017\/11\/swiet11-160x160.jpg 160w, http:\/\/caritas.diecezja.wloclawek.pl\/wp-content\/uploads\/2017\/11\/swiet11-320x320.jpg 320w\" sizes=\"(max-width: 150px) 100vw, 150px\" \/><\/a>\n\t\t\t<\/dt><\/dl><br style=\"clear: both\" \/>\n\t\t<\/div>\n\n","protected":false},"excerpt":{"rendered":"<p>&#46;&#46;&#46;<\/p>\n","protected":false},"author":1,"featured_media":724,"comment_status":"open","ping_status":"open","sticky":false,"template":"","format":"standard","meta":[],"categories":[2],"tags":[],"_links":{"self":[{"href":"http:\/\/caritas.diecezja.wloclawek.pl\/index.php?rest_route=\/wp\/v2\/posts\/716"}],"collection":[{"href":"http:\/\/caritas.diecezja.wloclawek.pl\/index.php?rest_route=\/wp\/v2\/posts"}],"about":[{"href":"http:\/\/caritas.diecezja.wloclawek.pl\/index.php?rest_route=\/wp\/v2\/types\/post"}],"author":[{"embeddable":true,"href":"http:\/\/caritas.diecezja.wloclawek.pl\/index.php?rest_route=\/wp\/v2\/users\/1"}],"replies":[{"embeddable":true,"href":"http:\/\/caritas.diecezja.wloclawek.pl\/index.php?rest_route=%2Fwp%2Fv2%2Fcomments&post=716"}],"version-history":[{"count":1,"href":"http:\/\/caritas.diecezja.wloclawek.pl\/index.php?rest_route=\/wp\/v2\/posts\/716\/revisions"}],"predecessor-version":[{"id":727,"href":"http:\/\/caritas.diecezja.wloclawek.pl\/index.php?rest_route=\/wp\/v2\/posts\/716\/revisions\/727"}],"wp:featuredmedia":[{"embeddable":true,"href":"http:\/\/caritas.diecezja.wloclawek.pl\/index.php?rest_route=\/wp\/v2\/media\/724"}],"wp:attachment":[{"href":"http:\/\/caritas.diecezja.wloclawek.pl\/index.php?rest_route=%2Fwp%2Fv2%2Fmedia&parent=716"}],"wp:term":[{"taxonomy":"category","embeddable":true,"href":"http:\/\/caritas.diecezja.wloclawek.pl\/index.php?rest_route=%2Fwp%2Fv2%2Fcategories&post=716"},{"taxonomy":"post_tag","embeddable":true,"href":"http:\/\/caritas.diecezja.wloclawek.pl\/index.php?rest_route=%2Fwp%2Fv2%2Ftags&post=716"}],"curies":[{"name":"wp","href":"https:\/\/api.w.org\/{rel}","templated":true}]}}