{"id":714,"date":"2013-10-07T23:11:18","date_gmt":"2013-10-07T22:11:18","guid":{"rendered":"http:\/\/caritas.diecezja.wloclawek.pl\/?p=714"},"modified":"2017-11-04T23:12:52","modified_gmt":"2017-11-04T22:12:52","slug":"gala-ubi-caritas-2013","status":"publish","type":"post","link":"http:\/\/caritas.diecezja.wloclawek.pl\/?p=714","title":{"rendered":"Gala Ubi Caritas 2013"},"content":{"rendered":"<p>W sobot\u0119 5 pa\u017adziernika po raz 12. zosta\u0142y rozdane nagrody UBI CARITAS. W warszawskim Teatrze Kamienica odby\u0142a si\u0119 gala Nagrody UBI CARITAS, przyznawanej przez dyrektora Caritas Polska za wra\u017cliwo\u015b\u0107 na potrzeby ubogich w Polsce i czynny udzia\u0142 w dzie\u0142ach charytatywnych.<\/p>\n<p>W sobot\u0119 5 pa\u017adziernika po raz 12. zosta\u0142y rozdane nagrody UBI CARITAS. W warszawskim Teatrze Kamienica odby\u0142a si\u0119 gala Nagrody UBI CARITAS, przyznawanej przez dyrektora Caritas Polska za wra\u017cliwo\u015b\u0107 na potrzeby ubogich w Polsce i czynny udzia\u0142 w dzie\u0142ach charytatywnych.<\/p>\n<p>Nagroda by\u0142a przyznawana w trzech kategoriach: Darczy\u0144ca Caritas, Wsp\u00f3\u0142praca z Caritas oraz \u015awiadectwo Caritas\u201d. W kategorii \u201eDarczy\u0144ca\u201d i \u201eWsp\u00f3\u0142praca z Caritas\u201d mo\u017ce zosta\u0107 wyr\u00f3\u017cniono osoba lub instytucja spoza Caritas. Nagrod\u0119 w kategorii \u201e\u015awiadectwo\u201d otrzymali pracownicy lub wolontariusze Caritas w Polsce.<\/p>\n<p>Rozdanie nagr\u00f3d mia\u0142o charakter ekumeniczny. Diakonia Ko\u015bcio\u0142a Ewangelicko-Augsburskiego w RP przyzna\u0142a nagrod\u0119 \u201eMi\u0142osiernego Samarytanina\u201d, a Eleos Ko\u015bcio\u0142a Prawos\u0142awnego nagrod\u0119 \u201eD\u0142onie Mi\u0142osierdzia\u201d.<\/p>\n<p>Na gal\u0119, poprowadzon\u0105 przez Krzysztofa Ziemca, przyby\u0142 m.in. nuncjusz apostolski w Polsce abp Celestino Migliore. Go\u015bci powita\u0142 gospodarz Teatru Emilian Kami\u0144ski.<\/p>\n<p>&nbsp;<\/p>\n","protected":false},"excerpt":{"rendered":"<p>&#46;&#46;&#46;<\/p>\n","protected":false},"author":1,"featured_media":0,"comment_status":"open","ping_status":"open","sticky":false,"template":"","format":"standard","meta":[],"categories":[2],"tags":[],"_links":{"self":[{"href":"http:\/\/caritas.diecezja.wloclawek.pl\/index.php?rest_route=\/wp\/v2\/posts\/714"}],"collection":[{"href":"http:\/\/caritas.diecezja.wloclawek.pl\/index.php?rest_route=\/wp\/v2\/posts"}],"about":[{"href":"http:\/\/caritas.diecezja.wloclawek.pl\/index.php?rest_route=\/wp\/v2\/types\/post"}],"author":[{"embeddable":true,"href":"http:\/\/caritas.diecezja.wloclawek.pl\/index.php?rest_route=\/wp\/v2\/users\/1"}],"replies":[{"embeddable":true,"href":"http:\/\/caritas.diecezja.wloclawek.pl\/index.php?rest_route=%2Fwp%2Fv2%2Fcomments&post=714"}],"version-history":[{"count":1,"href":"http:\/\/caritas.diecezja.wloclawek.pl\/index.php?rest_route=\/wp\/v2\/posts\/714\/revisions"}],"predecessor-version":[{"id":715,"href":"http:\/\/caritas.diecezja.wloclawek.pl\/index.php?rest_route=\/wp\/v2\/posts\/714\/revisions\/715"}],"wp:attachment":[{"href":"http:\/\/caritas.diecezja.wloclawek.pl\/index.php?rest_route=%2Fwp%2Fv2%2Fmedia&parent=714"}],"wp:term":[{"taxonomy":"category","embeddable":true,"href":"http:\/\/caritas.diecezja.wloclawek.pl\/index.php?rest_route=%2Fwp%2Fv2%2Fcategories&post=714"},{"taxonomy":"post_tag","embeddable":true,"href":"http:\/\/caritas.diecezja.wloclawek.pl\/index.php?rest_route=%2Fwp%2Fv2%2Ftags&post=714"}],"curies":[{"name":"wp","href":"https:\/\/api.w.org\/{rel}","templated":true}]}}