{"id":702,"date":"2013-11-13T23:05:29","date_gmt":"2013-11-13T22:05:29","guid":{"rendered":"http:\/\/caritas.diecezja.wloclawek.pl\/?p=702"},"modified":"2017-11-04T23:06:55","modified_gmt":"2017-11-04T22:06:55","slug":"caritas-polska-na-pomoc-filipinom","status":"publish","type":"post","link":"http:\/\/caritas.diecezja.wloclawek.pl\/?p=702","title":{"rendered":"Caritas Polska &#8211; na pomoc Filipinom"},"content":{"rendered":"<p>Wobec tragedii, kt\u00f3ra nawiedzi\u0142a Filipiny \u2013 10 tysi\u0119cy ofiar \u015bmiertelnych i 4,5 miliona os\u00f3b poszkodowanych wskutek tajfunu Haiynan &#8211; Caritas Polska realizuje natychmiastowy program pomocy finansowej.<\/p>\n<p>Na pomoc dora\u017an\u0105 poszkodowanym przeznaczyli\u015bmy 50 tysi\u0119cy euro rozpoczynaj\u0105c jednocze\u015bnie akcj\u0119 pozyskiwania funduszy przez charytatywny SMS oraz wp\u0142aty na konto Caritas.<\/p>\n<p>&#8211; Prosimy wszystkich ludzi dobrej woli o wsp\u00f3\u0142prac\u0119 z Caritas Polska. Postarajmy si\u0119 w spos\u00f3b szczeg\u00f3lny okaza\u0107 solidarno\u015b\u0107. Nie mo\u017cemy przesy\u0142a\u0107 \u017cywno\u015bci ani paczek bezpo\u015brednio na Filipiny ze wzgl\u0119du na koszty \u2013 dlatego ci, kt\u00f3rzy mog\u0105 niech wespr\u0105 nas materialnie \u2013 powiedzia\u0142 ksi\u0105dz Marian Subocz dyrektor Caritas Polska.<\/p>\n<p>Decyzja o bezpo\u015brednich dzia\u0142aniach pomocowych Caritas Polska zale\u017cna b\u0119dzie od rozpoznania potrzeb dotkni\u0119tej tragedi\u0105 ludno\u015bci. W tej chwili interwencyjnie i rozpoznawczo dzia\u0142aj\u0105 tam Caritas USA (CRS) i Caritas Wielkiej Brytanii (CAFOD). Akcja koordynowana jest przez Caritas Internationalis.<\/p>\n<p>Fundusz pomocy Filipinom Caritas Polska zasili\u0107 mo\u017cna wysy\u0142aj\u0105c charytatywny SMS o tre\u015bci POMAGAM na numer 72052 (koszt 2,46 z\u0142 z VAT) oraz przez wp\u0142aty na konto Caritas z dopiskiem FILIPINY. Szczeg\u00f3\u0142y na stronie <a href=\"http:\/\/www.caritas.pl\">www.caritas.pl<\/a><\/p>\n","protected":false},"excerpt":{"rendered":"<p>&#46;&#46;&#46;<\/p>\n","protected":false},"author":1,"featured_media":700,"comment_status":"open","ping_status":"open","sticky":false,"template":"","format":"standard","meta":[],"categories":[2],"tags":[],"_links":{"self":[{"href":"http:\/\/caritas.diecezja.wloclawek.pl\/index.php?rest_route=\/wp\/v2\/posts\/702"}],"collection":[{"href":"http:\/\/caritas.diecezja.wloclawek.pl\/index.php?rest_route=\/wp\/v2\/posts"}],"about":[{"href":"http:\/\/caritas.diecezja.wloclawek.pl\/index.php?rest_route=\/wp\/v2\/types\/post"}],"author":[{"embeddable":true,"href":"http:\/\/caritas.diecezja.wloclawek.pl\/index.php?rest_route=\/wp\/v2\/users\/1"}],"replies":[{"embeddable":true,"href":"http:\/\/caritas.diecezja.wloclawek.pl\/index.php?rest_route=%2Fwp%2Fv2%2Fcomments&post=702"}],"version-history":[{"count":1,"href":"http:\/\/caritas.diecezja.wloclawek.pl\/index.php?rest_route=\/wp\/v2\/posts\/702\/revisions"}],"predecessor-version":[{"id":703,"href":"http:\/\/caritas.diecezja.wloclawek.pl\/index.php?rest_route=\/wp\/v2\/posts\/702\/revisions\/703"}],"wp:featuredmedia":[{"embeddable":true,"href":"http:\/\/caritas.diecezja.wloclawek.pl\/index.php?rest_route=\/wp\/v2\/media\/700"}],"wp:attachment":[{"href":"http:\/\/caritas.diecezja.wloclawek.pl\/index.php?rest_route=%2Fwp%2Fv2%2Fmedia&parent=702"}],"wp:term":[{"taxonomy":"category","embeddable":true,"href":"http:\/\/caritas.diecezja.wloclawek.pl\/index.php?rest_route=%2Fwp%2Fv2%2Fcategories&post=702"},{"taxonomy":"post_tag","embeddable":true,"href":"http:\/\/caritas.diecezja.wloclawek.pl\/index.php?rest_route=%2Fwp%2Fv2%2Ftags&post=702"}],"curies":[{"name":"wp","href":"https:\/\/api.w.org\/{rel}","templated":true}]}}