{"id":699,"date":"2013-11-10T23:03:36","date_gmt":"2013-11-10T22:03:36","guid":{"rendered":"http:\/\/caritas.diecezja.wloclawek.pl\/?p=699"},"modified":"2017-11-04T23:05:13","modified_gmt":"2017-11-04T22:05:13","slug":"podsumowanie-zbiorki-na-pomoc-dla-ofiar-konfliktu-w-syrii","status":"publish","type":"post","link":"http:\/\/caritas.diecezja.wloclawek.pl\/?p=699","title":{"rendered":"Podsumowanie zbi\u00f3rki na pomoc dla ofiar konfliktu w Syrii"},"content":{"rendered":"<p><em>\u201eDramat, jaki prze\u017cywa nar\u00f3d syryjski, w tym r\u00f3wnie\u017c tamtejsi chrze\u015bcijanie, porusza serca, mobilizuje do modlitwy, ale r\u00f3wnie\u017c domaga si\u0119 dzia\u0142ania, a wi\u0119c zapewnienia uchod\u017acom \u017cywno\u015bci, lek\u00f3w, odzie\u017cy oraz poczucia minimum bezpiecze\u0144stwa\u201d (abp J\u00f3zef Michalik)<\/em><\/p>\n<p>Wierni diecezji w\u0142oc\u0142awskiej z otwartymi sercami odpowiedzieli na pro\u015bb\u0119 i zatroskanie Ojca \u015awi\u0119tego Franciszka o los uchod\u017ac\u00f3w syryjskich, podzielane przez biskup\u00f3w polskich. W niedziel\u0119 6 pa\u017adziernika br., diecezjanie w duchy mi\u0142o\u015bci chrze\u015bcija\u0144skiej, z\u0142o\u017cyli do puszek 67 tysi\u0119cy z\u0142otych. Ca\u0142a kwota zosta\u0142a przekazana na konto Caritas Polskiej, kt\u00f3ra organizuje pomoc dla uchod\u017ac\u00f3w syryjskich w imieniu Ko\u015bcio\u0142a Katolickiego w Polsce.<\/p>\n<p>&nbsp;<\/p>\n<p><a href=\"http:\/\/caritas.diecezja.wloclawek.pl\/wp-content\/uploads\/2017\/11\/Caritas-zbiorka.jpg\"><img loading=\"lazy\" class=\"aligncenter size-medium wp-image-700\" src=\"http:\/\/caritas.diecezja.wloclawek.pl\/wp-content\/uploads\/2017\/11\/Caritas-zbiorka-300x224.jpg\" alt=\"\" width=\"300\" height=\"224\" \/><\/a><\/p>\n","protected":false},"excerpt":{"rendered":"<p>&#46;&#46;&#46;<\/p>\n","protected":false},"author":1,"featured_media":700,"comment_status":"open","ping_status":"open","sticky":false,"template":"","format":"standard","meta":[],"categories":[2],"tags":[],"_links":{"self":[{"href":"http:\/\/caritas.diecezja.wloclawek.pl\/index.php?rest_route=\/wp\/v2\/posts\/699"}],"collection":[{"href":"http:\/\/caritas.diecezja.wloclawek.pl\/index.php?rest_route=\/wp\/v2\/posts"}],"about":[{"href":"http:\/\/caritas.diecezja.wloclawek.pl\/index.php?rest_route=\/wp\/v2\/types\/post"}],"author":[{"embeddable":true,"href":"http:\/\/caritas.diecezja.wloclawek.pl\/index.php?rest_route=\/wp\/v2\/users\/1"}],"replies":[{"embeddable":true,"href":"http:\/\/caritas.diecezja.wloclawek.pl\/index.php?rest_route=%2Fwp%2Fv2%2Fcomments&post=699"}],"version-history":[{"count":1,"href":"http:\/\/caritas.diecezja.wloclawek.pl\/index.php?rest_route=\/wp\/v2\/posts\/699\/revisions"}],"predecessor-version":[{"id":701,"href":"http:\/\/caritas.diecezja.wloclawek.pl\/index.php?rest_route=\/wp\/v2\/posts\/699\/revisions\/701"}],"wp:featuredmedia":[{"embeddable":true,"href":"http:\/\/caritas.diecezja.wloclawek.pl\/index.php?rest_route=\/wp\/v2\/media\/700"}],"wp:attachment":[{"href":"http:\/\/caritas.diecezja.wloclawek.pl\/index.php?rest_route=%2Fwp%2Fv2%2Fmedia&parent=699"}],"wp:term":[{"taxonomy":"category","embeddable":true,"href":"http:\/\/caritas.diecezja.wloclawek.pl\/index.php?rest_route=%2Fwp%2Fv2%2Fcategories&post=699"},{"taxonomy":"post_tag","embeddable":true,"href":"http:\/\/caritas.diecezja.wloclawek.pl\/index.php?rest_route=%2Fwp%2Fv2%2Ftags&post=699"}],"curies":[{"name":"wp","href":"https:\/\/api.w.org\/{rel}","templated":true}]}}