{"id":696,"date":"2013-11-15T23:00:30","date_gmt":"2013-11-15T22:00:30","guid":{"rendered":"http:\/\/caritas.diecezja.wloclawek.pl\/?p=696"},"modified":"2017-11-04T23:03:26","modified_gmt":"2017-11-04T22:03:26","slug":"bp-mering-apeluje-o-pomoc-poszkodowanym-przez-tajfun-na-filipinach","status":"publish","type":"post","link":"http:\/\/caritas.diecezja.wloclawek.pl\/?p=696","title":{"rendered":"Bp Mering apeluje o pomoc poszkodowanym przez tajfun na Filipinach"},"content":{"rendered":"<p>O zorganizowanie zbi\u00f3rki do puszek po wszystkich Mszach \u015bw. w niedziel\u0119, 17 listopada br. na pomoc ofiarom tajfunu na Filipinach zwr\u00f3ci\u0142 si\u0119 do diecezjan w\u0142oc\u0142awskich bp Wies\u0142aw Mering. \u201eNasze ofiary pomog\u0105, w jakim\u015b stopniu, odzyska\u0107 Filipi\u0144czykom nadziej\u0119 i wol\u0119 \u017cycia\u201d \u2013 napisa\u0142 Biskup W\u0142oc\u0142awski.<\/p>\n<p>Oto tre\u015b\u0107 apelu:<\/p>\n<p>&nbsp;<\/p>\n<p>Drodzy Bracia i Siostry,<br \/>\nDrodzy Ksi\u0119\u017ca!<\/p>\n<p>Wobec straszliwego nieszcz\u0119\u015bcia, kt\u00f3re dotkn\u0119\u0142o Filipiny, a jego rozmiary widzimy w obrazach naszych telewizor\u00f3w \u2013 zwracam si\u0119 do duszpasterzy i wiernych Ko\u015bcio\u0142a W\u0142oc\u0142awskiego z apelem o zorganizowanie zbi\u00f3rki do puszek po wszystkich Mszach \u015bw. w niedziel\u0119, 17 listopada br.<\/p>\n<p>Dotkni\u0119ci nieszcz\u0119\u015bciem ludzie potrzebuj\u0105 wszystkiego: wody, \u017cywno\u015bci, \u015brodk\u00f3w higieny, ubra\u0144.<br \/>\nNasze ofiary pomog\u0105, w jakim\u015b stopniu, odzyska\u0107 Filipi\u0144czykom nadziej\u0119 i wol\u0119 \u017cycia. Wielu z nich to nasi bracia \u2013 chrze\u015bcijanie. Pom\u00f3\u017cmy im tyle \u2013 ile nam podpowie serce!<br \/>\nProsz\u0119, by wierni \u015bwieccy dopomogli duszpasterzom w organizowaniu zbi\u00f3rki.<\/p>\n<p>Dobroczy\u0144com b\u0142ogos\u0142awi\u0119 i polecam ich Mi\u0142osierdziu Pana.<\/p>\n<p>+ Wies\u0142aw Mering<br \/>\nBISKUP W\u0141OC\u0141AWSKI<\/p>\n<p>&nbsp;<\/p>\n<p><a href=\"http:\/\/caritas.diecezja.wloclawek.pl\/wp-content\/uploads\/2017\/11\/Fillipiny-pomoc.jpg\"><img loading=\"lazy\" class=\"aligncenter  wp-image-697\" src=\"http:\/\/caritas.diecezja.wloclawek.pl\/wp-content\/uploads\/2017\/11\/Fillipiny-pomoc-300x194.jpg\" alt=\"\" width=\"397\" height=\"257\" srcset=\"http:\/\/caritas.diecezja.wloclawek.pl\/wp-content\/uploads\/2017\/11\/Fillipiny-pomoc-300x194.jpg 300w, http:\/\/caritas.diecezja.wloclawek.pl\/wp-content\/uploads\/2017\/11\/Fillipiny-pomoc-768x497.jpg 768w, http:\/\/caritas.diecezja.wloclawek.pl\/wp-content\/uploads\/2017\/11\/Fillipiny-pomoc.jpg 816w\" sizes=\"(max-width: 397px) 100vw, 397px\" \/><\/a><\/p>\n","protected":false},"excerpt":{"rendered":"<p>&#46;&#46;&#46;<\/p>\n","protected":false},"author":1,"featured_media":697,"comment_status":"open","ping_status":"open","sticky":false,"template":"","format":"standard","meta":[],"categories":[2],"tags":[],"_links":{"self":[{"href":"http:\/\/caritas.diecezja.wloclawek.pl\/index.php?rest_route=\/wp\/v2\/posts\/696"}],"collection":[{"href":"http:\/\/caritas.diecezja.wloclawek.pl\/index.php?rest_route=\/wp\/v2\/posts"}],"about":[{"href":"http:\/\/caritas.diecezja.wloclawek.pl\/index.php?rest_route=\/wp\/v2\/types\/post"}],"author":[{"embeddable":true,"href":"http:\/\/caritas.diecezja.wloclawek.pl\/index.php?rest_route=\/wp\/v2\/users\/1"}],"replies":[{"embeddable":true,"href":"http:\/\/caritas.diecezja.wloclawek.pl\/index.php?rest_route=%2Fwp%2Fv2%2Fcomments&post=696"}],"version-history":[{"count":1,"href":"http:\/\/caritas.diecezja.wloclawek.pl\/index.php?rest_route=\/wp\/v2\/posts\/696\/revisions"}],"predecessor-version":[{"id":698,"href":"http:\/\/caritas.diecezja.wloclawek.pl\/index.php?rest_route=\/wp\/v2\/posts\/696\/revisions\/698"}],"wp:featuredmedia":[{"embeddable":true,"href":"http:\/\/caritas.diecezja.wloclawek.pl\/index.php?rest_route=\/wp\/v2\/media\/697"}],"wp:attachment":[{"href":"http:\/\/caritas.diecezja.wloclawek.pl\/index.php?rest_route=%2Fwp%2Fv2%2Fmedia&parent=696"}],"wp:term":[{"taxonomy":"category","embeddable":true,"href":"http:\/\/caritas.diecezja.wloclawek.pl\/index.php?rest_route=%2Fwp%2Fv2%2Fcategories&post=696"},{"taxonomy":"post_tag","embeddable":true,"href":"http:\/\/caritas.diecezja.wloclawek.pl\/index.php?rest_route=%2Fwp%2Fv2%2Ftags&post=696"}],"curies":[{"name":"wp","href":"https:\/\/api.w.org\/{rel}","templated":true}]}}