{"id":694,"date":"2013-11-28T23:30:50","date_gmt":"2013-11-28T22:30:50","guid":{"rendered":"http:\/\/caritas.diecezja.wloclawek.pl\/?p=694"},"modified":"2017-11-02T23:33:24","modified_gmt":"2017-11-02T22:33:24","slug":"caritas-po-raz-dwudziesty-rozpoczyna-akcje-wigilijnego-dziela-pomocy-dzieciom","status":"publish","type":"post","link":"http:\/\/caritas.diecezja.wloclawek.pl\/?p=694","title":{"rendered":"Caritas po raz dwudziesty rozpoczyna akcj\u0119 Wigilijnego Dzie\u0142a Pomocy Dzieciom"},"content":{"rendered":"<p>Akcja polega na rozprowadzaniu charytatywnych \u015bwiec bo\u017conarodzeniowych z kt\u00f3rych doch\u00f3d przeznaczony jest na pomoc dzieciom z najubo\u017cszych rodzin. W ci\u0105gu 20 lat na polskich sto\u0142ach stan\u0119\u0142o wiele milion\u00f3w \u015bwiec Caritas. Setki tysi\u0119cy dzieci mog\u0142y dzi\u0119ki temu wyjecha\u0107 na wakacje, otrzyma\u0107 wy\u017cywienie czy zwi\u0119kszy\u0107 swoje szanse w edukacji. Wigilijna \u015awieca Caritas dzi\u0119ki swojej popularno\u015bci sta\u0142a si\u0119 obok op\u0142atka i choinki jedn\u0105 z nieod\u0142\u0105cznych cz\u0119\u015bci polskiego obyczaju \u015bwi\u0105tecznego.<\/p>\n<p>Akcja, kt\u00f3ra lokalnie zosta\u0142a przeprowadzona w 1993 roku, w roku 1994 uzyska\u0142a wymiar og\u00f3lnopolski. W 1997 roku z ide\u0105 betlejemskiego \u015bwiat\u0142a pokoju przy\u0142\u0105czyli si\u0119 do niej harcerze ZHP, dzi\u0119ki temu \u015bwieca Caritas dociera\u0142a m. in. do Prymasa Polski, Prezesa Rady Ministr\u00f3w, Prezydenta RP, Sejmu i Senatu. W 2000 jubileuszowym roku Wigilijne Dzie\u0142o Caritas sta\u0142o si\u0119 akcj\u0105 ekumeniczn\u0105, przy\u0142\u0105czy\u0142y si\u0119 do niej charytatywne organizacje Ko\u015bcio\u0142a Prawos\u0142awnego i Ewangelickiego &#8211; Eleos i Diakonia.<\/p>\n<p>Przez 20 lat uda\u0142o nam si\u0119 pom\u00f3c setkom tysi\u0119cy dzieci. \u015awieca Caritas, kt\u00f3ra symbolicznie wype\u0142nia puste miejsce przy wigilijnym stole nabiera w ten spos\u00f3b wyj\u0105tkowo mocnej tre\u015bci. Opowiada ona o wielkim sercu Polak\u00f3w, o ich wra\u017cliwo\u015bci na potrzeby najs\u0142abszych \u2013 powiedzia\u0142 ksi\u0105dz Marian Subocz &#8211; dyrektor Caritas Polska.<\/p>\n<p>Has\u0142em tegorocznej akcji s\u0105 s\u0142owa: ROZJA\u015aNIJ DZIECIOM PRZYSZ\u0141O\u015a\u0106. Maj\u0105 one ukaza\u0107 wp\u0142yw jaki mi\u0142o\u015b\u0107 bli\u017aniego oraz realna pomoc materialna maj\u0105 na los najubo\u017cszych dzieci.<\/p>\n<p>Akcj\u0119 mo\u017cna wesprze\u0107 kupuj\u0105c wigilijn\u0105 \u015bwiec\u0119 Caritas w ka\u017cdej parafii naszej diecezji, wysy\u0142aj\u0105c SMS z has\u0142em POMAGAM na numer 72052 (koszt 2,46 z\u0142 z VAT), lub przez wp\u0142at\u0119 na konto Caritas Diecezji W\u0142oc\u0142awskiej (PKO BP S.A. 36 1020 5170 0000 1502 0059 7583).<br \/>\nSzczeg\u00f3\u0142y na stronie www.wigilijnedzielocaritas.com Informacje o dwudziestu latach Wigilijnego Dzie\u0142a Pomocy Dzieciom znajd\u0105 si\u0119 r\u00f3wnie\u017c na stronie www.facebook.com\/akcjecaritas<\/p>\n<p>Patronami medialnymi wydarzenia s\u0105: TVP1, Polskie Radio oraz Go\u015b\u0107 Niedzielny<\/p>\n<p><strong>XX WIGILIJNE DZIE\u0141O POMOCY DZIECIOM<\/strong><br \/>\n<strong>Historia i statystyka<\/strong><\/p>\n<p>Pocz\u0105tki Wigilijnego Dzie\u0142a Pomocy Dzieciom si\u0119gaj\u0105 roku 1993. W kilku diecezjach przeprowadzono w\u00f3wczas pilota\u017cow\u0105 akcj\u0119. W 1994 roku na zebraniu dyrektor\u00f3w Caritas diecezjalnych w Rusinowicach, kt\u00f3remu przewodniczy\u0142 ks. Marian Subocz, dyrektor Caritas Polska, akcja zyska\u0142a wymiar og\u00f3lnopolski. Pocz\u0105tkowo mia\u0142a te\u017c inn\u0105 nazw\u0119 \u2013 \u201eBo\u017conarodzeniowa \u015awieca Caritas\u201d. Jej symbolem by\u0142a \u015bwieca z napisem Caritas, kt\u00f3ra mia\u0142a sta\u0107 na wigilijnym stole, przy dodatkowym nakryciu i wyra\u017ca\u0107 gotowo\u015b\u0107 domownik\u00f3w na przyj\u0119cie Chrystusa w ka\u017cdym, kto wymaga pomocy. Ca\u0142y doch\u00f3d ze sprzeda\u017cy \u015bwiec przeznaczany by\u0142 na pomoc dzieciom z ubogich rodzin, zw\u0142aszcza na sfinansowanie do\u017cywiania w szko\u0142ach.<\/p>\n<p>Inicjatywa spotka\u0142a si\u0119 z wielkim odzewem wiernych. Na zebraniu dyrektor\u00f3w Caritas diecezjalnych w 1995 r. postanowiono, \u017ce projekt b\u0119dzie kontynuowany pod nazw\u0105 &#8222;Wigilijne Dzie\u0142o Pomocy Dzieciom&#8221;. W promocj\u0119 zaanga\u017cowa\u0142y si\u0119 \u015brodki spo\u0142ecznego przekazu \u2013 krajowe i lokalne.<\/p>\n<p>W roku 1996 postanowiono o przeznaczeniu 10 groszy z ka\u017cdej rozprowadzonej \u015bwiecy na projekty pomocowe dla dzieci \u017cyj\u0105cych w najubo\u017cszych krajach \u015bwiata, realizowane bezpo\u015brednio przez Caritas Polska.<\/p>\n<p>W tym samym roku w Wigilijne Dzie\u0142o Pomocy Dzieciom w\u0142\u0105czyli si\u0119 harcerze z ZHP prowadz\u0105cy w Polsce akcj\u0119 przekazywania Betlejemskiego \u015awiat\u0142a Pokoju. \u015awiat\u0142o zapalane w grocie Narodzenia Pa\u0144skiego, a wraz z nim wigilijna \u015bwieca Caritas, dociera\u0142a m. in. do Prymasa Polski, Prezesa Rady Ministr\u00f3w, Prezydenta RP, Sejmu i Senatu.<\/p>\n<p>Rok jubileuszowy 2000 to pierwsze ekumeniczne WDPD z udzia\u0142em Ko\u015bcio\u0142a Prawos\u0142awnego i Ewangelicko-Augsburskiego w RP.<br \/>\nW 2011 r. patronat honorowy nad akcj\u0105 obj\u0105\u0142 Rzecznik Praw Dziecka RP.<\/p>\n<p><strong>Statystyki<\/strong><br \/>\nW pierwszym roku akcji rozprowadzono 260 tys. \u015bwiec, ale zapotrzebowanie by\u0142o du\u017co wi\u0119ksze.<\/p>\n<p>Rok p\u00f3\u017aniej, w 1995 r. rozprowadzono blisko 2 mln \u015bwiec, z kt\u00f3rych doch\u00f3d wyni\u00f3s\u0142 ok. 3 mln z\u0142.<\/p>\n<p>W roku X-lecia (2003) WDPD wierni w Polsce nabyli ponad 4,5 mln \u015bwiec, ofiaruj\u0105c za nie 14 mln z\u0142.<\/p>\n<p>&nbsp;<\/p>\n","protected":false},"excerpt":{"rendered":"<p>&#46;&#46;&#46;<\/p>\n","protected":false},"author":1,"featured_media":0,"comment_status":"open","ping_status":"open","sticky":false,"template":"","format":"standard","meta":[],"categories":[2],"tags":[],"_links":{"self":[{"href":"http:\/\/caritas.diecezja.wloclawek.pl\/index.php?rest_route=\/wp\/v2\/posts\/694"}],"collection":[{"href":"http:\/\/caritas.diecezja.wloclawek.pl\/index.php?rest_route=\/wp\/v2\/posts"}],"about":[{"href":"http:\/\/caritas.diecezja.wloclawek.pl\/index.php?rest_route=\/wp\/v2\/types\/post"}],"author":[{"embeddable":true,"href":"http:\/\/caritas.diecezja.wloclawek.pl\/index.php?rest_route=\/wp\/v2\/users\/1"}],"replies":[{"embeddable":true,"href":"http:\/\/caritas.diecezja.wloclawek.pl\/index.php?rest_route=%2Fwp%2Fv2%2Fcomments&post=694"}],"version-history":[{"count":1,"href":"http:\/\/caritas.diecezja.wloclawek.pl\/index.php?rest_route=\/wp\/v2\/posts\/694\/revisions"}],"predecessor-version":[{"id":695,"href":"http:\/\/caritas.diecezja.wloclawek.pl\/index.php?rest_route=\/wp\/v2\/posts\/694\/revisions\/695"}],"wp:attachment":[{"href":"http:\/\/caritas.diecezja.wloclawek.pl\/index.php?rest_route=%2Fwp%2Fv2%2Fmedia&parent=694"}],"wp:term":[{"taxonomy":"category","embeddable":true,"href":"http:\/\/caritas.diecezja.wloclawek.pl\/index.php?rest_route=%2Fwp%2Fv2%2Fcategories&post=694"},{"taxonomy":"post_tag","embeddable":true,"href":"http:\/\/caritas.diecezja.wloclawek.pl\/index.php?rest_route=%2Fwp%2Fv2%2Ftags&post=694"}],"curies":[{"name":"wp","href":"https:\/\/api.w.org\/{rel}","templated":true}]}}