{"id":6787,"date":"2023-09-01T12:52:57","date_gmt":"2023-09-01T11:52:57","guid":{"rendered":"http:\/\/caritas.diecezja.wloclawek.pl\/?p=6787"},"modified":"2023-09-01T12:52:57","modified_gmt":"2023-09-01T11:52:57","slug":"wakacyjne-spotkania-w-cpmiu","status":"publish","type":"post","link":"http:\/\/caritas.diecezja.wloclawek.pl\/?p=6787","title":{"rendered":"Wakacyjne spotkania w CPMiU"},"content":{"rendered":"<p>Zgodnie z powiedzeniem: &#8222;kto\u015b musi pracowa\u0107, \u017ceby odpocz\u0105\u0107 m\u00f3g\u0142 kto\u015b', pracownicy Centrum Pomocy Migrantom i Uchod\u017acom przez ca\u0142e wakacje uwijali si\u0119 jak mr\u00f3weczki, by wesprze\u0107 swoich podopiecznych.<\/p>\n<p>Przez ca\u0142y okres letnich ferii Centrum wspiera\u0142o Beneficjent\u00f3w pomoc\u0105 rzeczow\u0105 w postaci paczek \u017cywno\u015bciowo-chemicznych, odzie\u017cy, tekstyli\u00f3w, pomoc\u0105 psychologiczn\u0105 oraz w zakresie doradztwa zawodowego. Ponadto po raz kolejny w\u0142oc\u0142awskie CPMiU przeprowadzi\u0142o akcj\u0119 wydawania e-kod\u00f3w do sieci sklep\u00f3w Biedronka. Jednak\u017ce najwi\u0119kszy nacisk pracownicy CPMiU postawili na relaks swoich podopiecznych.<\/p>\n<p>G\u0142\u00f3wnymi atrakcjami by\u0142y wyjazdy. Dzieci pojecha\u0142y na wycieczk\u0119 do \u0142\u00f3dzkiego Orientarium. W tym najnowocze\u015bniejszym kompleksie prezentuj\u0105cym faun\u0119 i flor\u0119 Azji Po\u0142udniowo-Wschodniej mali podr\u00f3\u017cnicy mieli okazj\u0119 podziwia\u0107 rekordowych rozmiar\u00f3w krokodyla gawialowego, krytycznie zagro\u017cone w naturze orangutany sumatrza\u0144skie oraz podwodny tunel, z kt\u00f3rego ogl\u0105da\u0142y przep\u0142ywaj\u0105ce nad g\u0142owami rekiny i p\u0142aszczki. Spor\u0105 atrakcj\u0105 by\u0142o podgl\u0105danie karmienia i k\u0105pieli najwi\u0119kszego w Europie s\u0142onia indyjskiego oraz jego mniejszych koleg\u00f3w.\u00a0 Na rozleg\u0142ym terenie zoo podopieczni CPMiU podziwiali zwierz\u0119ta rzadko spotykane i zagro\u017cone wygini\u0119ciem w naturze ( m. in. oryksy szablorogie, tygrysy syberyjskie, pandy ma\u0142e). Ponadto ogl\u0105dali ma\u0142piarni\u0119, akwarium, motylarni\u0119, czy te\u017c ekspozycje wiwarium. Najwi\u0119kszy zachwyt wzbudzi\u0142y \u017cyrafy, lemury, pingwiny i kapibary. Oczywi\u015bcie podczas wycieczki nie zabrak\u0142o pysznego obiadu, lod\u00f3w oraz chwili na zabaw\u0119 na placu zabaw. Po minach i emocjach, jakie towarzyszy\u0142y naszym ma\u0142ym podr\u00f3\u017cnikom z ca\u0142\u0105 pewno\u015bci\u0105 mo\u017cna wywnioskowa\u0107, \u017ce wycieczka nale\u017ca\u0142a do udanych.<\/p>\n<p>Z kolei doro\u015bli zostali zabrani do Rancha pod Olszyn\u0105. W<span class=\"x193iq5w xeuugli x13faqbe x1vvkbs x1xmvt09 x1lliihq x1s928wv xhkezso x1gmr53x x1cpjm7i x1fgarty x1943h6x xudqn12 x3x7a5m x6prxxf xvq8zen xo1l8bm xzsf02u x1yc453h\" dir=\"auto\">spania\u0142ego miejsce z cudownymi lud\u017ami i mn\u00f3stwem atrakcji! By\u0142o strzelanie z wiatr\u00f3wki do celu, je\u017adzieckie pr\u00f3by konne, zwiedzanie rancza, przeja\u017cd\u017cka konnym tramwajem oraz ognisko <span class=\"x3nfvp2 x1j61x8r x1fcty0u xdj266r xhhsvwb xat24cr xgzva0m xxymvpz xlup9mm x1kky2od\">z pysznymi kie\u0142baskami<\/span>. Wyjazd up\u0142yn\u0105\u0142 pod znakiem wypoczynku, \u015bmiechu, nowych znajomo\u015bci, kolejnych plan\u00f3w i pomys\u0142\u00f3w. <\/span><\/p>\n<p>Opr\u00f3cz wyjazd\u00f3w pracownicy Centrum organizowali dla swoich podopiecznych &#8211; zar\u00f3wno du\u017cych, jak i ma\u0142ych &#8211; prywatne kino. By\u0142 popcorn, s\u0142odkie przek\u0105ski, du\u017co \u015bmiechu i sympatycznej atmosfery.<\/p>\n<p>Wiadomo jednak, \u017ce jak wakacje to g\u0142\u00f3wnie czas wypoczynku dzieci. I to w\u0142a\u015bnie one wraz z podopiecznymi naszej \u015bwietlicy korzysta\u0142y z tego czasu najwi\u0119cej. Bra\u0142y udzia\u0142 w warsztatach sensorycznych, p\u0142ywa\u0142y w basenie, wspina\u0142y si\u0119 w parku linowym, skaka\u0142y na trampolinach, wspina\u0142y si\u0119 w parku linowym, szala\u0142y na placu zabaw&#8230; i jeszcze wiele wi\u0119cej. Za\u015b na zako\u0144czenie letnich ferii wzi\u0119\u0142y udzia\u0142 w imprezie na po\u017cegnanie wakacji.<\/p>\n\n\t\t<style type=\"text\/css\">\n\t\t\t#gallery-1 {\n\t\t\t\tmargin: auto;\n\t\t\t}\n\t\t\t#gallery-1 .gallery-item {\n\t\t\t\tfloat: left;\n\t\t\t\tmargin-top: 10px;\n\t\t\t\ttext-align: center;\n\t\t\t\twidth: 11%;\n\t\t\t}\n\t\t\t#gallery-1 img {\n\t\t\t\tborder: 2px solid #cfcfcf;\n\t\t\t}\n\t\t\t#gallery-1 .gallery-caption {\n\t\t\t\tmargin-left: 0;\n\t\t\t}\n\t\t\t\/* see gallery_shortcode() in wp-includes\/media.php *\/\n\t\t<\/style>\n\t\t<div id='gallery-1' class='gallery galleryid-6787 gallery-columns-9 gallery-size-thumbnail'><dl class='gallery-item'>\n\t\t\t<dt class='gallery-icon landscape'>\n\t\t\t\t<a href='http:\/\/caritas.diecezja.wloclawek.pl\/?attachment_id=6789'><img width=\"150\" height=\"150\" src=\"http:\/\/caritas.diecezja.wloclawek.pl\/wp-content\/uploads\/2023\/09\/1-150x150.jpg\" class=\"attachment-thumbnail size-thumbnail\" alt=\"\" loading=\"lazy\" srcset=\"http:\/\/caritas.diecezja.wloclawek.pl\/wp-content\/uploads\/2023\/09\/1-150x150.jpg 150w, http:\/\/caritas.diecezja.wloclawek.pl\/wp-content\/uploads\/2023\/09\/1-80x80.jpg 80w, http:\/\/caritas.diecezja.wloclawek.pl\/wp-content\/uploads\/2023\/09\/1-320x320.jpg 320w\" sizes=\"(max-width: 150px) 100vw, 150px\" \/><\/a>\n\t\t\t<\/dt><\/dl><dl class='gallery-item'>\n\t\t\t<dt class='gallery-icon portrait'>\n\t\t\t\t<a href='http:\/\/caritas.diecezja.wloclawek.pl\/?attachment_id=6790'><img width=\"150\" height=\"150\" src=\"http:\/\/caritas.diecezja.wloclawek.pl\/wp-content\/uploads\/2023\/09\/2-2-150x150.jpg\" class=\"attachment-thumbnail size-thumbnail\" alt=\"\" loading=\"lazy\" srcset=\"http:\/\/caritas.diecezja.wloclawek.pl\/wp-content\/uploads\/2023\/09\/2-2-150x150.jpg 150w, http:\/\/caritas.diecezja.wloclawek.pl\/wp-content\/uploads\/2023\/09\/2-2-80x80.jpg 80w, http:\/\/caritas.diecezja.wloclawek.pl\/wp-content\/uploads\/2023\/09\/2-2-320x320.jpg 320w\" sizes=\"(max-width: 150px) 100vw, 150px\" \/><\/a>\n\t\t\t<\/dt><\/dl><dl class='gallery-item'>\n\t\t\t<dt class='gallery-icon portrait'>\n\t\t\t\t<a href='http:\/\/caritas.diecezja.wloclawek.pl\/?attachment_id=6791'><img width=\"150\" height=\"150\" src=\"http:\/\/caritas.diecezja.wloclawek.pl\/wp-content\/uploads\/2023\/09\/2-150x150.jpg\" class=\"attachment-thumbnail size-thumbnail\" alt=\"\" loading=\"lazy\" srcset=\"http:\/\/caritas.diecezja.wloclawek.pl\/wp-content\/uploads\/2023\/09\/2-150x150.jpg 150w, http:\/\/caritas.diecezja.wloclawek.pl\/wp-content\/uploads\/2023\/09\/2-80x80.jpg 80w, http:\/\/caritas.diecezja.wloclawek.pl\/wp-content\/uploads\/2023\/09\/2-320x320.jpg 320w\" sizes=\"(max-width: 150px) 100vw, 150px\" \/><\/a>\n\t\t\t<\/dt><\/dl><dl class='gallery-item'>\n\t\t\t<dt class='gallery-icon landscape'>\n\t\t\t\t<a href='http:\/\/caritas.diecezja.wloclawek.pl\/?attachment_id=6792'><img width=\"150\" height=\"150\" src=\"http:\/\/caritas.diecezja.wloclawek.pl\/wp-content\/uploads\/2023\/09\/3-150x150.jpg\" class=\"attachment-thumbnail size-thumbnail\" alt=\"\" loading=\"lazy\" srcset=\"http:\/\/caritas.diecezja.wloclawek.pl\/wp-content\/uploads\/2023\/09\/3-150x150.jpg 150w, http:\/\/caritas.diecezja.wloclawek.pl\/wp-content\/uploads\/2023\/09\/3-80x80.jpg 80w, http:\/\/caritas.diecezja.wloclawek.pl\/wp-content\/uploads\/2023\/09\/3-320x320.jpg 320w\" sizes=\"(max-width: 150px) 100vw, 150px\" \/><\/a>\n\t\t\t<\/dt><\/dl><dl class='gallery-item'>\n\t\t\t<dt class='gallery-icon portrait'>\n\t\t\t\t<a href='http:\/\/caritas.diecezja.wloclawek.pl\/?attachment_id=6793'><img width=\"150\" height=\"150\" src=\"http:\/\/caritas.diecezja.wloclawek.pl\/wp-content\/uploads\/2023\/09\/5-150x150.jpg\" class=\"attachment-thumbnail size-thumbnail\" alt=\"\" loading=\"lazy\" srcset=\"http:\/\/caritas.diecezja.wloclawek.pl\/wp-content\/uploads\/2023\/09\/5-150x150.jpg 150w, http:\/\/caritas.diecezja.wloclawek.pl\/wp-content\/uploads\/2023\/09\/5-80x80.jpg 80w, http:\/\/caritas.diecezja.wloclawek.pl\/wp-content\/uploads\/2023\/09\/5-320x320.jpg 320w\" sizes=\"(max-width: 150px) 100vw, 150px\" \/><\/a>\n\t\t\t<\/dt><\/dl><dl class='gallery-item'>\n\t\t\t<dt class='gallery-icon portrait'>\n\t\t\t\t<a href='http:\/\/caritas.diecezja.wloclawek.pl\/?attachment_id=6794'><img width=\"150\" height=\"150\" src=\"http:\/\/caritas.diecezja.wloclawek.pl\/wp-content\/uploads\/2023\/09\/8-150x150.jpg\" class=\"attachment-thumbnail size-thumbnail\" alt=\"\" loading=\"lazy\" srcset=\"http:\/\/caritas.diecezja.wloclawek.pl\/wp-content\/uploads\/2023\/09\/8-150x150.jpg 150w, http:\/\/caritas.diecezja.wloclawek.pl\/wp-content\/uploads\/2023\/09\/8-80x80.jpg 80w, http:\/\/caritas.diecezja.wloclawek.pl\/wp-content\/uploads\/2023\/09\/8-320x320.jpg 320w\" sizes=\"(max-width: 150px) 100vw, 150px\" \/><\/a>\n\t\t\t<\/dt><\/dl><dl class='gallery-item'>\n\t\t\t<dt class='gallery-icon portrait'>\n\t\t\t\t<a href='http:\/\/caritas.diecezja.wloclawek.pl\/?attachment_id=6795'><img width=\"150\" height=\"150\" src=\"http:\/\/caritas.diecezja.wloclawek.pl\/wp-content\/uploads\/2023\/09\/9-150x150.jpg\" class=\"attachment-thumbnail size-thumbnail\" alt=\"\" loading=\"lazy\" srcset=\"http:\/\/caritas.diecezja.wloclawek.pl\/wp-content\/uploads\/2023\/09\/9-150x150.jpg 150w, http:\/\/caritas.diecezja.wloclawek.pl\/wp-content\/uploads\/2023\/09\/9-80x80.jpg 80w, http:\/\/caritas.diecezja.wloclawek.pl\/wp-content\/uploads\/2023\/09\/9-320x320.jpg 320w\" sizes=\"(max-width: 150px) 100vw, 150px\" \/><\/a>\n\t\t\t<\/dt><\/dl><dl class='gallery-item'>\n\t\t\t<dt class='gallery-icon landscape'>\n\t\t\t\t<a href='http:\/\/caritas.diecezja.wloclawek.pl\/?attachment_id=6796'><img width=\"150\" height=\"150\" src=\"http:\/\/caritas.diecezja.wloclawek.pl\/wp-content\/uploads\/2023\/09\/14-150x150.jpg\" class=\"attachment-thumbnail size-thumbnail\" alt=\"\" loading=\"lazy\" srcset=\"http:\/\/caritas.diecezja.wloclawek.pl\/wp-content\/uploads\/2023\/09\/14-150x150.jpg 150w, http:\/\/caritas.diecezja.wloclawek.pl\/wp-content\/uploads\/2023\/09\/14-80x80.jpg 80w, http:\/\/caritas.diecezja.wloclawek.pl\/wp-content\/uploads\/2023\/09\/14-320x320.jpg 320w\" sizes=\"(max-width: 150px) 100vw, 150px\" \/><\/a>\n\t\t\t<\/dt><\/dl><dl class='gallery-item'>\n\t\t\t<dt class='gallery-icon portrait'>\n\t\t\t\t<a href='http:\/\/caritas.diecezja.wloclawek.pl\/?attachment_id=6797'><img width=\"150\" height=\"150\" src=\"http:\/\/caritas.diecezja.wloclawek.pl\/wp-content\/uploads\/2023\/09\/15-150x150.jpg\" class=\"attachment-thumbnail size-thumbnail\" alt=\"\" loading=\"lazy\" srcset=\"http:\/\/caritas.diecezja.wloclawek.pl\/wp-content\/uploads\/2023\/09\/15-150x150.jpg 150w, http:\/\/caritas.diecezja.wloclawek.pl\/wp-content\/uploads\/2023\/09\/15-80x80.jpg 80w, http:\/\/caritas.diecezja.wloclawek.pl\/wp-content\/uploads\/2023\/09\/15-320x320.jpg 320w\" sizes=\"(max-width: 150px) 100vw, 150px\" \/><\/a>\n\t\t\t<\/dt><\/dl><br style=\"clear: both\" \/><dl class='gallery-item'>\n\t\t\t<dt class='gallery-icon landscape'>\n\t\t\t\t<a href='http:\/\/caritas.diecezja.wloclawek.pl\/?attachment_id=6798'><img width=\"150\" height=\"150\" src=\"http:\/\/caritas.diecezja.wloclawek.pl\/wp-content\/uploads\/2023\/09\/18-150x150.jpeg\" class=\"attachment-thumbnail size-thumbnail\" alt=\"\" loading=\"lazy\" srcset=\"http:\/\/caritas.diecezja.wloclawek.pl\/wp-content\/uploads\/2023\/09\/18-150x150.jpeg 150w, http:\/\/caritas.diecezja.wloclawek.pl\/wp-content\/uploads\/2023\/09\/18-80x80.jpeg 80w, http:\/\/caritas.diecezja.wloclawek.pl\/wp-content\/uploads\/2023\/09\/18-320x320.jpeg 320w\" sizes=\"(max-width: 150px) 100vw, 150px\" \/><\/a>\n\t\t\t<\/dt><\/dl><dl class='gallery-item'>\n\t\t\t<dt class='gallery-icon landscape'>\n\t\t\t\t<a href='http:\/\/caritas.diecezja.wloclawek.pl\/?attachment_id=6799'><img width=\"150\" height=\"150\" src=\"http:\/\/caritas.diecezja.wloclawek.pl\/wp-content\/uploads\/2023\/09\/19-150x150.jpeg\" class=\"attachment-thumbnail size-thumbnail\" alt=\"\" loading=\"lazy\" srcset=\"http:\/\/caritas.diecezja.wloclawek.pl\/wp-content\/uploads\/2023\/09\/19-150x150.jpeg 150w, http:\/\/caritas.diecezja.wloclawek.pl\/wp-content\/uploads\/2023\/09\/19-80x80.jpeg 80w, http:\/\/caritas.diecezja.wloclawek.pl\/wp-content\/uploads\/2023\/09\/19-320x320.jpeg 320w\" sizes=\"(max-width: 150px) 100vw, 150px\" \/><\/a>\n\t\t\t<\/dt><\/dl><dl class='gallery-item'>\n\t\t\t<dt class='gallery-icon portrait'>\n\t\t\t\t<a href='http:\/\/caritas.diecezja.wloclawek.pl\/?attachment_id=6800'><img width=\"150\" height=\"150\" src=\"http:\/\/caritas.diecezja.wloclawek.pl\/wp-content\/uploads\/2023\/09\/21-150x150.jpeg\" class=\"attachment-thumbnail size-thumbnail\" alt=\"\" loading=\"lazy\" srcset=\"http:\/\/caritas.diecezja.wloclawek.pl\/wp-content\/uploads\/2023\/09\/21-150x150.jpeg 150w, http:\/\/caritas.diecezja.wloclawek.pl\/wp-content\/uploads\/2023\/09\/21-80x80.jpeg 80w, http:\/\/caritas.diecezja.wloclawek.pl\/wp-content\/uploads\/2023\/09\/21-320x320.jpeg 320w\" sizes=\"(max-width: 150px) 100vw, 150px\" \/><\/a>\n\t\t\t<\/dt><\/dl><dl class='gallery-item'>\n\t\t\t<dt class='gallery-icon portrait'>\n\t\t\t\t<a href='http:\/\/caritas.diecezja.wloclawek.pl\/?attachment_id=6801'><img width=\"150\" height=\"150\" src=\"http:\/\/caritas.diecezja.wloclawek.pl\/wp-content\/uploads\/2023\/09\/24-150x150.jpg\" class=\"attachment-thumbnail size-thumbnail\" alt=\"\" loading=\"lazy\" srcset=\"http:\/\/caritas.diecezja.wloclawek.pl\/wp-content\/uploads\/2023\/09\/24-150x150.jpg 150w, http:\/\/caritas.diecezja.wloclawek.pl\/wp-content\/uploads\/2023\/09\/24-80x80.jpg 80w, http:\/\/caritas.diecezja.wloclawek.pl\/wp-content\/uploads\/2023\/09\/24-320x320.jpg 320w\" sizes=\"(max-width: 150px) 100vw, 150px\" \/><\/a>\n\t\t\t<\/dt><\/dl><dl class='gallery-item'>\n\t\t\t<dt class='gallery-icon portrait'>\n\t\t\t\t<a href='http:\/\/caritas.diecezja.wloclawek.pl\/?attachment_id=6802'><img width=\"150\" height=\"150\" src=\"http:\/\/caritas.diecezja.wloclawek.pl\/wp-content\/uploads\/2023\/09\/30-150x150.jpeg\" class=\"attachment-thumbnail size-thumbnail\" alt=\"\" loading=\"lazy\" srcset=\"http:\/\/caritas.diecezja.wloclawek.pl\/wp-content\/uploads\/2023\/09\/30-150x150.jpeg 150w, http:\/\/caritas.diecezja.wloclawek.pl\/wp-content\/uploads\/2023\/09\/30-80x80.jpeg 80w, http:\/\/caritas.diecezja.wloclawek.pl\/wp-content\/uploads\/2023\/09\/30-320x320.jpeg 320w\" sizes=\"(max-width: 150px) 100vw, 150px\" \/><\/a>\n\t\t\t<\/dt><\/dl><dl class='gallery-item'>\n\t\t\t<dt class='gallery-icon landscape'>\n\t\t\t\t<a href='http:\/\/caritas.diecezja.wloclawek.pl\/?attachment_id=6803'><img width=\"150\" height=\"150\" src=\"http:\/\/caritas.diecezja.wloclawek.pl\/wp-content\/uploads\/2023\/09\/31-150x150.jpg\" class=\"attachment-thumbnail size-thumbnail\" alt=\"\" loading=\"lazy\" srcset=\"http:\/\/caritas.diecezja.wloclawek.pl\/wp-content\/uploads\/2023\/09\/31-150x150.jpg 150w, http:\/\/caritas.diecezja.wloclawek.pl\/wp-content\/uploads\/2023\/09\/31-80x80.jpg 80w, http:\/\/caritas.diecezja.wloclawek.pl\/wp-content\/uploads\/2023\/09\/31-320x320.jpg 320w\" sizes=\"(max-width: 150px) 100vw, 150px\" \/><\/a>\n\t\t\t<\/dt><\/dl><dl class='gallery-item'>\n\t\t\t<dt class='gallery-icon portrait'>\n\t\t\t\t<a href='http:\/\/caritas.diecezja.wloclawek.pl\/?attachment_id=6804'><img width=\"150\" height=\"150\" src=\"http:\/\/caritas.diecezja.wloclawek.pl\/wp-content\/uploads\/2023\/09\/39-150x150.jpg\" class=\"attachment-thumbnail size-thumbnail\" alt=\"\" loading=\"lazy\" srcset=\"http:\/\/caritas.diecezja.wloclawek.pl\/wp-content\/uploads\/2023\/09\/39-150x150.jpg 150w, http:\/\/caritas.diecezja.wloclawek.pl\/wp-content\/uploads\/2023\/09\/39-80x80.jpg 80w, http:\/\/caritas.diecezja.wloclawek.pl\/wp-content\/uploads\/2023\/09\/39-320x320.jpg 320w\" sizes=\"(max-width: 150px) 100vw, 150px\" \/><\/a>\n\t\t\t<\/dt><\/dl><dl class='gallery-item'>\n\t\t\t<dt class='gallery-icon portrait'>\n\t\t\t\t<a href='http:\/\/caritas.diecezja.wloclawek.pl\/?attachment_id=6805'><img width=\"150\" height=\"150\" src=\"http:\/\/caritas.diecezja.wloclawek.pl\/wp-content\/uploads\/2023\/09\/49-150x150.jpg\" class=\"attachment-thumbnail size-thumbnail\" alt=\"\" loading=\"lazy\" srcset=\"http:\/\/caritas.diecezja.wloclawek.pl\/wp-content\/uploads\/2023\/09\/49-150x150.jpg 150w, http:\/\/caritas.diecezja.wloclawek.pl\/wp-content\/uploads\/2023\/09\/49-80x80.jpg 80w, http:\/\/caritas.diecezja.wloclawek.pl\/wp-content\/uploads\/2023\/09\/49-320x320.jpg 320w\" sizes=\"(max-width: 150px) 100vw, 150px\" \/><\/a>\n\t\t\t<\/dt><\/dl><dl class='gallery-item'>\n\t\t\t<dt class='gallery-icon portrait'>\n\t\t\t\t<a href='http:\/\/caritas.diecezja.wloclawek.pl\/?attachment_id=6806'><img width=\"150\" height=\"150\" src=\"http:\/\/caritas.diecezja.wloclawek.pl\/wp-content\/uploads\/2023\/09\/52-150x150.jpg\" class=\"attachment-thumbnail size-thumbnail\" alt=\"\" loading=\"lazy\" srcset=\"http:\/\/caritas.diecezja.wloclawek.pl\/wp-content\/uploads\/2023\/09\/52-150x150.jpg 150w, http:\/\/caritas.diecezja.wloclawek.pl\/wp-content\/uploads\/2023\/09\/52-80x80.jpg 80w, http:\/\/caritas.diecezja.wloclawek.pl\/wp-content\/uploads\/2023\/09\/52-320x320.jpg 320w\" sizes=\"(max-width: 150px) 100vw, 150px\" \/><\/a>\n\t\t\t<\/dt><\/dl><br style=\"clear: both\" \/><dl class='gallery-item'>\n\t\t\t<dt class='gallery-icon landscape'>\n\t\t\t\t<a href='http:\/\/caritas.diecezja.wloclawek.pl\/?attachment_id=6807'><img width=\"150\" height=\"150\" src=\"http:\/\/caritas.diecezja.wloclawek.pl\/wp-content\/uploads\/2023\/09\/20230812_111740-150x150.jpg\" class=\"attachment-thumbnail size-thumbnail\" alt=\"\" loading=\"lazy\" srcset=\"http:\/\/caritas.diecezja.wloclawek.pl\/wp-content\/uploads\/2023\/09\/20230812_111740-150x150.jpg 150w, http:\/\/caritas.diecezja.wloclawek.pl\/wp-content\/uploads\/2023\/09\/20230812_111740-80x80.jpg 80w, http:\/\/caritas.diecezja.wloclawek.pl\/wp-content\/uploads\/2023\/09\/20230812_111740-320x320.jpg 320w\" sizes=\"(max-width: 150px) 100vw, 150px\" \/><\/a>\n\t\t\t<\/dt><\/dl><dl class='gallery-item'>\n\t\t\t<dt class='gallery-icon portrait'>\n\t\t\t\t<a href='http:\/\/caritas.diecezja.wloclawek.pl\/?attachment_id=6808'><img width=\"150\" height=\"150\" src=\"http:\/\/caritas.diecezja.wloclawek.pl\/wp-content\/uploads\/2023\/09\/20230812_112621-150x150.jpg\" class=\"attachment-thumbnail size-thumbnail\" alt=\"\" loading=\"lazy\" srcset=\"http:\/\/caritas.diecezja.wloclawek.pl\/wp-content\/uploads\/2023\/09\/20230812_112621-150x150.jpg 150w, http:\/\/caritas.diecezja.wloclawek.pl\/wp-content\/uploads\/2023\/09\/20230812_112621-80x80.jpg 80w, http:\/\/caritas.diecezja.wloclawek.pl\/wp-content\/uploads\/2023\/09\/20230812_112621-320x320.jpg 320w\" sizes=\"(max-width: 150px) 100vw, 150px\" \/><\/a>\n\t\t\t<\/dt><\/dl><dl class='gallery-item'>\n\t\t\t<dt class='gallery-icon landscape'>\n\t\t\t\t<a href='http:\/\/caritas.diecezja.wloclawek.pl\/?attachment_id=6809'><img width=\"150\" height=\"150\" src=\"http:\/\/caritas.diecezja.wloclawek.pl\/wp-content\/uploads\/2023\/09\/20230812_120855-150x150.jpg\" class=\"attachment-thumbnail size-thumbnail\" alt=\"\" loading=\"lazy\" srcset=\"http:\/\/caritas.diecezja.wloclawek.pl\/wp-content\/uploads\/2023\/09\/20230812_120855-150x150.jpg 150w, http:\/\/caritas.diecezja.wloclawek.pl\/wp-content\/uploads\/2023\/09\/20230812_120855-80x80.jpg 80w, http:\/\/caritas.diecezja.wloclawek.pl\/wp-content\/uploads\/2023\/09\/20230812_120855-320x320.jpg 320w\" sizes=\"(max-width: 150px) 100vw, 150px\" \/><\/a>\n\t\t\t<\/dt><\/dl><dl class='gallery-item'>\n\t\t\t<dt class='gallery-icon landscape'>\n\t\t\t\t<a href='http:\/\/caritas.diecezja.wloclawek.pl\/?attachment_id=6810'><img width=\"150\" height=\"150\" src=\"http:\/\/caritas.diecezja.wloclawek.pl\/wp-content\/uploads\/2023\/09\/20230812_121130-150x150.jpg\" class=\"attachment-thumbnail size-thumbnail\" alt=\"\" loading=\"lazy\" srcset=\"http:\/\/caritas.diecezja.wloclawek.pl\/wp-content\/uploads\/2023\/09\/20230812_121130-150x150.jpg 150w, http:\/\/caritas.diecezja.wloclawek.pl\/wp-content\/uploads\/2023\/09\/20230812_121130-80x80.jpg 80w, http:\/\/caritas.diecezja.wloclawek.pl\/wp-content\/uploads\/2023\/09\/20230812_121130-320x320.jpg 320w\" sizes=\"(max-width: 150px) 100vw, 150px\" \/><\/a>\n\t\t\t<\/dt><\/dl><dl class='gallery-item'>\n\t\t\t<dt class='gallery-icon portrait'>\n\t\t\t\t<a href='http:\/\/caritas.diecezja.wloclawek.pl\/?attachment_id=6811'><img width=\"150\" height=\"150\" src=\"http:\/\/caritas.diecezja.wloclawek.pl\/wp-content\/uploads\/2023\/09\/20230812_123803-150x150.jpg\" class=\"attachment-thumbnail size-thumbnail\" alt=\"\" loading=\"lazy\" srcset=\"http:\/\/caritas.diecezja.wloclawek.pl\/wp-content\/uploads\/2023\/09\/20230812_123803-150x150.jpg 150w, http:\/\/caritas.diecezja.wloclawek.pl\/wp-content\/uploads\/2023\/09\/20230812_123803-80x80.jpg 80w, http:\/\/caritas.diecezja.wloclawek.pl\/wp-content\/uploads\/2023\/09\/20230812_123803-320x320.jpg 320w\" sizes=\"(max-width: 150px) 100vw, 150px\" \/><\/a>\n\t\t\t<\/dt><\/dl><dl class='gallery-item'>\n\t\t\t<dt class='gallery-icon landscape'>\n\t\t\t\t<a href='http:\/\/caritas.diecezja.wloclawek.pl\/?attachment_id=6812'><img width=\"150\" height=\"150\" src=\"http:\/\/caritas.diecezja.wloclawek.pl\/wp-content\/uploads\/2023\/09\/20230812_124320-150x150.jpg\" class=\"attachment-thumbnail size-thumbnail\" alt=\"\" loading=\"lazy\" srcset=\"http:\/\/caritas.diecezja.wloclawek.pl\/wp-content\/uploads\/2023\/09\/20230812_124320-150x150.jpg 150w, http:\/\/caritas.diecezja.wloclawek.pl\/wp-content\/uploads\/2023\/09\/20230812_124320-80x80.jpg 80w, http:\/\/caritas.diecezja.wloclawek.pl\/wp-content\/uploads\/2023\/09\/20230812_124320-320x320.jpg 320w\" sizes=\"(max-width: 150px) 100vw, 150px\" \/><\/a>\n\t\t\t<\/dt><\/dl><dl class='gallery-item'>\n\t\t\t<dt class='gallery-icon landscape'>\n\t\t\t\t<a href='http:\/\/caritas.diecezja.wloclawek.pl\/?attachment_id=6813'><img width=\"150\" height=\"150\" src=\"http:\/\/caritas.diecezja.wloclawek.pl\/wp-content\/uploads\/2023\/09\/20230812_140538-150x150.jpg\" class=\"attachment-thumbnail size-thumbnail\" alt=\"\" loading=\"lazy\" srcset=\"http:\/\/caritas.diecezja.wloclawek.pl\/wp-content\/uploads\/2023\/09\/20230812_140538-150x150.jpg 150w, http:\/\/caritas.diecezja.wloclawek.pl\/wp-content\/uploads\/2023\/09\/20230812_140538-80x80.jpg 80w, http:\/\/caritas.diecezja.wloclawek.pl\/wp-content\/uploads\/2023\/09\/20230812_140538-320x320.jpg 320w\" sizes=\"(max-width: 150px) 100vw, 150px\" \/><\/a>\n\t\t\t<\/dt><\/dl><dl class='gallery-item'>\n\t\t\t<dt class='gallery-icon portrait'>\n\t\t\t\t<a href='http:\/\/caritas.diecezja.wloclawek.pl\/?attachment_id=6814'><img width=\"150\" height=\"150\" src=\"http:\/\/caritas.diecezja.wloclawek.pl\/wp-content\/uploads\/2023\/09\/357394719_616279450598627_1314922415174514788_n-150x150.jpg\" class=\"attachment-thumbnail size-thumbnail\" alt=\"\" loading=\"lazy\" srcset=\"http:\/\/caritas.diecezja.wloclawek.pl\/wp-content\/uploads\/2023\/09\/357394719_616279450598627_1314922415174514788_n-150x150.jpg 150w, http:\/\/caritas.diecezja.wloclawek.pl\/wp-content\/uploads\/2023\/09\/357394719_616279450598627_1314922415174514788_n-80x80.jpg 80w, http:\/\/caritas.diecezja.wloclawek.pl\/wp-content\/uploads\/2023\/09\/357394719_616279450598627_1314922415174514788_n-320x320.jpg 320w\" sizes=\"(max-width: 150px) 100vw, 150px\" \/><\/a>\n\t\t\t<\/dt><\/dl><dl class='gallery-item'>\n\t\t\t<dt class='gallery-icon landscape'>\n\t\t\t\t<a href='http:\/\/caritas.diecezja.wloclawek.pl\/?attachment_id=6815'><img width=\"150\" height=\"150\" src=\"http:\/\/caritas.diecezja.wloclawek.pl\/wp-content\/uploads\/2023\/09\/359514135_622255300001042_6277652189605425875_n-150x150.jpg\" class=\"attachment-thumbnail size-thumbnail\" alt=\"\" loading=\"lazy\" srcset=\"http:\/\/caritas.diecezja.wloclawek.pl\/wp-content\/uploads\/2023\/09\/359514135_622255300001042_6277652189605425875_n-150x150.jpg 150w, http:\/\/caritas.diecezja.wloclawek.pl\/wp-content\/uploads\/2023\/09\/359514135_622255300001042_6277652189605425875_n-80x80.jpg 80w, http:\/\/caritas.diecezja.wloclawek.pl\/wp-content\/uploads\/2023\/09\/359514135_622255300001042_6277652189605425875_n-320x320.jpg 320w\" sizes=\"(max-width: 150px) 100vw, 150px\" \/><\/a>\n\t\t\t<\/dt><\/dl><br style=\"clear: both\" \/><dl class='gallery-item'>\n\t\t\t<dt class='gallery-icon landscape'>\n\t\t\t\t<a href='http:\/\/caritas.diecezja.wloclawek.pl\/?attachment_id=6816'><img width=\"150\" height=\"150\" src=\"http:\/\/caritas.diecezja.wloclawek.pl\/wp-content\/uploads\/2023\/09\/359737783_622255323334373_3618040598485692054_n-150x150.jpg\" class=\"attachment-thumbnail size-thumbnail\" alt=\"\" loading=\"lazy\" srcset=\"http:\/\/caritas.diecezja.wloclawek.pl\/wp-content\/uploads\/2023\/09\/359737783_622255323334373_3618040598485692054_n-150x150.jpg 150w, http:\/\/caritas.diecezja.wloclawek.pl\/wp-content\/uploads\/2023\/09\/359737783_622255323334373_3618040598485692054_n-80x80.jpg 80w, http:\/\/caritas.diecezja.wloclawek.pl\/wp-content\/uploads\/2023\/09\/359737783_622255323334373_3618040598485692054_n-320x320.jpg 320w\" sizes=\"(max-width: 150px) 100vw, 150px\" \/><\/a>\n\t\t\t<\/dt><\/dl><dl class='gallery-item'>\n\t\t\t<dt class='gallery-icon portrait'>\n\t\t\t\t<a href='http:\/\/caritas.diecezja.wloclawek.pl\/?attachment_id=6817'><img width=\"150\" height=\"150\" src=\"http:\/\/caritas.diecezja.wloclawek.pl\/wp-content\/uploads\/2023\/09\/359844104_622255456667693_7681423951441145089_n-150x150.jpg\" class=\"attachment-thumbnail size-thumbnail\" alt=\"\" loading=\"lazy\" srcset=\"http:\/\/caritas.diecezja.wloclawek.pl\/wp-content\/uploads\/2023\/09\/359844104_622255456667693_7681423951441145089_n-150x150.jpg 150w, http:\/\/caritas.diecezja.wloclawek.pl\/wp-content\/uploads\/2023\/09\/359844104_622255456667693_7681423951441145089_n-80x80.jpg 80w, http:\/\/caritas.diecezja.wloclawek.pl\/wp-content\/uploads\/2023\/09\/359844104_622255456667693_7681423951441145089_n-320x320.jpg 320w\" sizes=\"(max-width: 150px) 100vw, 150px\" \/><\/a>\n\t\t\t<\/dt><\/dl><dl class='gallery-item'>\n\t\t\t<dt class='gallery-icon portrait'>\n\t\t\t\t<a href='http:\/\/caritas.diecezja.wloclawek.pl\/?attachment_id=6818'><img width=\"150\" height=\"150\" src=\"http:\/\/caritas.diecezja.wloclawek.pl\/wp-content\/uploads\/2023\/09\/360090692_622255706667668_7990918442304392212_n-150x150.jpg\" class=\"attachment-thumbnail size-thumbnail\" alt=\"\" loading=\"lazy\" srcset=\"http:\/\/caritas.diecezja.wloclawek.pl\/wp-content\/uploads\/2023\/09\/360090692_622255706667668_7990918442304392212_n-150x150.jpg 150w, http:\/\/caritas.diecezja.wloclawek.pl\/wp-content\/uploads\/2023\/09\/360090692_622255706667668_7990918442304392212_n-80x80.jpg 80w, http:\/\/caritas.diecezja.wloclawek.pl\/wp-content\/uploads\/2023\/09\/360090692_622255706667668_7990918442304392212_n-320x320.jpg 320w\" sizes=\"(max-width: 150px) 100vw, 150px\" \/><\/a>\n\t\t\t<\/dt><\/dl><dl class='gallery-item'>\n\t\t\t<dt class='gallery-icon portrait'>\n\t\t\t\t<a href='http:\/\/caritas.diecezja.wloclawek.pl\/?attachment_id=6819'><img width=\"150\" height=\"150\" src=\"http:\/\/caritas.diecezja.wloclawek.pl\/wp-content\/uploads\/2023\/09\/362276594_632265342333371_1890352949198678149_n-150x150.jpg\" class=\"attachment-thumbnail size-thumbnail\" alt=\"\" loading=\"lazy\" srcset=\"http:\/\/caritas.diecezja.wloclawek.pl\/wp-content\/uploads\/2023\/09\/362276594_632265342333371_1890352949198678149_n-150x150.jpg 150w, http:\/\/caritas.diecezja.wloclawek.pl\/wp-content\/uploads\/2023\/09\/362276594_632265342333371_1890352949198678149_n-80x80.jpg 80w, http:\/\/caritas.diecezja.wloclawek.pl\/wp-content\/uploads\/2023\/09\/362276594_632265342333371_1890352949198678149_n-320x320.jpg 320w\" sizes=\"(max-width: 150px) 100vw, 150px\" \/><\/a>\n\t\t\t<\/dt><\/dl><dl class='gallery-item'>\n\t\t\t<dt class='gallery-icon portrait'>\n\t\t\t\t<a href='http:\/\/caritas.diecezja.wloclawek.pl\/?attachment_id=6820'><img width=\"150\" height=\"150\" src=\"http:\/\/caritas.diecezja.wloclawek.pl\/wp-content\/uploads\/2023\/09\/362283167_632265582333347_603385998356913270_n-150x150.jpg\" class=\"attachment-thumbnail size-thumbnail\" alt=\"\" loading=\"lazy\" srcset=\"http:\/\/caritas.diecezja.wloclawek.pl\/wp-content\/uploads\/2023\/09\/362283167_632265582333347_603385998356913270_n-150x150.jpg 150w, http:\/\/caritas.diecezja.wloclawek.pl\/wp-content\/uploads\/2023\/09\/362283167_632265582333347_603385998356913270_n-80x80.jpg 80w, http:\/\/caritas.diecezja.wloclawek.pl\/wp-content\/uploads\/2023\/09\/362283167_632265582333347_603385998356913270_n-320x320.jpg 320w\" sizes=\"(max-width: 150px) 100vw, 150px\" \/><\/a>\n\t\t\t<\/dt><\/dl><dl class='gallery-item'>\n\t\t\t<dt class='gallery-icon landscape'>\n\t\t\t\t<a href='http:\/\/caritas.diecezja.wloclawek.pl\/?attachment_id=6821'><img width=\"150\" height=\"150\" src=\"http:\/\/caritas.diecezja.wloclawek.pl\/wp-content\/uploads\/2023\/09\/362296729_632265515666687_4588264978101231277_n-150x150.jpg\" class=\"attachment-thumbnail size-thumbnail\" alt=\"\" loading=\"lazy\" srcset=\"http:\/\/caritas.diecezja.wloclawek.pl\/wp-content\/uploads\/2023\/09\/362296729_632265515666687_4588264978101231277_n-150x150.jpg 150w, http:\/\/caritas.diecezja.wloclawek.pl\/wp-content\/uploads\/2023\/09\/362296729_632265515666687_4588264978101231277_n-80x80.jpg 80w, http:\/\/caritas.diecezja.wloclawek.pl\/wp-content\/uploads\/2023\/09\/362296729_632265515666687_4588264978101231277_n-320x320.jpg 320w\" sizes=\"(max-width: 150px) 100vw, 150px\" \/><\/a>\n\t\t\t<\/dt><\/dl><dl class='gallery-item'>\n\t\t\t<dt class='gallery-icon portrait'>\n\t\t\t\t<a href='http:\/\/caritas.diecezja.wloclawek.pl\/?attachment_id=6822'><img width=\"150\" height=\"150\" src=\"http:\/\/caritas.diecezja.wloclawek.pl\/wp-content\/uploads\/2023\/09\/362663319_632265798999992_2019691328215161803_n-150x150.jpg\" class=\"attachment-thumbnail size-thumbnail\" alt=\"\" loading=\"lazy\" srcset=\"http:\/\/caritas.diecezja.wloclawek.pl\/wp-content\/uploads\/2023\/09\/362663319_632265798999992_2019691328215161803_n-150x150.jpg 150w, http:\/\/caritas.diecezja.wloclawek.pl\/wp-content\/uploads\/2023\/09\/362663319_632265798999992_2019691328215161803_n-80x80.jpg 80w, http:\/\/caritas.diecezja.wloclawek.pl\/wp-content\/uploads\/2023\/09\/362663319_632265798999992_2019691328215161803_n-320x320.jpg 320w\" sizes=\"(max-width: 150px) 100vw, 150px\" \/><\/a>\n\t\t\t<\/dt><\/dl><dl class='gallery-item'>\n\t\t\t<dt class='gallery-icon portrait'>\n\t\t\t\t<a href='http:\/\/caritas.diecezja.wloclawek.pl\/?attachment_id=6823'><img width=\"150\" height=\"150\" src=\"http:\/\/caritas.diecezja.wloclawek.pl\/wp-content\/uploads\/2023\/09\/362982610_632265892333316_5914602928139485211_n-150x150.jpg\" class=\"attachment-thumbnail size-thumbnail\" alt=\"\" loading=\"lazy\" srcset=\"http:\/\/caritas.diecezja.wloclawek.pl\/wp-content\/uploads\/2023\/09\/362982610_632265892333316_5914602928139485211_n-150x150.jpg 150w, http:\/\/caritas.diecezja.wloclawek.pl\/wp-content\/uploads\/2023\/09\/362982610_632265892333316_5914602928139485211_n-80x80.jpg 80w, http:\/\/caritas.diecezja.wloclawek.pl\/wp-content\/uploads\/2023\/09\/362982610_632265892333316_5914602928139485211_n-320x320.jpg 320w\" sizes=\"(max-width: 150px) 100vw, 150px\" \/><\/a>\n\t\t\t<\/dt><\/dl><dl class='gallery-item'>\n\t\t\t<dt class='gallery-icon portrait'>\n\t\t\t\t<a href='http:\/\/caritas.diecezja.wloclawek.pl\/?attachment_id=6824'><img width=\"150\" height=\"150\" src=\"http:\/\/caritas.diecezja.wloclawek.pl\/wp-content\/uploads\/2023\/09\/363361351_632264582333447_4810290774780063145_n-150x150.jpg\" class=\"attachment-thumbnail size-thumbnail\" alt=\"\" loading=\"lazy\" srcset=\"http:\/\/caritas.diecezja.wloclawek.pl\/wp-content\/uploads\/2023\/09\/363361351_632264582333447_4810290774780063145_n-150x150.jpg 150w, http:\/\/caritas.diecezja.wloclawek.pl\/wp-content\/uploads\/2023\/09\/363361351_632264582333447_4810290774780063145_n-80x80.jpg 80w, http:\/\/caritas.diecezja.wloclawek.pl\/wp-content\/uploads\/2023\/09\/363361351_632264582333447_4810290774780063145_n-320x320.jpg 320w\" sizes=\"(max-width: 150px) 100vw, 150px\" \/><\/a>\n\t\t\t<\/dt><\/dl><br style=\"clear: both\" \/><dl class='gallery-item'>\n\t\t\t<dt class='gallery-icon portrait'>\n\t\t\t\t<a href='http:\/\/caritas.diecezja.wloclawek.pl\/?attachment_id=6825'><img width=\"150\" height=\"150\" src=\"http:\/\/caritas.diecezja.wloclawek.pl\/wp-content\/uploads\/2023\/09\/363862039_216807601356117_1191834163903969813_n-150x150.jpg\" class=\"attachment-thumbnail size-thumbnail\" alt=\"\" loading=\"lazy\" srcset=\"http:\/\/caritas.diecezja.wloclawek.pl\/wp-content\/uploads\/2023\/09\/363862039_216807601356117_1191834163903969813_n-150x150.jpg 150w, http:\/\/caritas.diecezja.wloclawek.pl\/wp-content\/uploads\/2023\/09\/363862039_216807601356117_1191834163903969813_n-80x80.jpg 80w, http:\/\/caritas.diecezja.wloclawek.pl\/wp-content\/uploads\/2023\/09\/363862039_216807601356117_1191834163903969813_n-320x320.jpg 320w\" sizes=\"(max-width: 150px) 100vw, 150px\" \/><\/a>\n\t\t\t<\/dt><\/dl><dl class='gallery-item'>\n\t\t\t<dt class='gallery-icon portrait'>\n\t\t\t\t<a href='http:\/\/caritas.diecezja.wloclawek.pl\/?attachment_id=6826'><img width=\"150\" height=\"150\" src=\"http:\/\/caritas.diecezja.wloclawek.pl\/wp-content\/uploads\/2023\/09\/363946300_197043360029334_7574497272896061284_n-150x150.jpg\" class=\"attachment-thumbnail size-thumbnail\" alt=\"\" loading=\"lazy\" srcset=\"http:\/\/caritas.diecezja.wloclawek.pl\/wp-content\/uploads\/2023\/09\/363946300_197043360029334_7574497272896061284_n-150x150.jpg 150w, http:\/\/caritas.diecezja.wloclawek.pl\/wp-content\/uploads\/2023\/09\/363946300_197043360029334_7574497272896061284_n-80x80.jpg 80w, http:\/\/caritas.diecezja.wloclawek.pl\/wp-content\/uploads\/2023\/09\/363946300_197043360029334_7574497272896061284_n-320x320.jpg 320w\" sizes=\"(max-width: 150px) 100vw, 150px\" \/><\/a>\n\t\t\t<\/dt><\/dl><dl class='gallery-item'>\n\t\t\t<dt class='gallery-icon portrait'>\n\t\t\t\t<a href='http:\/\/caritas.diecezja.wloclawek.pl\/?attachment_id=6827'><img width=\"150\" height=\"150\" src=\"http:\/\/caritas.diecezja.wloclawek.pl\/wp-content\/uploads\/2023\/09\/364105280_593682269637094_8986098295033736592_n-150x150.jpg\" class=\"attachment-thumbnail size-thumbnail\" alt=\"\" loading=\"lazy\" srcset=\"http:\/\/caritas.diecezja.wloclawek.pl\/wp-content\/uploads\/2023\/09\/364105280_593682269637094_8986098295033736592_n-150x150.jpg 150w, http:\/\/caritas.diecezja.wloclawek.pl\/wp-content\/uploads\/2023\/09\/364105280_593682269637094_8986098295033736592_n-80x80.jpg 80w, http:\/\/caritas.diecezja.wloclawek.pl\/wp-content\/uploads\/2023\/09\/364105280_593682269637094_8986098295033736592_n-320x320.jpg 320w\" sizes=\"(max-width: 150px) 100vw, 150px\" \/><\/a>\n\t\t\t<\/dt><\/dl><dl class='gallery-item'>\n\t\t\t<dt class='gallery-icon portrait'>\n\t\t\t\t<a href='http:\/\/caritas.diecezja.wloclawek.pl\/?attachment_id=6828'><img width=\"150\" height=\"150\" src=\"http:\/\/caritas.diecezja.wloclawek.pl\/wp-content\/uploads\/2023\/09\/364375941_542987734597605_7981071477381717863_n-150x150.jpg\" class=\"attachment-thumbnail size-thumbnail\" alt=\"\" loading=\"lazy\" srcset=\"http:\/\/caritas.diecezja.wloclawek.pl\/wp-content\/uploads\/2023\/09\/364375941_542987734597605_7981071477381717863_n-150x150.jpg 150w, http:\/\/caritas.diecezja.wloclawek.pl\/wp-content\/uploads\/2023\/09\/364375941_542987734597605_7981071477381717863_n-80x80.jpg 80w, http:\/\/caritas.diecezja.wloclawek.pl\/wp-content\/uploads\/2023\/09\/364375941_542987734597605_7981071477381717863_n-320x320.jpg 320w\" sizes=\"(max-width: 150px) 100vw, 150px\" \/><\/a>\n\t\t\t<\/dt><\/dl><dl class='gallery-item'>\n\t\t\t<dt class='gallery-icon portrait'>\n\t\t\t\t<a href='http:\/\/caritas.diecezja.wloclawek.pl\/?attachment_id=6829'><img width=\"150\" height=\"150\" src=\"http:\/\/caritas.diecezja.wloclawek.pl\/wp-content\/uploads\/2023\/09\/364396445_2300718913448217_472051034967227505_n-150x150.jpg\" class=\"attachment-thumbnail size-thumbnail\" alt=\"\" loading=\"lazy\" srcset=\"http:\/\/caritas.diecezja.wloclawek.pl\/wp-content\/uploads\/2023\/09\/364396445_2300718913448217_472051034967227505_n-150x150.jpg 150w, http:\/\/caritas.diecezja.wloclawek.pl\/wp-content\/uploads\/2023\/09\/364396445_2300718913448217_472051034967227505_n-80x80.jpg 80w, http:\/\/caritas.diecezja.wloclawek.pl\/wp-content\/uploads\/2023\/09\/364396445_2300718913448217_472051034967227505_n-320x320.jpg 320w\" sizes=\"(max-width: 150px) 100vw, 150px\" \/><\/a>\n\t\t\t<\/dt><\/dl><dl class='gallery-item'>\n\t\t\t<dt class='gallery-icon portrait'>\n\t\t\t\t<a href='http:\/\/caritas.diecezja.wloclawek.pl\/?attachment_id=6830'><img width=\"150\" height=\"150\" src=\"http:\/\/caritas.diecezja.wloclawek.pl\/wp-content\/uploads\/2023\/09\/364426011_755454313018401_3407167331005860929_n-\u2014-kopia-150x150.jpg\" class=\"attachment-thumbnail size-thumbnail\" alt=\"\" loading=\"lazy\" srcset=\"http:\/\/caritas.diecezja.wloclawek.pl\/wp-content\/uploads\/2023\/09\/364426011_755454313018401_3407167331005860929_n-\u2014-kopia-150x150.jpg 150w, http:\/\/caritas.diecezja.wloclawek.pl\/wp-content\/uploads\/2023\/09\/364426011_755454313018401_3407167331005860929_n-\u2014-kopia-80x80.jpg 80w, http:\/\/caritas.diecezja.wloclawek.pl\/wp-content\/uploads\/2023\/09\/364426011_755454313018401_3407167331005860929_n-\u2014-kopia-320x320.jpg 320w\" sizes=\"(max-width: 150px) 100vw, 150px\" \/><\/a>\n\t\t\t<\/dt><\/dl><dl class='gallery-item'>\n\t\t\t<dt class='gallery-icon portrait'>\n\t\t\t\t<a href='http:\/\/caritas.diecezja.wloclawek.pl\/?attachment_id=6831'><img width=\"150\" height=\"150\" src=\"http:\/\/caritas.diecezja.wloclawek.pl\/wp-content\/uploads\/2023\/09\/365328299_209013288500697_4479240703541556117_n-150x150.jpg\" class=\"attachment-thumbnail size-thumbnail\" alt=\"\" loading=\"lazy\" srcset=\"http:\/\/caritas.diecezja.wloclawek.pl\/wp-content\/uploads\/2023\/09\/365328299_209013288500697_4479240703541556117_n-150x150.jpg 150w, http:\/\/caritas.diecezja.wloclawek.pl\/wp-content\/uploads\/2023\/09\/365328299_209013288500697_4479240703541556117_n-80x80.jpg 80w, http:\/\/caritas.diecezja.wloclawek.pl\/wp-content\/uploads\/2023\/09\/365328299_209013288500697_4479240703541556117_n-320x320.jpg 320w\" sizes=\"(max-width: 150px) 100vw, 150px\" \/><\/a>\n\t\t\t<\/dt><\/dl><dl class='gallery-item'>\n\t\t\t<dt class='gallery-icon portrait'>\n\t\t\t\t<a href='http:\/\/caritas.diecezja.wloclawek.pl\/?attachment_id=6832'><img width=\"150\" height=\"150\" src=\"http:\/\/caritas.diecezja.wloclawek.pl\/wp-content\/uploads\/2023\/09\/365331484_139625765810779_3150952918546133288_n-150x150.jpg\" class=\"attachment-thumbnail size-thumbnail\" alt=\"\" loading=\"lazy\" srcset=\"http:\/\/caritas.diecezja.wloclawek.pl\/wp-content\/uploads\/2023\/09\/365331484_139625765810779_3150952918546133288_n-150x150.jpg 150w, http:\/\/caritas.diecezja.wloclawek.pl\/wp-content\/uploads\/2023\/09\/365331484_139625765810779_3150952918546133288_n-80x80.jpg 80w, http:\/\/caritas.diecezja.wloclawek.pl\/wp-content\/uploads\/2023\/09\/365331484_139625765810779_3150952918546133288_n-320x320.jpg 320w\" sizes=\"(max-width: 150px) 100vw, 150px\" \/><\/a>\n\t\t\t<\/dt><\/dl><dl class='gallery-item'>\n\t\t\t<dt class='gallery-icon landscape'>\n\t\t\t\t<a href='http:\/\/caritas.diecezja.wloclawek.pl\/?attachment_id=6833'><img width=\"150\" height=\"150\" src=\"http:\/\/caritas.diecezja.wloclawek.pl\/wp-content\/uploads\/2023\/09\/365390012_1041747963408263_4963951035435255984_n-\u2014-kopia-150x150.jpg\" class=\"attachment-thumbnail size-thumbnail\" alt=\"\" loading=\"lazy\" srcset=\"http:\/\/caritas.diecezja.wloclawek.pl\/wp-content\/uploads\/2023\/09\/365390012_1041747963408263_4963951035435255984_n-\u2014-kopia-150x150.jpg 150w, http:\/\/caritas.diecezja.wloclawek.pl\/wp-content\/uploads\/2023\/09\/365390012_1041747963408263_4963951035435255984_n-\u2014-kopia-80x80.jpg 80w, http:\/\/caritas.diecezja.wloclawek.pl\/wp-content\/uploads\/2023\/09\/365390012_1041747963408263_4963951035435255984_n-\u2014-kopia-320x320.jpg 320w\" sizes=\"(max-width: 150px) 100vw, 150px\" \/><\/a>\n\t\t\t<\/dt><\/dl><br style=\"clear: both\" \/><dl class='gallery-item'>\n\t\t\t<dt class='gallery-icon portrait'>\n\t\t\t\t<a href='http:\/\/caritas.diecezja.wloclawek.pl\/?attachment_id=6834'><img width=\"150\" height=\"150\" src=\"http:\/\/caritas.diecezja.wloclawek.pl\/wp-content\/uploads\/2023\/09\/365414093_234638862873767_8767087716841812092_n-150x150.jpg\" class=\"attachment-thumbnail size-thumbnail\" alt=\"\" loading=\"lazy\" srcset=\"http:\/\/caritas.diecezja.wloclawek.pl\/wp-content\/uploads\/2023\/09\/365414093_234638862873767_8767087716841812092_n-150x150.jpg 150w, http:\/\/caritas.diecezja.wloclawek.pl\/wp-content\/uploads\/2023\/09\/365414093_234638862873767_8767087716841812092_n-80x80.jpg 80w, http:\/\/caritas.diecezja.wloclawek.pl\/wp-content\/uploads\/2023\/09\/365414093_234638862873767_8767087716841812092_n-320x320.jpg 320w\" sizes=\"(max-width: 150px) 100vw, 150px\" \/><\/a>\n\t\t\t<\/dt><\/dl><dl class='gallery-item'>\n\t\t\t<dt class='gallery-icon portrait'>\n\t\t\t\t<a href='http:\/\/caritas.diecezja.wloclawek.pl\/?attachment_id=6835'><img width=\"150\" height=\"150\" src=\"http:\/\/caritas.diecezja.wloclawek.pl\/wp-content\/uploads\/2023\/09\/365520103_1350511785674456_4014368907821890288_n-150x150.jpg\" class=\"attachment-thumbnail size-thumbnail\" alt=\"\" loading=\"lazy\" srcset=\"http:\/\/caritas.diecezja.wloclawek.pl\/wp-content\/uploads\/2023\/09\/365520103_1350511785674456_4014368907821890288_n-150x150.jpg 150w, http:\/\/caritas.diecezja.wloclawek.pl\/wp-content\/uploads\/2023\/09\/365520103_1350511785674456_4014368907821890288_n-80x80.jpg 80w, http:\/\/caritas.diecezja.wloclawek.pl\/wp-content\/uploads\/2023\/09\/365520103_1350511785674456_4014368907821890288_n-320x320.jpg 320w\" sizes=\"(max-width: 150px) 100vw, 150px\" \/><\/a>\n\t\t\t<\/dt><\/dl><dl class='gallery-item'>\n\t\t\t<dt class='gallery-icon portrait'>\n\t\t\t\t<a href='http:\/\/caritas.diecezja.wloclawek.pl\/?attachment_id=6836'><img width=\"150\" height=\"150\" src=\"http:\/\/caritas.diecezja.wloclawek.pl\/wp-content\/uploads\/2023\/09\/365753434_1057553692320711_7705258496048400722_n-150x150.jpg\" class=\"attachment-thumbnail size-thumbnail\" alt=\"\" loading=\"lazy\" srcset=\"http:\/\/caritas.diecezja.wloclawek.pl\/wp-content\/uploads\/2023\/09\/365753434_1057553692320711_7705258496048400722_n-150x150.jpg 150w, http:\/\/caritas.diecezja.wloclawek.pl\/wp-content\/uploads\/2023\/09\/365753434_1057553692320711_7705258496048400722_n-80x80.jpg 80w, http:\/\/caritas.diecezja.wloclawek.pl\/wp-content\/uploads\/2023\/09\/365753434_1057553692320711_7705258496048400722_n-320x320.jpg 320w\" sizes=\"(max-width: 150px) 100vw, 150px\" \/><\/a>\n\t\t\t<\/dt><\/dl><dl class='gallery-item'>\n\t\t\t<dt class='gallery-icon portrait'>\n\t\t\t\t<a href='http:\/\/caritas.diecezja.wloclawek.pl\/?attachment_id=6837'><img width=\"150\" height=\"150\" src=\"http:\/\/caritas.diecezja.wloclawek.pl\/wp-content\/uploads\/2023\/09\/365829699_1651492298682478_7631535307863165561_n-150x150.jpg\" class=\"attachment-thumbnail size-thumbnail\" alt=\"\" loading=\"lazy\" srcset=\"http:\/\/caritas.diecezja.wloclawek.pl\/wp-content\/uploads\/2023\/09\/365829699_1651492298682478_7631535307863165561_n-150x150.jpg 150w, http:\/\/caritas.diecezja.wloclawek.pl\/wp-content\/uploads\/2023\/09\/365829699_1651492298682478_7631535307863165561_n-80x80.jpg 80w, http:\/\/caritas.diecezja.wloclawek.pl\/wp-content\/uploads\/2023\/09\/365829699_1651492298682478_7631535307863165561_n-320x320.jpg 320w\" sizes=\"(max-width: 150px) 100vw, 150px\" \/><\/a>\n\t\t\t<\/dt><\/dl><dl class='gallery-item'>\n\t\t\t<dt class='gallery-icon landscape'>\n\t\t\t\t<a href='http:\/\/caritas.diecezja.wloclawek.pl\/?attachment_id=6838'><img width=\"150\" height=\"150\" src=\"http:\/\/caritas.diecezja.wloclawek.pl\/wp-content\/uploads\/2023\/09\/368559656_801013408419271_5238577543776933840_n-150x150.jpg\" class=\"attachment-thumbnail size-thumbnail\" alt=\"\" loading=\"lazy\" srcset=\"http:\/\/caritas.diecezja.wloclawek.pl\/wp-content\/uploads\/2023\/09\/368559656_801013408419271_5238577543776933840_n-150x150.jpg 150w, http:\/\/caritas.diecezja.wloclawek.pl\/wp-content\/uploads\/2023\/09\/368559656_801013408419271_5238577543776933840_n-80x80.jpg 80w, http:\/\/caritas.diecezja.wloclawek.pl\/wp-content\/uploads\/2023\/09\/368559656_801013408419271_5238577543776933840_n-320x320.jpg 320w\" sizes=\"(max-width: 150px) 100vw, 150px\" \/><\/a>\n\t\t\t<\/dt><\/dl><dl class='gallery-item'>\n\t\t\t<dt class='gallery-icon landscape'>\n\t\t\t\t<a href='http:\/\/caritas.diecezja.wloclawek.pl\/?attachment_id=6839'><img width=\"150\" height=\"150\" src=\"http:\/\/caritas.diecezja.wloclawek.pl\/wp-content\/uploads\/2023\/09\/369477037_713625433874701_4393620472983766095_n-150x150.jpg\" class=\"attachment-thumbnail size-thumbnail\" alt=\"\" loading=\"lazy\" srcset=\"http:\/\/caritas.diecezja.wloclawek.pl\/wp-content\/uploads\/2023\/09\/369477037_713625433874701_4393620472983766095_n-150x150.jpg 150w, http:\/\/caritas.diecezja.wloclawek.pl\/wp-content\/uploads\/2023\/09\/369477037_713625433874701_4393620472983766095_n-80x80.jpg 80w, http:\/\/caritas.diecezja.wloclawek.pl\/wp-content\/uploads\/2023\/09\/369477037_713625433874701_4393620472983766095_n-320x320.jpg 320w\" sizes=\"(max-width: 150px) 100vw, 150px\" \/><\/a>\n\t\t\t<\/dt><\/dl><dl class='gallery-item'>\n\t\t\t<dt class='gallery-icon portrait'>\n\t\t\t\t<a href='http:\/\/caritas.diecezja.wloclawek.pl\/?attachment_id=6840'><img width=\"150\" height=\"150\" src=\"http:\/\/caritas.diecezja.wloclawek.pl\/wp-content\/uploads\/2023\/09\/370210778_644676001092305_8695026325636026069_n-150x150.jpg\" class=\"attachment-thumbnail size-thumbnail\" alt=\"\" loading=\"lazy\" srcset=\"http:\/\/caritas.diecezja.wloclawek.pl\/wp-content\/uploads\/2023\/09\/370210778_644676001092305_8695026325636026069_n-150x150.jpg 150w, http:\/\/caritas.diecezja.wloclawek.pl\/wp-content\/uploads\/2023\/09\/370210778_644676001092305_8695026325636026069_n-80x80.jpg 80w, http:\/\/caritas.diecezja.wloclawek.pl\/wp-content\/uploads\/2023\/09\/370210778_644676001092305_8695026325636026069_n-320x320.jpg 320w\" sizes=\"(max-width: 150px) 100vw, 150px\" \/><\/a>\n\t\t\t<\/dt><\/dl><dl class='gallery-item'>\n\t\t\t<dt class='gallery-icon portrait'>\n\t\t\t\t<a href='http:\/\/caritas.diecezja.wloclawek.pl\/?attachment_id=6841'><img width=\"150\" height=\"150\" src=\"http:\/\/caritas.diecezja.wloclawek.pl\/wp-content\/uploads\/2023\/09\/370255365_644675354425703_6731091754987136439_n-150x150.jpg\" class=\"attachment-thumbnail size-thumbnail\" alt=\"\" loading=\"lazy\" srcset=\"http:\/\/caritas.diecezja.wloclawek.pl\/wp-content\/uploads\/2023\/09\/370255365_644675354425703_6731091754987136439_n-150x150.jpg 150w, http:\/\/caritas.diecezja.wloclawek.pl\/wp-content\/uploads\/2023\/09\/370255365_644675354425703_6731091754987136439_n-80x80.jpg 80w, http:\/\/caritas.diecezja.wloclawek.pl\/wp-content\/uploads\/2023\/09\/370255365_644675354425703_6731091754987136439_n-320x320.jpg 320w\" sizes=\"(max-width: 150px) 100vw, 150px\" \/><\/a>\n\t\t\t<\/dt><\/dl><dl class='gallery-item'>\n\t\t\t<dt class='gallery-icon portrait'>\n\t\t\t\t<a href='http:\/\/caritas.diecezja.wloclawek.pl\/?attachment_id=6842'><img width=\"150\" height=\"150\" src=\"http:\/\/caritas.diecezja.wloclawek.pl\/wp-content\/uploads\/2023\/09\/370278144_644675924425646_8865497279662508031_n-150x150.jpg\" class=\"attachment-thumbnail size-thumbnail\" alt=\"\" loading=\"lazy\" srcset=\"http:\/\/caritas.diecezja.wloclawek.pl\/wp-content\/uploads\/2023\/09\/370278144_644675924425646_8865497279662508031_n-150x150.jpg 150w, http:\/\/caritas.diecezja.wloclawek.pl\/wp-content\/uploads\/2023\/09\/370278144_644675924425646_8865497279662508031_n-80x80.jpg 80w, http:\/\/caritas.diecezja.wloclawek.pl\/wp-content\/uploads\/2023\/09\/370278144_644675924425646_8865497279662508031_n-320x320.jpg 320w\" sizes=\"(max-width: 150px) 100vw, 150px\" \/><\/a>\n\t\t\t<\/dt><\/dl><br style=\"clear: both\" \/><dl class='gallery-item'>\n\t\t\t<dt class='gallery-icon portrait'>\n\t\t\t\t<a href='http:\/\/caritas.diecezja.wloclawek.pl\/?attachment_id=6843'><img width=\"150\" height=\"150\" src=\"http:\/\/caritas.diecezja.wloclawek.pl\/wp-content\/uploads\/2023\/09\/370291671_644675044425734_9160867601472570563_n-150x150.jpg\" class=\"attachment-thumbnail size-thumbnail\" alt=\"\" loading=\"lazy\" srcset=\"http:\/\/caritas.diecezja.wloclawek.pl\/wp-content\/uploads\/2023\/09\/370291671_644675044425734_9160867601472570563_n-150x150.jpg 150w, http:\/\/caritas.diecezja.wloclawek.pl\/wp-content\/uploads\/2023\/09\/370291671_644675044425734_9160867601472570563_n-80x80.jpg 80w, http:\/\/caritas.diecezja.wloclawek.pl\/wp-content\/uploads\/2023\/09\/370291671_644675044425734_9160867601472570563_n-320x320.jpg 320w\" sizes=\"(max-width: 150px) 100vw, 150px\" \/><\/a>\n\t\t\t<\/dt><\/dl><dl class='gallery-item'>\n\t\t\t<dt class='gallery-icon portrait'>\n\t\t\t\t<a href='http:\/\/caritas.diecezja.wloclawek.pl\/?attachment_id=6844'><img width=\"150\" height=\"150\" src=\"http:\/\/caritas.diecezja.wloclawek.pl\/wp-content\/uploads\/2023\/09\/370322072_644674497759122_4967359472664051170_n-150x150.jpg\" class=\"attachment-thumbnail size-thumbnail\" alt=\"\" loading=\"lazy\" srcset=\"http:\/\/caritas.diecezja.wloclawek.pl\/wp-content\/uploads\/2023\/09\/370322072_644674497759122_4967359472664051170_n-150x150.jpg 150w, http:\/\/caritas.diecezja.wloclawek.pl\/wp-content\/uploads\/2023\/09\/370322072_644674497759122_4967359472664051170_n-80x80.jpg 80w, http:\/\/caritas.diecezja.wloclawek.pl\/wp-content\/uploads\/2023\/09\/370322072_644674497759122_4967359472664051170_n-320x320.jpg 320w\" sizes=\"(max-width: 150px) 100vw, 150px\" \/><\/a>\n\t\t\t<\/dt><\/dl><dl class='gallery-item'>\n\t\t\t<dt class='gallery-icon portrait'>\n\t\t\t\t<a href='http:\/\/caritas.diecezja.wloclawek.pl\/?attachment_id=6845'><img width=\"150\" height=\"150\" src=\"http:\/\/caritas.diecezja.wloclawek.pl\/wp-content\/uploads\/2023\/09\/370377100_646364724256766_3726009627566050606_n-150x150.jpg\" class=\"attachment-thumbnail size-thumbnail\" alt=\"\" loading=\"lazy\" srcset=\"http:\/\/caritas.diecezja.wloclawek.pl\/wp-content\/uploads\/2023\/09\/370377100_646364724256766_3726009627566050606_n-150x150.jpg 150w, http:\/\/caritas.diecezja.wloclawek.pl\/wp-content\/uploads\/2023\/09\/370377100_646364724256766_3726009627566050606_n-80x80.jpg 80w, http:\/\/caritas.diecezja.wloclawek.pl\/wp-content\/uploads\/2023\/09\/370377100_646364724256766_3726009627566050606_n-320x320.jpg 320w\" sizes=\"(max-width: 150px) 100vw, 150px\" \/><\/a>\n\t\t\t<\/dt><\/dl><dl class='gallery-item'>\n\t\t\t<dt class='gallery-icon portrait'>\n\t\t\t\t<a href='http:\/\/caritas.diecezja.wloclawek.pl\/?attachment_id=6846'><img width=\"150\" height=\"150\" src=\"http:\/\/caritas.diecezja.wloclawek.pl\/wp-content\/uploads\/2023\/09\/370513153_644674847759087_5782250907397351706_n-150x150.jpg\" class=\"attachment-thumbnail size-thumbnail\" alt=\"\" loading=\"lazy\" srcset=\"http:\/\/caritas.diecezja.wloclawek.pl\/wp-content\/uploads\/2023\/09\/370513153_644674847759087_5782250907397351706_n-150x150.jpg 150w, http:\/\/caritas.diecezja.wloclawek.pl\/wp-content\/uploads\/2023\/09\/370513153_644674847759087_5782250907397351706_n-80x80.jpg 80w, http:\/\/caritas.diecezja.wloclawek.pl\/wp-content\/uploads\/2023\/09\/370513153_644674847759087_5782250907397351706_n-320x320.jpg 320w\" sizes=\"(max-width: 150px) 100vw, 150px\" \/><\/a>\n\t\t\t<\/dt><\/dl><dl class='gallery-item'>\n\t\t\t<dt class='gallery-icon portrait'>\n\t\t\t\t<a href='http:\/\/caritas.diecezja.wloclawek.pl\/?attachment_id=6847'><img width=\"150\" height=\"150\" src=\"http:\/\/caritas.diecezja.wloclawek.pl\/wp-content\/uploads\/2023\/09\/370532718_644674554425783_7202366788715553331_n-150x150.jpg\" class=\"attachment-thumbnail size-thumbnail\" alt=\"\" loading=\"lazy\" srcset=\"http:\/\/caritas.diecezja.wloclawek.pl\/wp-content\/uploads\/2023\/09\/370532718_644674554425783_7202366788715553331_n-150x150.jpg 150w, http:\/\/caritas.diecezja.wloclawek.pl\/wp-content\/uploads\/2023\/09\/370532718_644674554425783_7202366788715553331_n-80x80.jpg 80w, http:\/\/caritas.diecezja.wloclawek.pl\/wp-content\/uploads\/2023\/09\/370532718_644674554425783_7202366788715553331_n-320x320.jpg 320w\" sizes=\"(max-width: 150px) 100vw, 150px\" \/><\/a>\n\t\t\t<\/dt><\/dl><dl class='gallery-item'>\n\t\t\t<dt class='gallery-icon portrait'>\n\t\t\t\t<a href='http:\/\/caritas.diecezja.wloclawek.pl\/?attachment_id=6848'><img width=\"150\" height=\"150\" src=\"http:\/\/caritas.diecezja.wloclawek.pl\/wp-content\/uploads\/2023\/09\/370540477_644674304425808_543305010393571449_n-150x150.jpg\" class=\"attachment-thumbnail size-thumbnail\" alt=\"\" loading=\"lazy\" srcset=\"http:\/\/caritas.diecezja.wloclawek.pl\/wp-content\/uploads\/2023\/09\/370540477_644674304425808_543305010393571449_n-150x150.jpg 150w, http:\/\/caritas.diecezja.wloclawek.pl\/wp-content\/uploads\/2023\/09\/370540477_644674304425808_543305010393571449_n-80x80.jpg 80w, http:\/\/caritas.diecezja.wloclawek.pl\/wp-content\/uploads\/2023\/09\/370540477_644674304425808_543305010393571449_n-320x320.jpg 320w\" sizes=\"(max-width: 150px) 100vw, 150px\" \/><\/a>\n\t\t\t<\/dt><\/dl><dl class='gallery-item'>\n\t\t\t<dt class='gallery-icon landscape'>\n\t\t\t\t<a href='http:\/\/caritas.diecezja.wloclawek.pl\/?attachment_id=6849'><img width=\"150\" height=\"150\" src=\"http:\/\/caritas.diecezja.wloclawek.pl\/wp-content\/uploads\/2023\/09\/370596051_646364584256780_6428334815874916182_n-150x150.jpg\" class=\"attachment-thumbnail size-thumbnail\" alt=\"\" loading=\"lazy\" srcset=\"http:\/\/caritas.diecezja.wloclawek.pl\/wp-content\/uploads\/2023\/09\/370596051_646364584256780_6428334815874916182_n-150x150.jpg 150w, http:\/\/caritas.diecezja.wloclawek.pl\/wp-content\/uploads\/2023\/09\/370596051_646364584256780_6428334815874916182_n-80x80.jpg 80w, http:\/\/caritas.diecezja.wloclawek.pl\/wp-content\/uploads\/2023\/09\/370596051_646364584256780_6428334815874916182_n-320x320.jpg 320w\" sizes=\"(max-width: 150px) 100vw, 150px\" \/><\/a>\n\t\t\t<\/dt><\/dl><dl class='gallery-item'>\n\t\t\t<dt class='gallery-icon portrait'>\n\t\t\t\t<a href='http:\/\/caritas.diecezja.wloclawek.pl\/?attachment_id=6850'><img width=\"150\" height=\"150\" src=\"http:\/\/caritas.diecezja.wloclawek.pl\/wp-content\/uploads\/2023\/09\/370818519_644675974425641_2256675543211929468_n-150x150.jpg\" class=\"attachment-thumbnail size-thumbnail\" alt=\"\" loading=\"lazy\" srcset=\"http:\/\/caritas.diecezja.wloclawek.pl\/wp-content\/uploads\/2023\/09\/370818519_644675974425641_2256675543211929468_n-150x150.jpg 150w, http:\/\/caritas.diecezja.wloclawek.pl\/wp-content\/uploads\/2023\/09\/370818519_644675974425641_2256675543211929468_n-80x80.jpg 80w, http:\/\/caritas.diecezja.wloclawek.pl\/wp-content\/uploads\/2023\/09\/370818519_644675974425641_2256675543211929468_n-320x320.jpg 320w\" sizes=\"(max-width: 150px) 100vw, 150px\" \/><\/a>\n\t\t\t<\/dt><\/dl><dl class='gallery-item'>\n\t\t\t<dt class='gallery-icon landscape'>\n\t\t\t\t<a href='http:\/\/caritas.diecezja.wloclawek.pl\/?attachment_id=6851'><img width=\"150\" height=\"150\" src=\"http:\/\/caritas.diecezja.wloclawek.pl\/wp-content\/uploads\/2023\/09\/371059938_646364220923483_7122087472786992702_n-150x150.jpg\" class=\"attachment-thumbnail size-thumbnail\" alt=\"\" loading=\"lazy\" srcset=\"http:\/\/caritas.diecezja.wloclawek.pl\/wp-content\/uploads\/2023\/09\/371059938_646364220923483_7122087472786992702_n-150x150.jpg 150w, http:\/\/caritas.diecezja.wloclawek.pl\/wp-content\/uploads\/2023\/09\/371059938_646364220923483_7122087472786992702_n-80x80.jpg 80w, http:\/\/caritas.diecezja.wloclawek.pl\/wp-content\/uploads\/2023\/09\/371059938_646364220923483_7122087472786992702_n-320x320.jpg 320w\" sizes=\"(max-width: 150px) 100vw, 150px\" \/><\/a>\n\t\t\t<\/dt><\/dl><br style=\"clear: both\" \/><dl class='gallery-item'>\n\t\t\t<dt class='gallery-icon landscape'>\n\t\t\t\t<a href='http:\/\/caritas.diecezja.wloclawek.pl\/?attachment_id=6852'><img width=\"150\" height=\"150\" src=\"http:\/\/caritas.diecezja.wloclawek.pl\/wp-content\/uploads\/2023\/09\/371066419_646364637590108_5947012504165963416_n-150x150.jpg\" class=\"attachment-thumbnail size-thumbnail\" alt=\"\" loading=\"lazy\" srcset=\"http:\/\/caritas.diecezja.wloclawek.pl\/wp-content\/uploads\/2023\/09\/371066419_646364637590108_5947012504165963416_n-150x150.jpg 150w, http:\/\/caritas.diecezja.wloclawek.pl\/wp-content\/uploads\/2023\/09\/371066419_646364637590108_5947012504165963416_n-80x80.jpg 80w, http:\/\/caritas.diecezja.wloclawek.pl\/wp-content\/uploads\/2023\/09\/371066419_646364637590108_5947012504165963416_n-320x320.jpg 320w\" sizes=\"(max-width: 150px) 100vw, 150px\" \/><\/a>\n\t\t\t<\/dt><\/dl><dl class='gallery-item'>\n\t\t\t<dt class='gallery-icon portrait'>\n\t\t\t\t<a href='http:\/\/caritas.diecezja.wloclawek.pl\/?attachment_id=6853'><img width=\"150\" height=\"150\" src=\"http:\/\/caritas.diecezja.wloclawek.pl\/wp-content\/uploads\/2023\/09\/371357920_644674624425776_5666555468627933971_n-150x150.jpg\" class=\"attachment-thumbnail size-thumbnail\" alt=\"\" loading=\"lazy\" srcset=\"http:\/\/caritas.diecezja.wloclawek.pl\/wp-content\/uploads\/2023\/09\/371357920_644674624425776_5666555468627933971_n-150x150.jpg 150w, http:\/\/caritas.diecezja.wloclawek.pl\/wp-content\/uploads\/2023\/09\/371357920_644674624425776_5666555468627933971_n-80x80.jpg 80w, http:\/\/caritas.diecezja.wloclawek.pl\/wp-content\/uploads\/2023\/09\/371357920_644674624425776_5666555468627933971_n-320x320.jpg 320w\" sizes=\"(max-width: 150px) 100vw, 150px\" \/><\/a>\n\t\t\t<\/dt><\/dl><dl class='gallery-item'>\n\t\t\t<dt class='gallery-icon landscape'>\n\t\t\t\t<a href='http:\/\/caritas.diecezja.wloclawek.pl\/?attachment_id=6854'><img width=\"150\" height=\"150\" src=\"http:\/\/caritas.diecezja.wloclawek.pl\/wp-content\/uploads\/2023\/09\/371470211_646364184256820_8912546099153928407_n-150x150.jpg\" class=\"attachment-thumbnail size-thumbnail\" alt=\"\" loading=\"lazy\" srcset=\"http:\/\/caritas.diecezja.wloclawek.pl\/wp-content\/uploads\/2023\/09\/371470211_646364184256820_8912546099153928407_n-150x150.jpg 150w, http:\/\/caritas.diecezja.wloclawek.pl\/wp-content\/uploads\/2023\/09\/371470211_646364184256820_8912546099153928407_n-80x80.jpg 80w, http:\/\/caritas.diecezja.wloclawek.pl\/wp-content\/uploads\/2023\/09\/371470211_646364184256820_8912546099153928407_n-320x320.jpg 320w\" sizes=\"(max-width: 150px) 100vw, 150px\" \/><\/a>\n\t\t\t<\/dt><\/dl><dl class='gallery-item'>\n\t\t\t<dt class='gallery-icon landscape'>\n\t\t\t\t<a href='http:\/\/caritas.diecezja.wloclawek.pl\/?attachment_id=6855'><img width=\"150\" height=\"150\" src=\"http:\/\/caritas.diecezja.wloclawek.pl\/wp-content\/uploads\/2023\/09\/371497985_646364494256789_1444582611069564683_n-150x150.jpg\" class=\"attachment-thumbnail size-thumbnail\" alt=\"\" loading=\"lazy\" srcset=\"http:\/\/caritas.diecezja.wloclawek.pl\/wp-content\/uploads\/2023\/09\/371497985_646364494256789_1444582611069564683_n-150x150.jpg 150w, http:\/\/caritas.diecezja.wloclawek.pl\/wp-content\/uploads\/2023\/09\/371497985_646364494256789_1444582611069564683_n-80x80.jpg 80w, http:\/\/caritas.diecezja.wloclawek.pl\/wp-content\/uploads\/2023\/09\/371497985_646364494256789_1444582611069564683_n-320x320.jpg 320w\" sizes=\"(max-width: 150px) 100vw, 150px\" \/><\/a>\n\t\t\t<\/dt><\/dl><dl class='gallery-item'>\n\t\t\t<dt class='gallery-icon portrait'>\n\t\t\t\t<a href='http:\/\/caritas.diecezja.wloclawek.pl\/?attachment_id=6856'><img width=\"150\" height=\"150\" src=\"http:\/\/caritas.diecezja.wloclawek.pl\/wp-content\/uploads\/2023\/09\/371776199_644675444425694_1621376693630337368_n-150x150.jpg\" class=\"attachment-thumbnail size-thumbnail\" alt=\"\" loading=\"lazy\" srcset=\"http:\/\/caritas.diecezja.wloclawek.pl\/wp-content\/uploads\/2023\/09\/371776199_644675444425694_1621376693630337368_n-150x150.jpg 150w, http:\/\/caritas.diecezja.wloclawek.pl\/wp-content\/uploads\/2023\/09\/371776199_644675444425694_1621376693630337368_n-80x80.jpg 80w, http:\/\/caritas.diecezja.wloclawek.pl\/wp-content\/uploads\/2023\/09\/371776199_644675444425694_1621376693630337368_n-320x320.jpg 320w\" sizes=\"(max-width: 150px) 100vw, 150px\" \/><\/a>\n\t\t\t<\/dt><\/dl><dl class='gallery-item'>\n\t\t\t<dt class='gallery-icon portrait'>\n\t\t\t\t<a href='http:\/\/caritas.diecezja.wloclawek.pl\/?attachment_id=6857'><img width=\"150\" height=\"150\" src=\"http:\/\/caritas.diecezja.wloclawek.pl\/wp-content\/uploads\/2023\/09\/371857442_646364314256807_6207524110971052622_n-150x150.jpg\" class=\"attachment-thumbnail size-thumbnail\" alt=\"\" loading=\"lazy\" srcset=\"http:\/\/caritas.diecezja.wloclawek.pl\/wp-content\/uploads\/2023\/09\/371857442_646364314256807_6207524110971052622_n-150x150.jpg 150w, http:\/\/caritas.diecezja.wloclawek.pl\/wp-content\/uploads\/2023\/09\/371857442_646364314256807_6207524110971052622_n-80x80.jpg 80w, http:\/\/caritas.diecezja.wloclawek.pl\/wp-content\/uploads\/2023\/09\/371857442_646364314256807_6207524110971052622_n-320x320.jpg 320w\" sizes=\"(max-width: 150px) 100vw, 150px\" \/><\/a>\n\t\t\t<\/dt><\/dl><dl class='gallery-item'>\n\t\t\t<dt class='gallery-icon landscape'>\n\t\t\t\t<a href='http:\/\/caritas.diecezja.wloclawek.pl\/?attachment_id=6858'><img width=\"150\" height=\"150\" src=\"http:\/\/caritas.diecezja.wloclawek.pl\/wp-content\/uploads\/2023\/09\/371909330_646364370923468_62028104147110287_n-150x150.jpg\" class=\"attachment-thumbnail size-thumbnail\" alt=\"\" loading=\"lazy\" srcset=\"http:\/\/caritas.diecezja.wloclawek.pl\/wp-content\/uploads\/2023\/09\/371909330_646364370923468_62028104147110287_n-150x150.jpg 150w, http:\/\/caritas.diecezja.wloclawek.pl\/wp-content\/uploads\/2023\/09\/371909330_646364370923468_62028104147110287_n-80x80.jpg 80w, http:\/\/caritas.diecezja.wloclawek.pl\/wp-content\/uploads\/2023\/09\/371909330_646364370923468_62028104147110287_n-320x320.jpg 320w\" sizes=\"(max-width: 150px) 100vw, 150px\" \/><\/a>\n\t\t\t<\/dt><\/dl><dl class='gallery-item'>\n\t\t\t<dt class='gallery-icon portrait'>\n\t\t\t\t<a href='http:\/\/caritas.diecezja.wloclawek.pl\/?attachment_id=6859'><img width=\"150\" height=\"150\" src=\"http:\/\/caritas.diecezja.wloclawek.pl\/wp-content\/uploads\/2023\/09\/IMG-20230812-WA0024-150x150.jpg\" class=\"attachment-thumbnail size-thumbnail\" alt=\"\" loading=\"lazy\" srcset=\"http:\/\/caritas.diecezja.wloclawek.pl\/wp-content\/uploads\/2023\/09\/IMG-20230812-WA0024-150x150.jpg 150w, http:\/\/caritas.diecezja.wloclawek.pl\/wp-content\/uploads\/2023\/09\/IMG-20230812-WA0024-80x80.jpg 80w, http:\/\/caritas.diecezja.wloclawek.pl\/wp-content\/uploads\/2023\/09\/IMG-20230812-WA0024-320x320.jpg 320w\" sizes=\"(max-width: 150px) 100vw, 150px\" \/><\/a>\n\t\t\t<\/dt><\/dl><dl class='gallery-item'>\n\t\t\t<dt class='gallery-icon portrait'>\n\t\t\t\t<a href='http:\/\/caritas.diecezja.wloclawek.pl\/?attachment_id=6860'><img width=\"150\" height=\"150\" src=\"http:\/\/caritas.diecezja.wloclawek.pl\/wp-content\/uploads\/2023\/09\/IMG-20230812-WA0041-150x150.jpg\" class=\"attachment-thumbnail size-thumbnail\" alt=\"\" loading=\"lazy\" srcset=\"http:\/\/caritas.diecezja.wloclawek.pl\/wp-content\/uploads\/2023\/09\/IMG-20230812-WA0041-150x150.jpg 150w, http:\/\/caritas.diecezja.wloclawek.pl\/wp-content\/uploads\/2023\/09\/IMG-20230812-WA0041-80x80.jpg 80w, http:\/\/caritas.diecezja.wloclawek.pl\/wp-content\/uploads\/2023\/09\/IMG-20230812-WA0041-320x320.jpg 320w\" sizes=\"(max-width: 150px) 100vw, 150px\" \/><\/a>\n\t\t\t<\/dt><\/dl><br style=\"clear: both\" \/><dl class='gallery-item'>\n\t\t\t<dt class='gallery-icon portrait'>\n\t\t\t\t<a href='http:\/\/caritas.diecezja.wloclawek.pl\/?attachment_id=6861'><img width=\"150\" height=\"150\" src=\"http:\/\/caritas.diecezja.wloclawek.pl\/wp-content\/uploads\/2023\/09\/IMG-20230812-WA0055-150x150.jpg\" class=\"attachment-thumbnail size-thumbnail\" alt=\"\" loading=\"lazy\" srcset=\"http:\/\/caritas.diecezja.wloclawek.pl\/wp-content\/uploads\/2023\/09\/IMG-20230812-WA0055-150x150.jpg 150w, http:\/\/caritas.diecezja.wloclawek.pl\/wp-content\/uploads\/2023\/09\/IMG-20230812-WA0055-80x80.jpg 80w, http:\/\/caritas.diecezja.wloclawek.pl\/wp-content\/uploads\/2023\/09\/IMG-20230812-WA0055-320x320.jpg 320w\" sizes=\"(max-width: 150px) 100vw, 150px\" \/><\/a>\n\t\t\t<\/dt><\/dl><dl class='gallery-item'>\n\t\t\t<dt class='gallery-icon portrait'>\n\t\t\t\t<a href='http:\/\/caritas.diecezja.wloclawek.pl\/?attachment_id=6862'><img width=\"150\" height=\"150\" src=\"http:\/\/caritas.diecezja.wloclawek.pl\/wp-content\/uploads\/2023\/09\/IMG-20230812-WA0066-150x150.jpg\" class=\"attachment-thumbnail size-thumbnail\" alt=\"\" loading=\"lazy\" srcset=\"http:\/\/caritas.diecezja.wloclawek.pl\/wp-content\/uploads\/2023\/09\/IMG-20230812-WA0066-150x150.jpg 150w, http:\/\/caritas.diecezja.wloclawek.pl\/wp-content\/uploads\/2023\/09\/IMG-20230812-WA0066-80x80.jpg 80w, http:\/\/caritas.diecezja.wloclawek.pl\/wp-content\/uploads\/2023\/09\/IMG-20230812-WA0066-320x320.jpg 320w\" sizes=\"(max-width: 150px) 100vw, 150px\" \/><\/a>\n\t\t\t<\/dt><\/dl>\n\t\t\t<br style='clear: both' \/>\n\t\t<\/div>\n\n<p>&nbsp;<\/p>\n<p>&nbsp;<\/p>\n<h3 class=\"LC20lb MBeuO DKV0Md\"><\/h3>\n","protected":false},"excerpt":{"rendered":"<p>&#46;&#46;&#46;<\/p>\n","protected":false},"author":2,"featured_media":6863,"comment_status":"closed","ping_status":"closed","sticky":false,"template":"","format":"standard","meta":[],"categories":[2],"tags":[],"_links":{"self":[{"href":"http:\/\/caritas.diecezja.wloclawek.pl\/index.php?rest_route=\/wp\/v2\/posts\/6787"}],"collection":[{"href":"http:\/\/caritas.diecezja.wloclawek.pl\/index.php?rest_route=\/wp\/v2\/posts"}],"about":[{"href":"http:\/\/caritas.diecezja.wloclawek.pl\/index.php?rest_route=\/wp\/v2\/types\/post"}],"author":[{"embeddable":true,"href":"http:\/\/caritas.diecezja.wloclawek.pl\/index.php?rest_route=\/wp\/v2\/users\/2"}],"replies":[{"embeddable":true,"href":"http:\/\/caritas.diecezja.wloclawek.pl\/index.php?rest_route=%2Fwp%2Fv2%2Fcomments&post=6787"}],"version-history":[{"count":2,"href":"http:\/\/caritas.diecezja.wloclawek.pl\/index.php?rest_route=\/wp\/v2\/posts\/6787\/revisions"}],"predecessor-version":[{"id":6864,"href":"http:\/\/caritas.diecezja.wloclawek.pl\/index.php?rest_route=\/wp\/v2\/posts\/6787\/revisions\/6864"}],"wp:featuredmedia":[{"embeddable":true,"href":"http:\/\/caritas.diecezja.wloclawek.pl\/index.php?rest_route=\/wp\/v2\/media\/6863"}],"wp:attachment":[{"href":"http:\/\/caritas.diecezja.wloclawek.pl\/index.php?rest_route=%2Fwp%2Fv2%2Fmedia&parent=6787"}],"wp:term":[{"taxonomy":"category","embeddable":true,"href":"http:\/\/caritas.diecezja.wloclawek.pl\/index.php?rest_route=%2Fwp%2Fv2%2Fcategories&post=6787"},{"taxonomy":"post_tag","embeddable":true,"href":"http:\/\/caritas.diecezja.wloclawek.pl\/index.php?rest_route=%2Fwp%2Fv2%2Ftags&post=6787"}],"curies":[{"name":"wp","href":"https:\/\/api.w.org\/{rel}","templated":true}]}}