{"id":673,"date":"2013-12-22T23:26:31","date_gmt":"2013-12-22T22:26:31","guid":{"rendered":"http:\/\/caritas.diecezja.wloclawek.pl\/?p=673"},"modified":"2017-11-02T23:27:48","modified_gmt":"2017-11-02T22:27:48","slug":"swiateczna-akcja-szkolnego-kola-caritas-w-parafii-odolion","status":"publish","type":"post","link":"http:\/\/caritas.diecezja.wloclawek.pl\/?p=673","title":{"rendered":"\u015awi\u0105teczna akcja Szkolnego Ko\u0142a Caritas w parafii Odolion"},"content":{"rendered":"<p>Dzi\u0119ki akcji Szkolnego Ko\u0142a Caritas oraz parafii Matki Bo\u017cej Fatimskiej w Odolionie 46 uczni\u00f3w Zespo\u0142u Szk\u00f3\u0142 im. Marii Danilewicz Zieli\u0144skiej w Stawkach pochodz\u0105cych z ubogich rodzin otrzyma\u0142o \u015bwi\u0105teczne paczki ufundowane przez parafian z Odolionu. Paczki by\u0142y bardzo konkretne, uczniowie otrzymali buty, spodnie, inna odzie\u017c, ko\u0142dry, kosmetyki i s\u0142odycze \u2013 podkre\u015bla proboszcz parafii ks. Janusz Stanowski.<\/p>\n<p>Na pocz\u0105tku adwentu w ko\u015bciele w Odolionie pojawi\u0142o si\u0119 46 ma\u0142ych choinek wyci\u0119tych z kartonu, zawieraj\u0105cych dane: p\u0142e\u0107 dziecka, wiek, wzrost i numer buta. Na podstawie tych informacji ch\u0119tni parafianie przygotowywali paczki, na tak przygotowane prezenty nakleili wspomniane kartonowe choinki i przynie\u015bli je do ko\u015bcio\u0142a. W szkole ko\u0142o Caritas pomog\u0142o przekaza\u0107 tak zebrane dary serca do w\u0142a\u015bciwych odbiorc\u00f3w.<\/p>\n<p>Jak stwierdzi\u0142a Paula, jedna ze szkolnych wolontariuszek, pomoc i s\u0142u\u017cba w ramach Szkolnego Ko\u0142a Caritas daje du\u017co rado\u015bci i satysfakcji z tego, \u017ce pomaga si\u0119 drugiemu cz\u0142owiekowi. W ostatni\u0105 niedziel\u0119 adwentu dziewczyny ubrane w czerwone koszulki z napisem \u201eCaritas\u201d rozprowadza\u0142y \u015bwiece wigilijne, co, jak stwierdzi\u0142y, przynosi im r\u00f3wnie\u017c du\u017co rado\u015bci. Doch\u00f3d ze \u015bwiec ksi\u0105dz proboszcz przekaza\u0142 na funkcjonowanie i rozw\u00f3j ko\u0142a.<\/p>\n<p>Wspomniana akcja jest tylko jedn\u0105 z prowadzonych przez Szkolne Ko\u0142o Caritas przy Zespole Szk\u00f3\u0142 w Stawkach i parafii Odolion. Opiekunowie ko\u0142a: ks. Janusz Stanowski i pani Agnieszka Maria\u0144ska zach\u0119caj\u0105 dzieci i m\u0142odzie\u017c do ca\u0142orocznej aktywno\u015bci.17 wolontariuszy nale\u017c\u0105cych do ko\u0142a prowadzi zbi\u00f3rk\u0119 funduszy na stypendia dla biednej m\u0142odzie\u017cy w ramach Dzie\u0142a Nowego Tysi\u0105clecia w Dzie\u0144 Papieski i z okazji \u015awi\u0119ta Dzi\u0119kczynienia obchodzonego w czerwcu; wolontariusze zbieraj\u0105 \u015brodki na rehabilitacj\u0119 chorych dzieci, rozprowadzaj\u0105 \u015bwiecie Caritas i wielkanocne baranki i paschaliki. Dla skoordynowania dzia\u0142alno\u015bci z akcjami Caritas diecezjalnej odpowiedzialni s\u0105 w sta\u0142ym kontakcie z ks. Krzysztofem Stawickim, wicedyrektorem w\u0142oc\u0142awskiej Caritas, odpowiedzialnym za szkolne ko\u0142a w diecezji.<\/p>\n<p>Ks. Janusz Stanowski nie kryje satysfakcji z tej grupki uczni\u00f3w. \u201eKszta\u0142tuje si\u0119 w ten spos\u00f3b ich dojrza\u0142\u0105 chrze\u015bcija\u0144sk\u0105 postaw\u0119. Pomagaj\u0105c najpro\u015bciej g\u0142osi si\u0119 Ewangeli\u0119 i realizuje przykazanie mi\u0142o\u015bci\u201d \u2013 podkre\u015bla odolio\u0144ski proboszcz. M\u00f3wi, \u017ce dzieci ch\u0119tnie anga\u017cuj\u0105 si\u0119 w t\u0119 dzia\u0142alno\u015b\u0107, a szko\u0142a bardzo przychylnie patrzy na tak\u0105 form\u0119 aktywno\u015bci swoich uczni\u00f3w. M\u0142odzie\u017c ch\u0119tnie zak\u0142ada koszulki, pos\u0142uguje si\u0119 identyfikatorami i uto\u017csamia z Caritas. Ks. Stanowski zdradza te\u017c pewne marzenie: \u201echcia\u0142bym, \u017ceby ko\u0142o si\u0119 rozrasta\u0142o, a w po\u0142\u0105czeniu z grup\u0105 charytatywn\u0105 doros\u0142ych kiedy\u015b zacz\u0119\u0142o dociera\u0107 os\u00f3b starszych i samotnych w parafii po to, by je odwiedza\u0107 i nie\u015b\u0107 konkretn\u0105 pomoc przy robieniu zakup\u00f3w, sprz\u0105taniu itp.\u201d<\/p>\n<p>Fotografia: <a href=\"http:\/\/www.zsstawki.pl\">www.zsstawki.pl<\/a><\/p>\n","protected":false},"excerpt":{"rendered":"<p>&#46;&#46;&#46;<\/p>\n","protected":false},"author":1,"featured_media":0,"comment_status":"open","ping_status":"open","sticky":false,"template":"","format":"standard","meta":[],"categories":[2],"tags":[],"_links":{"self":[{"href":"http:\/\/caritas.diecezja.wloclawek.pl\/index.php?rest_route=\/wp\/v2\/posts\/673"}],"collection":[{"href":"http:\/\/caritas.diecezja.wloclawek.pl\/index.php?rest_route=\/wp\/v2\/posts"}],"about":[{"href":"http:\/\/caritas.diecezja.wloclawek.pl\/index.php?rest_route=\/wp\/v2\/types\/post"}],"author":[{"embeddable":true,"href":"http:\/\/caritas.diecezja.wloclawek.pl\/index.php?rest_route=\/wp\/v2\/users\/1"}],"replies":[{"embeddable":true,"href":"http:\/\/caritas.diecezja.wloclawek.pl\/index.php?rest_route=%2Fwp%2Fv2%2Fcomments&post=673"}],"version-history":[{"count":1,"href":"http:\/\/caritas.diecezja.wloclawek.pl\/index.php?rest_route=\/wp\/v2\/posts\/673\/revisions"}],"predecessor-version":[{"id":674,"href":"http:\/\/caritas.diecezja.wloclawek.pl\/index.php?rest_route=\/wp\/v2\/posts\/673\/revisions\/674"}],"wp:attachment":[{"href":"http:\/\/caritas.diecezja.wloclawek.pl\/index.php?rest_route=%2Fwp%2Fv2%2Fmedia&parent=673"}],"wp:term":[{"taxonomy":"category","embeddable":true,"href":"http:\/\/caritas.diecezja.wloclawek.pl\/index.php?rest_route=%2Fwp%2Fv2%2Fcategories&post=673"},{"taxonomy":"post_tag","embeddable":true,"href":"http:\/\/caritas.diecezja.wloclawek.pl\/index.php?rest_route=%2Fwp%2Fv2%2Ftags&post=673"}],"curies":[{"name":"wp","href":"https:\/\/api.w.org\/{rel}","templated":true}]}}