{"id":6706,"date":"2023-06-25T15:09:19","date_gmt":"2023-06-25T14:09:19","guid":{"rendered":"http:\/\/caritas.diecezja.wloclawek.pl\/?p=6706"},"modified":"2023-06-25T15:09:19","modified_gmt":"2023-06-25T14:09:19","slug":"czerwcowe-spotkania-integracyjne-dla-podopiecznych-cpmiu","status":"publish","type":"post","link":"http:\/\/caritas.diecezja.wloclawek.pl\/?p=6706","title":{"rendered":"Czerwcowe spotkania integracyjne dla podopiecznych CPMiU"},"content":{"rendered":"<p>W czerwcu postanowili\u015bmy zafundowa\u0107 naszym podopiecznym z CPMiU prawdziwy dzie\u0144 dziecka dla doros\u0142ych!!! Z tego powodu jedn\u0105 grup\u0119 zabrali\u015bmy na wycieczk\u0119 do zoo, a drug\u0105 \u2013 do cyrku! Miejsc, kt\u00f3re ewidentnie kojarz\u0105 si\u0119 z miejscami odpoczynku i rozrywki dla dzieci. Ale czy\u017c nie ka\u017cdy z nas jest dzieckiem Bo\u017cym? Czy nie ka\u017cdy z nas powinien piel\u0119gnowa\u0107 swoje wewn\u0119trzne dziecko? Czy nie ka\u017cdy zas\u0142uguje na chwil\u0119 relaksu i dzieci\u0119cej beztroski? A osoby po trudnych, traumatycznych przej\u015bciach, do kt\u00f3rych niew\u0105tpliwie zalicza si\u0119 wojna, utrata domu, a czasem nawet bliskich, zas\u0142uguj\u0105 na takie chwile szczeg\u00f3lnie. Id\u0105c tym tropem nasz wyb\u00f3r pad\u0142 w\u0142a\u015bnie na zoo oraz cyrk.<\/p>\n<p>17 czerwca odby\u0142a si\u0119 wycieczka integracyjna do zoo Borysew, w kt\u00f3rej wzi\u0119\u0142o udzia\u0142 10 podopiecznych Centrum Pomocy Migrantom i Uchod\u017acom.<\/p>\n<p>Wyjazd by\u0142 zwie\u0144czeniem trwaj\u0105cego w maju i czerwcu cyklu spotka\u0144 integracyjnych, w tym grupy wsparcia z psychologiem oraz rozm\u00f3w z doradc\u0105 ds. zatrudnienia.<\/p>\n<p>Nasi ukrai\u0144scy go\u015bcie mieli zapewnion\u0105 moc atrakcji, kt\u00f3rych celem by\u0142a poprawa kondycji psycho-fizycznej. Wycieczka rozpocz\u0119\u0142a si\u0119 od przejazdu \u201eZookolejk\u0105\u201d po ca\u0142ym terenie ogrodu, podczas kt\u00f3rej wycieczkowicze poznali ciekawostki o przebywaj\u0105cych w zoo zwierz\u0119tach. Nast\u0119pnie nasi podopieczni wzi\u0119li udzia\u0142 w pokazowym karmieniu foki<br \/>\no wdzi\u0119cznym imieniu Dawid, kt\u00f3ry by\u0142 bardzo spektakularny. Pe\u0142ni wra\u017ce\u0144 udali si\u0119 do kina 7D, gdzie odby\u0142 si\u0119 seans pt. \u201eAtak rekina\u201d.<\/p>\n<p>Organizatorzy zadbali r\u00f3wnie\u017c, aby podopieczni CPMiU mieli si\u0142\u0119 do zwiedzania. W tym celu udali si\u0119 na pyszny obiad, po kt\u00f3rym nast\u0105pi\u0142o zwiedzanie rozleg\u0142ego terenu zoo. Ukrai\u0144cy mogli m. in. zwiedzi\u0107 \u015bwiat wodny czy dom zimowy oraz mini zoo.<\/p>\n<p>Po intensywnym spacerze organizatorzy wycieczki zaprosili wycieczkowicz\u00f3w na pyszne lody.<\/p>\n<p>Na zako\u0144czenie wyjazdu podopieczni wraz z opiekunami wzi\u0119li udzia\u0142 w pokazach karmienia dzikich kot\u00f3w.<\/p>\n<p>Wszyscy bior\u0105cy w wycieczce podopieczni Centrum pomocy Migrantom i Uchod\u017acom zgodnie stwierdzili, \u017ce taki wyjazd by\u0142 im bardzo potrzebny. Przyjemna atmosfera sprzyja\u0142a rozmowom i relaksowi. Uczestnicy wycieczki mogli cho\u0107 na chwil\u0119 oderwa\u0107 si\u0119 od rzeczywisto\u015bci<br \/>\ni zapomnie\u0107 o problemach dnia codziennego.<\/p>\n<p>Z kolei 23 czerwca 11 obywateli Ukrainy zosta\u0142o zaproszonych do cyrku i to nie byle jakiego, bo do cyrku na wodzie <a class=\"x1i10hfl xjbqb8w x6umtig x1b1mbwd xaqea5y xav7gou x9f619 x1ypdohk xt0psk2 xe8uvvx xdj266r x11i5rnm xat24cr x1mh8g0r xexx8yu x4uap5 x18d9i69 xkhd6sd x16tdsg8 x1hl2dhg xggy1nq x1a2a7pz xt0b8zv x1qq9wsj xo1l8bm\" tabindex=\"0\" role=\"link\" href=\"https:\/\/www.facebook.com\/profile.php?id=100090252542264&amp;__cft__[0]=AZVFEqSVhJM9YmqIdorS_s7sl7tRrY9f25jC0WmmVwj0W05hLrKicLM8B9Tv6ne3nPuK4_d3OcXyq1bqdBc3PrHGu03Va61trlZ0mYOLbE-4gIgHa8qZNUD4Wsp4W4baoP0ekNhZzeJ3H2QMvOdDFr-vQvKrh5ilTnV3Ss9fhaHJ8iEwtO6__sr0JLcaJXp9fqQ&amp;__tn__=-]K-R\"><span class=\"xt0psk2\">Imperial Show 2023 Cyrk na wodzie<\/span><\/a>! By\u0142o niesamowicie! Niezapomniany Water Show &#8222;Burleska&#8221;! Mn\u00f3stwo pozytywnych emocji i jeszcze wi\u0119cej fantastycznych wra\u017ce\u0144! Profesjonalni arty\u015bci, akrobaci, gimnastycy, pokaz iluzji, linoskoczkowie, \u017conglerzy, pokaz baletu, tony wody, lekkie muzyczne fontanny i najbardziej ekscentryczni i zabawni klauni. Dwie godziny spektakularnego widowiska, podczas kt\u00f3rego nasi podopieczni zapomnieli o otaczaj\u0105cej rzeczywisto\u015bci. Ka\u017cdy z uczestnik\u00f3w podziwia\u0142 z zachwytem i zapartym tchem magiczne wyst\u0119py! I zn\u00f3w m\u00f3g\u0142 poczu\u0107 si\u0119 beztroskim dzieckiem.<\/p>\n\n\t\t<style type=\"text\/css\">\n\t\t\t#gallery-1 {\n\t\t\t\tmargin: auto;\n\t\t\t}\n\t\t\t#gallery-1 .gallery-item {\n\t\t\t\tfloat: left;\n\t\t\t\tmargin-top: 10px;\n\t\t\t\ttext-align: center;\n\t\t\t\twidth: 16%;\n\t\t\t}\n\t\t\t#gallery-1 img {\n\t\t\t\tborder: 2px solid #cfcfcf;\n\t\t\t}\n\t\t\t#gallery-1 .gallery-caption {\n\t\t\t\tmargin-left: 0;\n\t\t\t}\n\t\t\t\/* see gallery_shortcode() in wp-includes\/media.php *\/\n\t\t<\/style>\n\t\t<div id='gallery-1' class='gallery galleryid-6706 gallery-columns-6 gallery-size-thumbnail'><dl class='gallery-item'>\n\t\t\t<dt class='gallery-icon portrait'>\n\t\t\t\t<a href='http:\/\/caritas.diecezja.wloclawek.pl\/?attachment_id=6707'><img width=\"150\" height=\"150\" src=\"http:\/\/caritas.diecezja.wloclawek.pl\/wp-content\/uploads\/2023\/06\/1-4-150x150.jpg\" class=\"attachment-thumbnail size-thumbnail\" alt=\"\" loading=\"lazy\" srcset=\"http:\/\/caritas.diecezja.wloclawek.pl\/wp-content\/uploads\/2023\/06\/1-4-150x150.jpg 150w, http:\/\/caritas.diecezja.wloclawek.pl\/wp-content\/uploads\/2023\/06\/1-4-80x80.jpg 80w, http:\/\/caritas.diecezja.wloclawek.pl\/wp-content\/uploads\/2023\/06\/1-4-320x320.jpg 320w\" sizes=\"(max-width: 150px) 100vw, 150px\" \/><\/a>\n\t\t\t<\/dt><\/dl><dl class='gallery-item'>\n\t\t\t<dt class='gallery-icon landscape'>\n\t\t\t\t<a href='http:\/\/caritas.diecezja.wloclawek.pl\/?attachment_id=6708'><img width=\"150\" height=\"150\" src=\"http:\/\/caritas.diecezja.wloclawek.pl\/wp-content\/uploads\/2023\/06\/2-3-150x150.jpg\" class=\"attachment-thumbnail size-thumbnail\" alt=\"\" loading=\"lazy\" srcset=\"http:\/\/caritas.diecezja.wloclawek.pl\/wp-content\/uploads\/2023\/06\/2-3-150x150.jpg 150w, http:\/\/caritas.diecezja.wloclawek.pl\/wp-content\/uploads\/2023\/06\/2-3-80x80.jpg 80w, http:\/\/caritas.diecezja.wloclawek.pl\/wp-content\/uploads\/2023\/06\/2-3-320x320.jpg 320w\" sizes=\"(max-width: 150px) 100vw, 150px\" \/><\/a>\n\t\t\t<\/dt><\/dl><dl class='gallery-item'>\n\t\t\t<dt class='gallery-icon portrait'>\n\t\t\t\t<a href='http:\/\/caritas.diecezja.wloclawek.pl\/?attachment_id=6709'><img width=\"150\" height=\"150\" src=\"http:\/\/caritas.diecezja.wloclawek.pl\/wp-content\/uploads\/2023\/06\/3-3-150x150.jpg\" class=\"attachment-thumbnail size-thumbnail\" alt=\"\" loading=\"lazy\" srcset=\"http:\/\/caritas.diecezja.wloclawek.pl\/wp-content\/uploads\/2023\/06\/3-3-150x150.jpg 150w, http:\/\/caritas.diecezja.wloclawek.pl\/wp-content\/uploads\/2023\/06\/3-3-80x80.jpg 80w, http:\/\/caritas.diecezja.wloclawek.pl\/wp-content\/uploads\/2023\/06\/3-3-320x320.jpg 320w\" sizes=\"(max-width: 150px) 100vw, 150px\" \/><\/a>\n\t\t\t<\/dt><\/dl><dl class='gallery-item'>\n\t\t\t<dt class='gallery-icon portrait'>\n\t\t\t\t<a href='http:\/\/caritas.diecezja.wloclawek.pl\/?attachment_id=6710'><img width=\"150\" height=\"150\" src=\"http:\/\/caritas.diecezja.wloclawek.pl\/wp-content\/uploads\/2023\/06\/4-3-150x150.jpg\" class=\"attachment-thumbnail size-thumbnail\" alt=\"\" loading=\"lazy\" srcset=\"http:\/\/caritas.diecezja.wloclawek.pl\/wp-content\/uploads\/2023\/06\/4-3-150x150.jpg 150w, http:\/\/caritas.diecezja.wloclawek.pl\/wp-content\/uploads\/2023\/06\/4-3-80x80.jpg 80w, http:\/\/caritas.diecezja.wloclawek.pl\/wp-content\/uploads\/2023\/06\/4-3-320x320.jpg 320w\" sizes=\"(max-width: 150px) 100vw, 150px\" \/><\/a>\n\t\t\t<\/dt><\/dl><dl class='gallery-item'>\n\t\t\t<dt class='gallery-icon portrait'>\n\t\t\t\t<a href='http:\/\/caritas.diecezja.wloclawek.pl\/?attachment_id=6711'><img width=\"150\" height=\"150\" src=\"http:\/\/caritas.diecezja.wloclawek.pl\/wp-content\/uploads\/2023\/06\/5-2-150x150.jpg\" class=\"attachment-thumbnail size-thumbnail\" alt=\"\" loading=\"lazy\" srcset=\"http:\/\/caritas.diecezja.wloclawek.pl\/wp-content\/uploads\/2023\/06\/5-2-150x150.jpg 150w, http:\/\/caritas.diecezja.wloclawek.pl\/wp-content\/uploads\/2023\/06\/5-2-80x80.jpg 80w, http:\/\/caritas.diecezja.wloclawek.pl\/wp-content\/uploads\/2023\/06\/5-2-320x320.jpg 320w\" sizes=\"(max-width: 150px) 100vw, 150px\" \/><\/a>\n\t\t\t<\/dt><\/dl><dl class='gallery-item'>\n\t\t\t<dt class='gallery-icon landscape'>\n\t\t\t\t<a href='http:\/\/caritas.diecezja.wloclawek.pl\/?attachment_id=6712'><img width=\"150\" height=\"150\" src=\"http:\/\/caritas.diecezja.wloclawek.pl\/wp-content\/uploads\/2023\/06\/6-3-150x150.jpg\" class=\"attachment-thumbnail size-thumbnail\" alt=\"\" loading=\"lazy\" srcset=\"http:\/\/caritas.diecezja.wloclawek.pl\/wp-content\/uploads\/2023\/06\/6-3-150x150.jpg 150w, http:\/\/caritas.diecezja.wloclawek.pl\/wp-content\/uploads\/2023\/06\/6-3-80x80.jpg 80w, http:\/\/caritas.diecezja.wloclawek.pl\/wp-content\/uploads\/2023\/06\/6-3-320x320.jpg 320w\" sizes=\"(max-width: 150px) 100vw, 150px\" \/><\/a>\n\t\t\t<\/dt><\/dl><br style=\"clear: both\" \/><dl class='gallery-item'>\n\t\t\t<dt class='gallery-icon portrait'>\n\t\t\t\t<a href='http:\/\/caritas.diecezja.wloclawek.pl\/?attachment_id=6713'><img width=\"150\" height=\"150\" src=\"http:\/\/caritas.diecezja.wloclawek.pl\/wp-content\/uploads\/2023\/06\/0-1-150x150.jpg\" class=\"attachment-thumbnail size-thumbnail\" alt=\"\" loading=\"lazy\" srcset=\"http:\/\/caritas.diecezja.wloclawek.pl\/wp-content\/uploads\/2023\/06\/0-1-150x150.jpg 150w, http:\/\/caritas.diecezja.wloclawek.pl\/wp-content\/uploads\/2023\/06\/0-1-80x80.jpg 80w, http:\/\/caritas.diecezja.wloclawek.pl\/wp-content\/uploads\/2023\/06\/0-1-320x320.jpg 320w\" sizes=\"(max-width: 150px) 100vw, 150px\" \/><\/a>\n\t\t\t<\/dt><\/dl><dl class='gallery-item'>\n\t\t\t<dt class='gallery-icon landscape'>\n\t\t\t\t<a href='http:\/\/caritas.diecezja.wloclawek.pl\/?attachment_id=6714'><img width=\"150\" height=\"150\" src=\"http:\/\/caritas.diecezja.wloclawek.pl\/wp-content\/uploads\/2023\/06\/01-150x150.jpeg\" class=\"attachment-thumbnail size-thumbnail\" alt=\"\" loading=\"lazy\" srcset=\"http:\/\/caritas.diecezja.wloclawek.pl\/wp-content\/uploads\/2023\/06\/01-150x150.jpeg 150w, http:\/\/caritas.diecezja.wloclawek.pl\/wp-content\/uploads\/2023\/06\/01-80x80.jpeg 80w, http:\/\/caritas.diecezja.wloclawek.pl\/wp-content\/uploads\/2023\/06\/01-320x320.jpeg 320w\" sizes=\"(max-width: 150px) 100vw, 150px\" \/><\/a>\n\t\t\t<\/dt><\/dl><dl class='gallery-item'>\n\t\t\t<dt class='gallery-icon landscape'>\n\t\t\t\t<a href='http:\/\/caritas.diecezja.wloclawek.pl\/?attachment_id=6715'><img width=\"150\" height=\"150\" src=\"http:\/\/caritas.diecezja.wloclawek.pl\/wp-content\/uploads\/2023\/06\/02-150x150.jpeg\" class=\"attachment-thumbnail size-thumbnail\" alt=\"\" loading=\"lazy\" srcset=\"http:\/\/caritas.diecezja.wloclawek.pl\/wp-content\/uploads\/2023\/06\/02-150x150.jpeg 150w, http:\/\/caritas.diecezja.wloclawek.pl\/wp-content\/uploads\/2023\/06\/02-80x80.jpeg 80w, http:\/\/caritas.diecezja.wloclawek.pl\/wp-content\/uploads\/2023\/06\/02-320x320.jpeg 320w\" sizes=\"(max-width: 150px) 100vw, 150px\" \/><\/a>\n\t\t\t<\/dt><\/dl><dl class='gallery-item'>\n\t\t\t<dt class='gallery-icon landscape'>\n\t\t\t\t<a href='http:\/\/caritas.diecezja.wloclawek.pl\/?attachment_id=6716'><img width=\"150\" height=\"150\" src=\"http:\/\/caritas.diecezja.wloclawek.pl\/wp-content\/uploads\/2023\/06\/03-150x150.jpeg\" class=\"attachment-thumbnail size-thumbnail\" alt=\"\" loading=\"lazy\" srcset=\"http:\/\/caritas.diecezja.wloclawek.pl\/wp-content\/uploads\/2023\/06\/03-150x150.jpeg 150w, http:\/\/caritas.diecezja.wloclawek.pl\/wp-content\/uploads\/2023\/06\/03-80x80.jpeg 80w, http:\/\/caritas.diecezja.wloclawek.pl\/wp-content\/uploads\/2023\/06\/03-320x320.jpeg 320w\" sizes=\"(max-width: 150px) 100vw, 150px\" \/><\/a>\n\t\t\t<\/dt><\/dl><dl class='gallery-item'>\n\t\t\t<dt class='gallery-icon landscape'>\n\t\t\t\t<a href='http:\/\/caritas.diecezja.wloclawek.pl\/?attachment_id=6717'><img width=\"150\" height=\"150\" src=\"http:\/\/caritas.diecezja.wloclawek.pl\/wp-content\/uploads\/2023\/06\/04-150x150.jpeg\" class=\"attachment-thumbnail size-thumbnail\" alt=\"\" loading=\"lazy\" srcset=\"http:\/\/caritas.diecezja.wloclawek.pl\/wp-content\/uploads\/2023\/06\/04-150x150.jpeg 150w, http:\/\/caritas.diecezja.wloclawek.pl\/wp-content\/uploads\/2023\/06\/04-80x80.jpeg 80w, http:\/\/caritas.diecezja.wloclawek.pl\/wp-content\/uploads\/2023\/06\/04-320x320.jpeg 320w\" sizes=\"(max-width: 150px) 100vw, 150px\" \/><\/a>\n\t\t\t<\/dt><\/dl><dl class='gallery-item'>\n\t\t\t<dt class='gallery-icon landscape'>\n\t\t\t\t<a href='http:\/\/caritas.diecezja.wloclawek.pl\/?attachment_id=6718'><img width=\"150\" height=\"150\" src=\"http:\/\/caritas.diecezja.wloclawek.pl\/wp-content\/uploads\/2023\/06\/05-150x150.jpeg\" class=\"attachment-thumbnail size-thumbnail\" alt=\"\" loading=\"lazy\" srcset=\"http:\/\/caritas.diecezja.wloclawek.pl\/wp-content\/uploads\/2023\/06\/05-150x150.jpeg 150w, http:\/\/caritas.diecezja.wloclawek.pl\/wp-content\/uploads\/2023\/06\/05-80x80.jpeg 80w, http:\/\/caritas.diecezja.wloclawek.pl\/wp-content\/uploads\/2023\/06\/05-320x320.jpeg 320w\" sizes=\"(max-width: 150px) 100vw, 150px\" \/><\/a>\n\t\t\t<\/dt><\/dl><br style=\"clear: both\" \/><dl class='gallery-item'>\n\t\t\t<dt class='gallery-icon portrait'>\n\t\t\t\t<a href='http:\/\/caritas.diecezja.wloclawek.pl\/?attachment_id=6719'><img width=\"150\" height=\"150\" src=\"http:\/\/caritas.diecezja.wloclawek.pl\/wp-content\/uploads\/2023\/06\/06-150x150.jpeg\" class=\"attachment-thumbnail size-thumbnail\" alt=\"\" loading=\"lazy\" srcset=\"http:\/\/caritas.diecezja.wloclawek.pl\/wp-content\/uploads\/2023\/06\/06-150x150.jpeg 150w, http:\/\/caritas.diecezja.wloclawek.pl\/wp-content\/uploads\/2023\/06\/06-80x80.jpeg 80w, http:\/\/caritas.diecezja.wloclawek.pl\/wp-content\/uploads\/2023\/06\/06-320x320.jpeg 320w\" sizes=\"(max-width: 150px) 100vw, 150px\" \/><\/a>\n\t\t\t<\/dt><\/dl><dl class='gallery-item'>\n\t\t\t<dt class='gallery-icon landscape'>\n\t\t\t\t<a href='http:\/\/caritas.diecezja.wloclawek.pl\/?attachment_id=6720'><img width=\"150\" height=\"150\" src=\"http:\/\/caritas.diecezja.wloclawek.pl\/wp-content\/uploads\/2023\/06\/07-150x150.jpg\" class=\"attachment-thumbnail size-thumbnail\" alt=\"\" loading=\"lazy\" srcset=\"http:\/\/caritas.diecezja.wloclawek.pl\/wp-content\/uploads\/2023\/06\/07-150x150.jpg 150w, http:\/\/caritas.diecezja.wloclawek.pl\/wp-content\/uploads\/2023\/06\/07-80x80.jpg 80w, http:\/\/caritas.diecezja.wloclawek.pl\/wp-content\/uploads\/2023\/06\/07-320x320.jpg 320w\" sizes=\"(max-width: 150px) 100vw, 150px\" \/><\/a>\n\t\t\t<\/dt><\/dl><dl class='gallery-item'>\n\t\t\t<dt class='gallery-icon landscape'>\n\t\t\t\t<a href='http:\/\/caritas.diecezja.wloclawek.pl\/?attachment_id=6721'><img width=\"150\" height=\"150\" src=\"http:\/\/caritas.diecezja.wloclawek.pl\/wp-content\/uploads\/2023\/06\/08-150x150.jpg\" class=\"attachment-thumbnail size-thumbnail\" alt=\"\" loading=\"lazy\" srcset=\"http:\/\/caritas.diecezja.wloclawek.pl\/wp-content\/uploads\/2023\/06\/08-150x150.jpg 150w, http:\/\/caritas.diecezja.wloclawek.pl\/wp-content\/uploads\/2023\/06\/08-80x80.jpg 80w, http:\/\/caritas.diecezja.wloclawek.pl\/wp-content\/uploads\/2023\/06\/08-320x320.jpg 320w\" sizes=\"(max-width: 150px) 100vw, 150px\" \/><\/a>\n\t\t\t<\/dt><\/dl><dl class='gallery-item'>\n\t\t\t<dt class='gallery-icon landscape'>\n\t\t\t\t<a href='http:\/\/caritas.diecezja.wloclawek.pl\/?attachment_id=6722'><img width=\"150\" height=\"150\" src=\"http:\/\/caritas.diecezja.wloclawek.pl\/wp-content\/uploads\/2023\/06\/09-150x150.jpg\" class=\"attachment-thumbnail size-thumbnail\" alt=\"\" loading=\"lazy\" srcset=\"http:\/\/caritas.diecezja.wloclawek.pl\/wp-content\/uploads\/2023\/06\/09-150x150.jpg 150w, http:\/\/caritas.diecezja.wloclawek.pl\/wp-content\/uploads\/2023\/06\/09-80x80.jpg 80w, http:\/\/caritas.diecezja.wloclawek.pl\/wp-content\/uploads\/2023\/06\/09-320x320.jpg 320w\" sizes=\"(max-width: 150px) 100vw, 150px\" \/><\/a>\n\t\t\t<\/dt><\/dl><dl class='gallery-item'>\n\t\t\t<dt class='gallery-icon landscape'>\n\t\t\t\t<a href='http:\/\/caritas.diecezja.wloclawek.pl\/?attachment_id=6723'><img width=\"150\" height=\"150\" src=\"http:\/\/caritas.diecezja.wloclawek.pl\/wp-content\/uploads\/2023\/06\/10-150x150.jpeg\" class=\"attachment-thumbnail size-thumbnail\" alt=\"\" loading=\"lazy\" srcset=\"http:\/\/caritas.diecezja.wloclawek.pl\/wp-content\/uploads\/2023\/06\/10-150x150.jpeg 150w, http:\/\/caritas.diecezja.wloclawek.pl\/wp-content\/uploads\/2023\/06\/10-80x80.jpeg 80w, http:\/\/caritas.diecezja.wloclawek.pl\/wp-content\/uploads\/2023\/06\/10-320x320.jpeg 320w\" sizes=\"(max-width: 150px) 100vw, 150px\" \/><\/a>\n\t\t\t<\/dt><\/dl>\n\t\t\t<br style='clear: both' \/>\n\t\t<\/div>\n\n","protected":false},"excerpt":{"rendered":"<p>&#46;&#46;&#46;<\/p>\n","protected":false},"author":2,"featured_media":6714,"comment_status":"closed","ping_status":"closed","sticky":false,"template":"","format":"standard","meta":[],"categories":[2],"tags":[],"_links":{"self":[{"href":"http:\/\/caritas.diecezja.wloclawek.pl\/index.php?rest_route=\/wp\/v2\/posts\/6706"}],"collection":[{"href":"http:\/\/caritas.diecezja.wloclawek.pl\/index.php?rest_route=\/wp\/v2\/posts"}],"about":[{"href":"http:\/\/caritas.diecezja.wloclawek.pl\/index.php?rest_route=\/wp\/v2\/types\/post"}],"author":[{"embeddable":true,"href":"http:\/\/caritas.diecezja.wloclawek.pl\/index.php?rest_route=\/wp\/v2\/users\/2"}],"replies":[{"embeddable":true,"href":"http:\/\/caritas.diecezja.wloclawek.pl\/index.php?rest_route=%2Fwp%2Fv2%2Fcomments&post=6706"}],"version-history":[{"count":1,"href":"http:\/\/caritas.diecezja.wloclawek.pl\/index.php?rest_route=\/wp\/v2\/posts\/6706\/revisions"}],"predecessor-version":[{"id":6724,"href":"http:\/\/caritas.diecezja.wloclawek.pl\/index.php?rest_route=\/wp\/v2\/posts\/6706\/revisions\/6724"}],"wp:featuredmedia":[{"embeddable":true,"href":"http:\/\/caritas.diecezja.wloclawek.pl\/index.php?rest_route=\/wp\/v2\/media\/6714"}],"wp:attachment":[{"href":"http:\/\/caritas.diecezja.wloclawek.pl\/index.php?rest_route=%2Fwp%2Fv2%2Fmedia&parent=6706"}],"wp:term":[{"taxonomy":"category","embeddable":true,"href":"http:\/\/caritas.diecezja.wloclawek.pl\/index.php?rest_route=%2Fwp%2Fv2%2Fcategories&post=6706"},{"taxonomy":"post_tag","embeddable":true,"href":"http:\/\/caritas.diecezja.wloclawek.pl\/index.php?rest_route=%2Fwp%2Fv2%2Ftags&post=6706"}],"curies":[{"name":"wp","href":"https:\/\/api.w.org\/{rel}","templated":true}]}}