{"id":654,"date":"2013-12-03T23:22:57","date_gmt":"2013-12-03T22:22:57","guid":{"rendered":"http:\/\/caritas.diecezja.wloclawek.pl\/?p=654"},"modified":"2017-11-02T23:23:32","modified_gmt":"2017-11-02T22:23:32","slug":"program-skrzydla-podsumowanie","status":"publish","type":"post","link":"http:\/\/caritas.diecezja.wloclawek.pl\/?p=654","title":{"rendered":"Program Skrzyd\u0142a &#8211; podsumowanie"},"content":{"rendered":"<p>Zako\u0144czy\u0142a si\u0119 kolejna edycja programu Skrzyd\u0142a, s\u0142u\u017c\u0105cemu finansowemu i rozwojowemu wsparciu dzieci i m\u0142odzie\u017cy \u2013 uczni\u00f3w szk\u00f3\u0142 podstawowych, gimnazjalnych i \u015brednich, kt\u00f3rych edukacja jest zagro\u017cona przez szczeg\u00f3lnie trudn\u0105 sytuacj\u0119 materialn\u0105 oraz tych, kt\u00f3rzy znale\u017ali si\u0119 w wyj\u0105tkowo ci\u0119\u017ckiej sytuacji losowej.<\/p>\n<p>Tym razem, przez ca\u0142y 2013 rok Caritas Diecezji W\u0142oc\u0142awskiej otacza\u0142a opiek\u0105 sze\u015bcioro uczni\u00f3w, daj\u0105c im szans\u0119 na wzmocnienie poczucia warto\u015bci oraz realizacj\u0119 marze\u0144. Nie wspominaj\u0105c ju\u017c o tym, \u017ce umo\u017cliwia\u0142a zaspokojenie podstawowych potrzeb dzieci i ich rozw\u00f3j osobisty. Dzi\u0119ki wsparciu podopieczni Skrzyde\u0142 mogli zakupi\u0107 wszystkie podr\u0119czniki, przybory szkolne, a tak\u017ce nowe ubrania. Wraz z popraw\u0105 sytuacji materialnej dzieci rozwin\u0119\u0142y \u201eedukacyjne skrzyd\u0142a\u201d. Uczyni\u0142y post\u0119py w nauce, a nawet bra\u0142y udzia\u0142 w r\u00f3\u017cnego rodzaju konkursach szkolnych czy zawodach sportowych, gdzie odnosi\u0142y niema\u0142e sukcesy [m.in. I miejsce w szkolnym konkursie historycznym, IV miejsce w fina\u0142ach wojew\u00f3dzkich sztafetowych bieg\u00f3w prze\u0142ajowych dziewcz\u0105t]. Ponadto cz\u0119\u015b\u0107 podopiecznych Caritas bra\u0142a udzia\u0142 w spotkaniach z policjantem, s\u0119dzi\u0105, weterynarzem czy wokalistk\u0105 bluesow\u0105, a nawet wybra\u0142a si\u0119 na wycieczk\u0119 do Warszawy.<\/p>\n<p>Agnieszka Magos<\/p>\n","protected":false},"excerpt":{"rendered":"<p>&#46;&#46;&#46;<\/p>\n","protected":false},"author":1,"featured_media":0,"comment_status":"open","ping_status":"open","sticky":false,"template":"","format":"standard","meta":[],"categories":[2],"tags":[],"_links":{"self":[{"href":"http:\/\/caritas.diecezja.wloclawek.pl\/index.php?rest_route=\/wp\/v2\/posts\/654"}],"collection":[{"href":"http:\/\/caritas.diecezja.wloclawek.pl\/index.php?rest_route=\/wp\/v2\/posts"}],"about":[{"href":"http:\/\/caritas.diecezja.wloclawek.pl\/index.php?rest_route=\/wp\/v2\/types\/post"}],"author":[{"embeddable":true,"href":"http:\/\/caritas.diecezja.wloclawek.pl\/index.php?rest_route=\/wp\/v2\/users\/1"}],"replies":[{"embeddable":true,"href":"http:\/\/caritas.diecezja.wloclawek.pl\/index.php?rest_route=%2Fwp%2Fv2%2Fcomments&post=654"}],"version-history":[{"count":1,"href":"http:\/\/caritas.diecezja.wloclawek.pl\/index.php?rest_route=\/wp\/v2\/posts\/654\/revisions"}],"predecessor-version":[{"id":655,"href":"http:\/\/caritas.diecezja.wloclawek.pl\/index.php?rest_route=\/wp\/v2\/posts\/654\/revisions\/655"}],"wp:attachment":[{"href":"http:\/\/caritas.diecezja.wloclawek.pl\/index.php?rest_route=%2Fwp%2Fv2%2Fmedia&parent=654"}],"wp:term":[{"taxonomy":"category","embeddable":true,"href":"http:\/\/caritas.diecezja.wloclawek.pl\/index.php?rest_route=%2Fwp%2Fv2%2Fcategories&post=654"},{"taxonomy":"post_tag","embeddable":true,"href":"http:\/\/caritas.diecezja.wloclawek.pl\/index.php?rest_route=%2Fwp%2Fv2%2Ftags&post=654"}],"curies":[{"name":"wp","href":"https:\/\/api.w.org\/{rel}","templated":true}]}}