{"id":651,"date":"2014-01-18T23:21:21","date_gmt":"2014-01-18T22:21:21","guid":{"rendered":"http:\/\/caritas.diecezja.wloclawek.pl\/?p=651"},"modified":"2017-11-02T23:22:39","modified_gmt":"2017-11-02T22:22:39","slug":"motywacja-jest-zawsze-ewangeliczna","status":"publish","type":"post","link":"http:\/\/caritas.diecezja.wloclawek.pl\/?p=651","title":{"rendered":"Motywacja jest zawsze ewangeliczna"},"content":{"rendered":"<p>\u201eNasz\u0105 misj\u0105 jest praca na rzecz bli\u017anich znajduj\u0105cych si\u0119 w potrzebie, a w ten spos\u00f3b dzielenie si\u0119 z nimi mi\u0142o\u015bci\u0105. Nie jeste\u015bmy filantropami. Motywacja bardzo konkretnych dzia\u0142a\u0144 Caritas jest zawsze ewangeliczna\u201d \u2013 powiedzia\u0142 ks. pra\u0142at Marek Soboci\u0144ski. W wywiadzie udzielonym dla \u201e\u0141adu Bo\u017cego\u201d, dodatku diecezjalnego w \u201ePrzewodniku Katolickim\u201d, ks. Soboci\u0144ski m\u00f3wi o dzia\u0142aniach Caritas Diecezji W\u0142oc\u0142awskiej, kt\u00f3ra wype\u0142nia misj\u0119 niesienia pomocy i mi\u0142o\u015bci mieszka\u0144com diecezji b\u0119d\u0105cym w potrzebie. Jednocze\u015bnie przedstawia plany dotycz\u0105ce podj\u0119tych przez t\u0119 plac\u00f3wk\u0119 projekt\u00f3w.<\/p>\n<p>&nbsp;<\/p>\n<p>Caritas jako ko\u015bcielna organizacja charytatywna ma szerokie spektrum dzia\u0142alno\u015bci. To \u017cywy Ko\u015bci\u00f3\u0142 pracuj\u0105cy na co dzie\u0144 z potrzebuj\u0105cymi, biednymi, chorymi, opuszczonymi, bezradnymi. Co, zdaniem Ksi\u0119dza, motywuje prac\u0119 Caritas?<br \/>\n\u2013 Od pocz\u0105tku istnienia Caritas diecezji w\u0142oc\u0142awskiej, tj. od 1990 r., na mocy dekretu biskupa diecezjalnego Henryka Muszy\u0144skiego jestem jej dyrektorem, a tak\u017ce wsp\u00f3\u0142za\u0142o\u017cycielem struktur. Rzeczywi\u015bcie, nasz\u0105 misj\u0105 jest praca na rzecz bli\u017anich znajduj\u0105cych si\u0119 w potrzebie, a w ten spos\u00f3b dzielenie si\u0119 z nimi mi\u0142o\u015bci\u0105. Nie jeste\u015bmy filantropami. Motywacja bardzo konkretnych dzia\u0142a\u0144 Caritas jest zawsze ewangeliczna. Wszak B\u00f3g jest mi\u0142o\u015bci\u0105, Deus caritas est.<\/p>\n<p>Czy zechcia\u0142by Ksi\u0105dz opowiedzie\u0107 o najnowszych i realizowanych dzia\u0142aniach naszej diecezjalnej Caritas?<br \/>\n\u2013 W 2013 r. skoncentrowali\u015bmy si\u0119 na rozbudowie i przenosinach schroniska dla bezdomnych. W dotychczasowym miejscu, tj. przy ul. Prymasa Stanis\u0142awa Karnkowskiego, Schronisko im. \u015bw. Brata Alberta Chmielowskiego funkcjonuje od pa\u017adziernika 2001 r. Jego mieszka\u0144cy s\u0105 pod sta\u0142\u0105 opiek\u0105 Si\u00f3str Albertynek Pos\u0142uguj\u0105cych Ubogim i pracownik\u00f3w \u015bwieckich. Opiek\u0119 duchow\u0105 sprawuj\u0105 ksi\u0119\u017ca pracuj\u0105cy w Caritas. W ubieg\u0142ym roku dom zamieszkiwa\u0142o \u015brednio ok. 180 bezdomnych. W ich liczbie \u2013 oczywi\u015bcie w wydzielonej cz\u0119\u015bci budynku \u2013 ponad 20 kobiet.<\/p>\n<p>Budynek schroniska znajduje si\u0119 w sercu miasta. S\u0105siaduje z katedr\u0105 i gmachem seminarium duchownego, kt\u00f3re \u0142\u0105czy skwer, tj. plac Miko\u0142aja Kopernika. Gdzie jest zlokalizowany ten nowy?<br \/>\n\u2013 Z r\u00f3\u017cnych powod\u00f3w w\u0142adze diecezji zdecydowa\u0142y o przeniesieniu schroniska do budynk\u00f3w przy ul. P\u0142ockiej 2. Caritas diecezji w\u0142oc\u0142awskiej zakupi\u0142a od miasta, za 1 proc. warto\u015bci, dzia\u0142k\u0119 wraz z dwoma zdewastowanymi budynkami. Dobiegaj\u0105 ko\u0144ca prace adaptacyjne pierwszego budynku. Z pocz\u0105tkiem lutego w nowym lokum zamieszka 80 os\u00f3b. Z czasem, w wyremontowanym i zaadaptowanym drugim budynku, dodajmy: totalnie zdewastowanym przez zbieraczy z\u0142omu, powstanie schronisko dla kobiet, prawdopodobnie te\u017c jad\u0142odajnia. W obecnie funkcjonuj\u0105cej jad\u0142odajni z gor\u0105cego posi\u0142ku korzysta \u015brednio ponad 300 os\u00f3b. Pe\u0142ny, obiad otrzymuj\u0105 mieszka\u0144cy schroniska; pozosta\u0142e osoby, tzn. przychodz\u0105ce z miasta \u2013 zup\u0119 i chleb.<\/p>\n<p>Wiem, \u017ce przedmiotem stara\u0144 diecezjalnej Caritas jest r\u00f3wnie\u017c utworzenie przy ul. P\u0142ockiej 2 magazynu \u017cywno\u015bci. Chodzi o artyku\u0142y spo\u017cywcze, kt\u00f3re s\u0105 wydawane kilka razy do roku w formie paczek, jako pomoc dla biednych z W\u0142oc\u0142awka.<br \/>\n\u2013 Pomoc \u017cywno\u015bciow\u0105 realizujemy jako uczestnicy program\u00f3w unijnych. W\u0142a\u015bnie zako\u0144czy\u0142 si\u0119 program PEAD 2013. W ubieg\u0142ym roku z pomocy tej skorzysta\u0142o 3175 rodzin w\u0142oc\u0142awskich. Ka\u017cda osoba (czy rodzina) potrzebuj\u0105ca wsparcia zwraca si\u0119 o pomoc do Caritas, otrzymuje talon na paczki, kt\u00f3re s\u0105 wydawane co kwarta\u0142. Paczka zawiera ok. 30 kg \u017cywno\u015bci. Czyli jednorazowo musimy zgromadzi\u0107 ponad 90 ton \u017cywno\u015bci. Gdzie\u015b j\u0105 trzeba magazynowa\u0107.<\/p>\n<p>Na co zostanie przeznaczony budynek przy ul. Prymasa Stanis\u0142awa Karnkowskiego?<br \/>\n\u2013 Po adaptacji b\u0119dzie nadal s\u0142u\u017cy\u0142 bezdomnym. Ci\u0119\u017cko chorym, starym, niesamodzielnym, zniedo\u0142\u0119\u017cnia\u0142ym, kt\u00f3rzy potrzebuj\u0105 opieki, a nie tylko dachu nad g\u0142ow\u0105 i strawy. Obszar biedy jest ogromny i warto wiedzie\u0107, \u017ce miesi\u0119czny koszt utrzymania jednego podopiecznego domu pomocy spo\u0142ecznej wynosi 3 tys. z\u0142, natomiast w schronisku Caritas 300 z\u0142. Przy okazji: Caritas diecezji w\u0142oc\u0142awskiej prowadzi wypo\u017cyczalni\u0119 sprz\u0119tu rehabilitacyjnego. Dysponujemy \u0142\u00f3\u017ckami piel\u0119gnacyjno-rehabilitacyjnymi, materacami przeciwodle\u017cynowymi, w\u00f3zkami inwalidzkimi, koncentratorami tlenu, odsysaczami. Asortyment jest systematycznie poszerzany, w du\u017cej mierze ze \u015brodk\u00f3w Caritas Polska.<\/p>\n<p>W wi\u0119kszo\u015bci polskich dom\u00f3w zap\u0142on\u0119\u0142y na \u015bwi\u0105tecznych sto\u0142ach \u015bwiece z emblematem Caritas\u201d. Ch\u0119tnie kupujemy je w ko\u015bcio\u0142ach, wiedz\u0105c, \u017ce chodzi o pomoc, solidarno\u015b\u0107 z najbiedniejszymi dzie\u0107mi w Polsce i na \u015bwiecie.<br \/>\n\u2013 Projekt znany jest od wielu lat jako Wigilijne Dzie\u0142o Pomocy Dzieciom. Dzi\u0119kujmy Bogu za wszystkich ludzi, kt\u00f3rzy rozumiej\u0105 i wspieraj\u0105 t\u0119 ide\u0119. S\u0142u\u017cy ona gromadzeniu \u015brodk\u00f3w pomocowych: na letni wypoczynek dzieci i m\u0142odzie\u017cy, ca\u0142oroczne do\u017cywianie, np. w szko\u0142ach czy \u015bwietlicach, na pomoc edukacyjn\u0105. Ze \u015brodk\u00f3w WDPD wspieramy r\u00f3wnie\u017c Dom Samotnej Matki w Ciechocinku. 10 gr z ka\u017cdej zakupionej \u015bwiecy diecezjalne Caritas odprowadzaj\u0105 do Caritas Polska. Dzi\u0119ki temu mo\u017ce by\u0107 np. odbudowana szko\u0142a na Haiti, powsta\u0107 o\u015brodek dla uchod\u017ac\u00f3w syryjskich.<\/p>\n<p>Co jest istot\u0105 projekt\u00f3w \u201eMoja szansa I\u201d i \u201eMoja szansa II\u201d, wprowadzonych w \u017cycie w 2013 r. z funduszy Unii Europejskiej, Caritas diecezji w\u0142oc\u0142awskiej i Miejskiego O\u015brodka Pomocy Rodzinie?<br \/>\n\u2013 Najkr\u00f3cej ujmuj\u0105c, chodzi o pomoc osobom dotkni\u0119tym b\u0105d\u017a zagro\u017conym wykluczeniem spo\u0142ecznym, g\u0142\u00f3wnie bezdomnym, d\u0142ugotrwale bezrobotnym, po terapii uzale\u017cnie\u0144. W projekcie, kt\u00f3ry wdro\u017cyli\u015bmy, uczestniczy\u0142o 30 os\u00f3b. Celem podejmowanych dzia\u0142a\u0144 by\u0142a ich reintergracja zawodowa i spo\u0142eczna. Ostatecznie 23 osoby dosta\u0142y prac\u0119; co prawda na czas okre\u015blony, z pensj\u0105 1383 z\u0142 netto, jednak wi\u0119kszo\u015b\u0107 z nich ma szans\u0119 na dalsze zatrudnienie. Dwa ma\u0142\u017ce\u0144stwa przenios\u0142y si\u0119 ze schroniska do mieszka\u0144 chronionych przy ul. \u0141\u0119gskiej 42. Wierz\u0119, \u017ce wszyscy uczestnicy projektu si\u0119 usamodzielni\u0105, wr\u00f3c\u0105 z bezdomno\u015bci do normalnego \u017cycia. Tzn. pewnie biednego, skromnego, ale jednak \u201eu siebie\u201d, a nie w schronisku.<\/p>\n<p>Czy mo\u017cna przekaza\u0107 Caritas diecezji w\u0142oc\u0142awskiej 1 proc. podatku dochodowego?<br \/>\n\u2013 Nie, bowiem nasza Caritas, mimo \u017ce pomaga bli\u017anim, nie ma statusu organizacji po\u017cytku publicznego. Z wielk\u0105 wdzi\u0119czno\u015bci\u0105 przyjmiemy ka\u017cd\u0105 pomoc, wielkoduszn\u0105 ofiar\u0119. Zapraszam do kontaktu z nami; r\u00f3wnie\u017c poprzez stron\u0119 internetow\u0105. I do ka\u017cdej formy wsp\u00f3\u0142pracy b\u0119d\u0105cej \u015bwiadectwem wiary. Cz\u0142owiek potrzebuje chleba, ale przecie\u017c nie tylko. R\u00f3\u017cne s\u0105 formy biedy i Ko\u015bci\u00f3\u0142 stara si\u0119 by\u0107 na nie wra\u017cliwy. Si\u0119gnijmy do nauczania b\u0142. Jana Paw\u0142a II, kt\u00f3ry wzywa\u0142 nas do nowej wyobra\u017ani mi\u0142osierdzia, zwracaj\u0105c uwag\u0119 na nowe zjawiska. Realizujmy te\u017c wskazania papie\u017ca Benedykta XVI i Ojca \u015awi\u0119tego Franciszka.<\/p>\n<p>Rozmawia\u0142a: Barbara Sawic<\/p>\n<p>\u0179r\u00f3d\u0142o: Przewodnik Katolicki\/\u0141ad Bo\u017cy nr 3\/2014 (19.01.2014 r.), str. II-III.<br \/>\nfot. B. Sawic<\/p>\n<p>&nbsp;<\/p>\n<p><a href=\"http:\/\/caritas.diecezja.wloclawek.pl\/wp-content\/uploads\/2017\/11\/Caritas-dyr1.jpg\"><img loading=\"lazy\" class=\"aligncenter size-medium wp-image-652\" src=\"http:\/\/caritas.diecezja.wloclawek.pl\/wp-content\/uploads\/2017\/11\/Caritas-dyr1-300x225.jpg\" alt=\"\" width=\"300\" height=\"225\" srcset=\"http:\/\/caritas.diecezja.wloclawek.pl\/wp-content\/uploads\/2017\/11\/Caritas-dyr1-300x225.jpg 300w, http:\/\/caritas.diecezja.wloclawek.pl\/wp-content\/uploads\/2017\/11\/Caritas-dyr1-768x576.jpg 768w, http:\/\/caritas.diecezja.wloclawek.pl\/wp-content\/uploads\/2017\/11\/Caritas-dyr1.jpg 800w\" sizes=\"(max-width: 300px) 100vw, 300px\" \/><\/a><\/p>\n","protected":false},"excerpt":{"rendered":"<p>&#46;&#46;&#46;<\/p>\n","protected":false},"author":1,"featured_media":652,"comment_status":"open","ping_status":"open","sticky":false,"template":"","format":"standard","meta":[],"categories":[2],"tags":[],"_links":{"self":[{"href":"http:\/\/caritas.diecezja.wloclawek.pl\/index.php?rest_route=\/wp\/v2\/posts\/651"}],"collection":[{"href":"http:\/\/caritas.diecezja.wloclawek.pl\/index.php?rest_route=\/wp\/v2\/posts"}],"about":[{"href":"http:\/\/caritas.diecezja.wloclawek.pl\/index.php?rest_route=\/wp\/v2\/types\/post"}],"author":[{"embeddable":true,"href":"http:\/\/caritas.diecezja.wloclawek.pl\/index.php?rest_route=\/wp\/v2\/users\/1"}],"replies":[{"embeddable":true,"href":"http:\/\/caritas.diecezja.wloclawek.pl\/index.php?rest_route=%2Fwp%2Fv2%2Fcomments&post=651"}],"version-history":[{"count":1,"href":"http:\/\/caritas.diecezja.wloclawek.pl\/index.php?rest_route=\/wp\/v2\/posts\/651\/revisions"}],"predecessor-version":[{"id":653,"href":"http:\/\/caritas.diecezja.wloclawek.pl\/index.php?rest_route=\/wp\/v2\/posts\/651\/revisions\/653"}],"wp:featuredmedia":[{"embeddable":true,"href":"http:\/\/caritas.diecezja.wloclawek.pl\/index.php?rest_route=\/wp\/v2\/media\/652"}],"wp:attachment":[{"href":"http:\/\/caritas.diecezja.wloclawek.pl\/index.php?rest_route=%2Fwp%2Fv2%2Fmedia&parent=651"}],"wp:term":[{"taxonomy":"category","embeddable":true,"href":"http:\/\/caritas.diecezja.wloclawek.pl\/index.php?rest_route=%2Fwp%2Fv2%2Fcategories&post=651"},{"taxonomy":"post_tag","embeddable":true,"href":"http:\/\/caritas.diecezja.wloclawek.pl\/index.php?rest_route=%2Fwp%2Fv2%2Ftags&post=651"}],"curies":[{"name":"wp","href":"https:\/\/api.w.org\/{rel}","templated":true}]}}