{"id":648,"date":"2014-01-18T23:19:12","date_gmt":"2014-01-18T22:19:12","guid":{"rendered":"http:\/\/caritas.diecezja.wloclawek.pl\/?p=648"},"modified":"2017-11-02T23:21:06","modified_gmt":"2017-11-02T22:21:06","slug":"koleda-we-wloclawskim-schronisku-caritas-dla-bezdomnych","status":"publish","type":"post","link":"http:\/\/caritas.diecezja.wloclawek.pl\/?p=648","title":{"rendered":"Kol\u0119da we w\u0142oc\u0142awskim schronisku Caritas dla bezdomnych"},"content":{"rendered":"<p>W dniu wczorajszym od godz. 16.00 w schronisku dla bezdomnych m\u0119\u017cczyzn i kobiet Caritas przy ul. Prymasa S. Karnkowskiego 7 we W\u0142oc\u0142awku, odby\u0142a si\u0119 wizyta kol\u0119dowa.<br \/>\nKol\u0119d\u0119 przeprowadzi\u0142 ks. Krzysztof Stawicki, zast\u0119pca dyr. Caritas diecezji w\u0142oc\u0142awskiej. Kol\u0119da rozpocz\u0119\u0142a si\u0119 od spotkania z siostrami albertynkami, kt\u00f3re pos\u0142uguj\u0105 bezdomnym i mieszkaj\u0105 wraz z nimi pod jednym dachem. Nast\u0119pnie ksi\u0105dz uda\u0142 si\u0119 do pokoj\u00f3w, w kt\u00f3rych mieszkaj\u0105 kobiety. Po wsp\u00f3lnej modlitwie w ka\u017cdym pokoju, nast\u0105pi\u0142o jego po\u015bwi\u0119cenie i b\u0142ogos\u0142awie\u0144stwo mieszka\u0144c\u00f3w. Odwiedziny wszystkich zako\u0144czy\u0142y si\u0119 wsp\u00f3lnym spotkaniem ksi\u0119dza, si\u00f3str i kobiet na \u015bwietlicy.<\/p>\n<p>Kolejnym etapem, by\u0142a kol\u0119da u m\u0119\u017cczyzn mieszkaj\u0105cych w schronisku. Przebieg\u0142a ona podobnie jak u kobiet, z t\u0105 r\u00f3\u017cnic\u0105, \u017ce nie by\u0142o wsp\u00f3lnego spotkania na \u015bwietlicy z powodu ograniczonego w niej miejsca. Ksi\u0105dz za to sp\u0119dza\u0142 du\u017co wi\u0119cej czasu, w pojedynczych pokojach, kt\u00f3rych jest oko\u0142o trzydzie\u015bci.<br \/>\nKa\u017cdy z podopiecznych schroniska otrzyma\u0142 pami\u0105tkowy folder kol\u0119dowy i obrazek z wizerunkiem, i litani\u0105 do b\u0142. Jana Paw\u0142a II.<br \/>\nW czasie spotkania kol\u0119dowego, poza wsp\u00f3ln\u0105 modlitw\u0105, by\u0142a r\u00f3wnie\u017c i rozmowa. Dzi\u0119ki temu, mo\u017cna by\u0142o lepiej si\u0119 pozna\u0107 i podzieli\u0107 swoj\u0105 wiar\u0105 a tak\u017ce do\u015bwiadczeniem \u017cycia. Wiele os\u00f3b zadawa\u0142o pytania dotycz\u0105ce wiary, Pana Boga czy Ko\u015bcio\u0142a. Wida\u0107 by\u0142o na twarzach tych ludzi rado\u015b\u0107 ze spotkania i otrzymania b\u0142ogos\u0142awie\u0144stwa i \u017cycze\u0144 na nowy 2014 rok. O potrzebie kol\u0119dy, \u015bwiadczy chocia\u017cby fakt, \u017ce wszyscy mieszka\u0144cy schroniska dobrowolnie przyj\u0119li ksi\u0119dza po kol\u0119dzie.<br \/>\nBezdomni m\u00f3wi\u0105, \u017ce to dzi\u0119ki wsp\u00f3lnocie braci i si\u00f3str mieszkaj\u0105cych razem, mog\u0105 odnale\u017a\u0107 sens swojego \u017cycia. Tu na co dzie\u0144 mo\u017cna zobaczy\u0107, jak mi\u0142o\u015b\u0107 i troska o bli\u017aniego ma wielkie znaczenie w \u017cyciu cz\u0142owieka i dla ca\u0142ego \u015bwiata. Pomimo nie\u0142atwego \u017cycia, potrafi\u0105 si\u0119 cieszy\u0107 tym wszystkim, co ich na co dzie\u0144 spotyka. \u015awi\u0105teczny wystr\u00f3j pokoi, jak r\u00f3wnie\u017c i nastr\u00f3j domownik\u00f3w nadawa\u0142 klimatu i\u015bcie rodzinnego. Da\u0142o si\u0119 zauwa\u017cy\u0107 i odczu\u0107, \u017ce ci ludzie pomimo r\u00f3\u017cnicy charakter\u00f3w i przyzwyczaje\u0144 potrafi\u0105 si\u0119 dzieli\u0107 mi\u0142o\u015bci\u0105 i wszystkim co maj\u0105.<\/p>\n<p>Na dzie\u0144 dzisiejszy w schronisku przebywa oko\u0142o 181 podopiecznych (158 m\u0119\u017cczyzn i 23 kobiety). Mieszka\u0144cy schroniska s\u0105 pod sta\u0142\u0105 opiek\u0105 Si\u00f3str Albertynek Pos\u0142uguj\u0105cych Ubogim. Opieka ta, polega na ci\u0105g\u0142ym przebywaniu si\u00f3str z bezdomnymi. Siostry staraj\u0105 si\u0119 stworzy\u0107 warunki i zach\u0119ci\u0107 mieszka\u0144c\u00f3w do przemiany oraz pog\u0142\u0119bienia ich \u017cycia poprzez wsp\u00f3lnie odmawian\u0105 modlitw\u0119 porann\u0105, wsp\u00f3ln\u0105 Eucharysti\u0119, oraz wsp\u00f3ln\u0105 Koronk\u0119 i R\u00f3\u017caniec o godz. 15.00, a w miesi\u0105cach po\u015bwi\u0119conych szczeg\u00f3lnej czci Serca Pana Jezusa (czerwiec), NMP (maj, pa\u017adziernik) do odmawiania wsp\u00f3lnie litanii, \u015bpiewania kol\u0119d itp.<br \/>\nWszelkie praktyki religijne s\u0105 ze strony bezdomnych podejmowane dobrowolnie.<br \/>\nW ci\u0105gu roku, w ka\u017cdej porze dnia, siostry wnikaj\u0105 w problemy mieszka\u0144c\u00f3w czyni\u0105c to w r\u00f3\u017cny spos\u00f3b (rozmowy, porady, wysy\u0142anie na leczenie odwykowe, a po tzw. odwyku mobilizuj\u0105 i wspieraj\u0105 dan\u0105 osob\u0119 poprzez wskaz\u00f3wki do trwania w podj\u0119tych postanowieniach).<br \/>\nOpieka duchowa wyra\u017ca si\u0119 r\u00f3wnie\u017c w organizowaniu dla bezdomnych pracy albo zarobkowej albo na rzecz schroniska. Obowi\u0105zek wykonywania powierzonych czynno\u015bci mobilizuje tych ludzi, nie maj\u0105cych \u017cadnych perspektyw na przysz\u0142o\u015b\u0107, do pracy nad sob\u0105, do samozaparcia i wytrwania cho\u0107by kilku tygodni b\u0105d\u017a miesi\u0119cy bez alkoholu.<br \/>\nMieszka\u0144cy schroniska s\u0105 r\u00f3wnie\u017c pod sta\u0142\u0105 opiek\u0105 duchow\u0105 ksi\u0119\u017cy pracuj\u0105cych w Caritas diecezji w\u0142oc\u0142awskiej. Opieka ta polega na pe\u0142nej dyspozycyjno\u015bci co do mo\u017cliwo\u015bci skorzystania z sakrament\u00f3w \u015bwi\u0119tych (sakr. pojednania), rozm\u00f3w duchowych, jak i organizowania dwa razy w roku rekolekcji adwentowych i wielkopostnych.<br \/>\nW celu stworzenia bliskiej i braterskiej komunikacji mi\u0119dzyosobowej, organizowane s\u0105 dla bezdomnych jednodniowe wyjazdy (do Lichenia; na spotkanie z Ojcem \u015awi\u0119tym gdy przybywa do Polski z pielgrzymk\u0105 itp.) jak i wsp\u00f3lne integracyjne spotkania przy grillu, stole wigilijnym czy \u015bniadaniu wielkanocnym.<br \/>\nOd 01.10.2003 roku funkcjonuje sto\u0142\u00f3wka przy ul. Gda\u0144skiej 6 we W\u0142oc\u0142awku, w kt\u00f3rej mieszka\u0144cy schroniska pod kontrol\u0105 si\u00f3str przygotowuj\u0105 posi\u0142ki. I tak z ciep\u0142ej zupy i chleba od godz. 9.30- 10.30 korzystaj\u0105 mieszka\u0144cy schroniska Caritas, a od 10.30 &#8211; 11.30 g\u0142odne osoby z miasta. W okresie zimowym dla mieszka\u0144c\u00f3w schroniska przygotowywane s\u0105 r\u00f3wnie\u017c kolacje (na ciep\u0142o b\u0105d\u017a w formie suchego prowiantu).<\/p>\n<p>&nbsp;<\/p>\n<p><a href=\"http:\/\/caritas.diecezja.wloclawek.pl\/wp-content\/uploads\/2017\/10\/schronisko_bp-1.jpg\"><img loading=\"lazy\" class=\"aligncenter size-medium wp-image-400\" src=\"http:\/\/caritas.diecezja.wloclawek.pl\/wp-content\/uploads\/2017\/10\/schronisko_bp-1-300x169.jpg\" alt=\"\" width=\"300\" height=\"169\" srcset=\"http:\/\/caritas.diecezja.wloclawek.pl\/wp-content\/uploads\/2017\/10\/schronisko_bp-1-300x169.jpg 300w, http:\/\/caritas.diecezja.wloclawek.pl\/wp-content\/uploads\/2017\/10\/schronisko_bp-1.jpg 640w\" sizes=\"(max-width: 300px) 100vw, 300px\" \/><\/a><\/p>\n","protected":false},"excerpt":{"rendered":"<p>&#46;&#46;&#46;<\/p>\n","protected":false},"author":1,"featured_media":400,"comment_status":"open","ping_status":"open","sticky":false,"template":"","format":"standard","meta":[],"categories":[2],"tags":[],"_links":{"self":[{"href":"http:\/\/caritas.diecezja.wloclawek.pl\/index.php?rest_route=\/wp\/v2\/posts\/648"}],"collection":[{"href":"http:\/\/caritas.diecezja.wloclawek.pl\/index.php?rest_route=\/wp\/v2\/posts"}],"about":[{"href":"http:\/\/caritas.diecezja.wloclawek.pl\/index.php?rest_route=\/wp\/v2\/types\/post"}],"author":[{"embeddable":true,"href":"http:\/\/caritas.diecezja.wloclawek.pl\/index.php?rest_route=\/wp\/v2\/users\/1"}],"replies":[{"embeddable":true,"href":"http:\/\/caritas.diecezja.wloclawek.pl\/index.php?rest_route=%2Fwp%2Fv2%2Fcomments&post=648"}],"version-history":[{"count":2,"href":"http:\/\/caritas.diecezja.wloclawek.pl\/index.php?rest_route=\/wp\/v2\/posts\/648\/revisions"}],"predecessor-version":[{"id":650,"href":"http:\/\/caritas.diecezja.wloclawek.pl\/index.php?rest_route=\/wp\/v2\/posts\/648\/revisions\/650"}],"wp:featuredmedia":[{"embeddable":true,"href":"http:\/\/caritas.diecezja.wloclawek.pl\/index.php?rest_route=\/wp\/v2\/media\/400"}],"wp:attachment":[{"href":"http:\/\/caritas.diecezja.wloclawek.pl\/index.php?rest_route=%2Fwp%2Fv2%2Fmedia&parent=648"}],"wp:term":[{"taxonomy":"category","embeddable":true,"href":"http:\/\/caritas.diecezja.wloclawek.pl\/index.php?rest_route=%2Fwp%2Fv2%2Fcategories&post=648"},{"taxonomy":"post_tag","embeddable":true,"href":"http:\/\/caritas.diecezja.wloclawek.pl\/index.php?rest_route=%2Fwp%2Fv2%2Ftags&post=648"}],"curies":[{"name":"wp","href":"https:\/\/api.w.org\/{rel}","templated":true}]}}