{"id":645,"date":"2014-02-11T23:17:43","date_gmt":"2014-02-11T22:17:43","guid":{"rendered":"http:\/\/caritas.diecezja.wloclawek.pl\/?p=645"},"modified":"2017-11-02T23:19:03","modified_gmt":"2017-11-02T22:19:03","slug":"caritas-z-chorymi-i-cierpiacymi","status":"publish","type":"post","link":"http:\/\/caritas.diecezja.wloclawek.pl\/?p=645","title":{"rendered":"Caritas z chorymi i cierpi\u0105cymi"},"content":{"rendered":"<p>11 lutego obchodzony jest XXII \u015awiatowy Dzie\u0144 Chorego. Tego dnia Caritas namawia do zwr\u00f3cenia szczeg\u00f3lnej uwagi na osoby chore i cierpi\u0105ce. Obchodom dnia towarzyszy has\u0142o \u201eWiara i mi\u0142osierdzie\u201d.<br \/>\n&#8211; Caritas kieruje s\u0142owa podzi\u0119kowania dla tych, kt\u00f3rzy potrafi\u0105 swoje cierpienie ofiarowa\u0107, w jakiej\u015b intencji, a tak\u017ce dla os\u00f3b, kt\u00f3re troszcz\u0105 si\u0119 o ludzi chorych i cierpi\u0105cych. Dla lekarzy, piel\u0119gniarek i wolontariuszy. Wszystkich ludzi dobrej woli, a szczeg\u00f3lnie tych, kt\u00f3rzy sw\u00f3j wolny czas po\u015bwi\u0119caj\u0105 dla ludzi cierpi\u0105cych \u2013 powiedzia\u0142 ks. Marian Subocz \u2013 dyrektor Caritas Polska.<\/p>\n<p>11 lutego 2012 roku Caritas zainicjowa\u0142a prowadzon\u0105 do dzi\u015b akcj\u0119 krwiodawstwa \u201ePodaruj Kropl\u0119 Mi\u0142o\u015bci\u201d. W kolejnej, trzeciej edycji kampanii, kt\u00f3ra rozpoczyna si\u0119 11 lutego 2014 roku Caritas wci\u0105\u017c zaprasza spo\u0142ecze\u0144stwo do zasilania bank\u00f3w krwi. W ci\u0105gu dw\u00f3ch lat poprzez zbi\u00f3rki w krwiobusach i w punktach krwiodawstwa uda\u0142o si\u0119 pozyska\u0107 3544 litry cennego p\u0142ynu!<br \/>\nCaritas pomaga osobom chorym r\u00f3wnie\u017c poprzez kampani\u0119 &#8222;Ile kosztuje \u017cycie? Tw\u00f3j 1 % pomo\u017ce chorym i potrzebuj\u0105cym&#8221;. W jej ramach Caritas Polska zakupi\u0142a sprz\u0119t do rehabilitacji i piel\u0119gnacji chorych przewlekle i paliatywnie, kt\u00f3ry jest kosztowny i w wielu przypadkach nierefundowany przez NFZ. Za 8 mln 217 tys. pozyskanych z odpisu podatkowego 1% zakupiono do tej pory:<br \/>\n&#8211; 2613 \u0142\u00f3\u017cek piel\u0119gnacyjno-rehabilitacyjne z materacami przeciwole\u017cynowymi<br \/>\n&#8211; 463 koncentratory tlenu<br \/>\n&#8211; 336 ssak\u00f3w medycznych<br \/>\nSprz\u0119t medyczny mo\u017cna wypo\u017cycza\u0107 w 114 wypo\u017cyczalniach Caritas w ca\u0142ej Polsce.<\/p>\n<p>Kiedy z czu\u0142o\u015bci\u0105 podchodzimy do os\u00f3b potrzebuj\u0105cych leczenia, to niesiemy nadziej\u0119 i u\u015bmiech Boga w sprzeczno\u015bci do \u015bwiata. Kiedy stylem naszego dzia\u0142ania staje si\u0119 wielkoduszne po\u015bwi\u0119cenie dla innych, to tworzymy przestrze\u0144 dla Serca Chrystusa i jeste\u015bmy nim rozpaleni, wznosz\u0105c w ten spos\u00f3b nasz wk\u0142ad w przyj\u015bcie Kr\u00f3lestwa Bo\u017cego \u2013 napisa\u0142 w or\u0119dziu Ojciec \u015awi\u0119ty Franciszek.<br \/>\n\u015awiatowy Dzie\u0144 Chorego zosta\u0142 ustanowiony przed 22 laty przez b\u0142. Jana Paw\u0142a II. Jego obchody przypadaj\u0105 na wspomnienie objawienia Matki Bo\u017cej w Lourdes 11 lutego. Ustanowienie przez Papie\u017ca \u015bwi\u0119to sta\u0142o si\u0119 wezwaniem do zwr\u00f3cenia uwagi na miejsce os\u00f3b cierpi\u0105cych w Ko\u015bciele i \u015bwiecie.<\/p>\n<p>Program obchod\u00f3w XXII \u015awiatowego Dnia Chorego w Diecezji W\u0142oc\u0142awskiej<\/p>\n<p>&nbsp;<\/p>\n<p>Rejon w\u0142oc\u0142awski &#8211; 12 II 2014<br \/>\ng. 16.00 &#8211; Eucharystia z udzieleniem sakramentu namaszczenia chorych pod przewodnictwem ks. Bp. Ordynariusza Wies\u0142awa Meringa w parafii pw. \u015bw. Jana we W\u0142oc\u0142awku<\/p>\n<p>&nbsp;<\/p>\n<p>Rejon sieradzki &#8211; 15 II 2014<br \/>\ng. 10.00 &#8211; Spotkanie z Chorymi w szpitalu w Zdu\u0144skiej Woli<br \/>\ng. 11.30 &#8211; Eucharystia z udzieleniem sakramentu namaszczenia chorych pod przewodnictwem ks. Bp. Ordynariusza Wies\u0142awa Meringa w parafii pw. \u015bw. Maksymiliana w Zdu\u0144skiej Woli<\/p>\n<p>&nbsp;<\/p>\n<p>Rejon koni\u0144ski &#8211; 17 II 2014<br \/>\ng. 16.00 &#8211; Spotkanie z mieszka\u0144cami Domu Pomocy Spo\u0142ecznej w Sk\u0119czniewie<br \/>\ng. 18.45 &#8211; Eucharystia z udzieleniem sakramentu namaszczenia chorych pod przewodnictwem ks. Bp. Ordynariusza Wies\u0142awa Meringa w Sk\u0119czniewie \u2013 transmisja przez Radio Maryja i TV TRWAM<\/p>\n<p>&nbsp;<\/p>\n<p><a href=\"http:\/\/caritas.diecezja.wloclawek.pl\/wp-content\/uploads\/2017\/11\/Dzien-chorego-2014.jpg\"><img loading=\"lazy\" class=\"aligncenter size-medium wp-image-646\" src=\"http:\/\/caritas.diecezja.wloclawek.pl\/wp-content\/uploads\/2017\/11\/Dzien-chorego-2014-214x300.jpg\" alt=\"\" width=\"214\" height=\"300\" srcset=\"http:\/\/caritas.diecezja.wloclawek.pl\/wp-content\/uploads\/2017\/11\/Dzien-chorego-2014-214x300.jpg 214w, http:\/\/caritas.diecezja.wloclawek.pl\/wp-content\/uploads\/2017\/11\/Dzien-chorego-2014.jpg 485w\" sizes=\"(max-width: 214px) 100vw, 214px\" \/><\/a><\/p>\n","protected":false},"excerpt":{"rendered":"<p>&#46;&#46;&#46;<\/p>\n","protected":false},"author":1,"featured_media":646,"comment_status":"open","ping_status":"open","sticky":false,"template":"","format":"standard","meta":[],"categories":[2],"tags":[],"_links":{"self":[{"href":"http:\/\/caritas.diecezja.wloclawek.pl\/index.php?rest_route=\/wp\/v2\/posts\/645"}],"collection":[{"href":"http:\/\/caritas.diecezja.wloclawek.pl\/index.php?rest_route=\/wp\/v2\/posts"}],"about":[{"href":"http:\/\/caritas.diecezja.wloclawek.pl\/index.php?rest_route=\/wp\/v2\/types\/post"}],"author":[{"embeddable":true,"href":"http:\/\/caritas.diecezja.wloclawek.pl\/index.php?rest_route=\/wp\/v2\/users\/1"}],"replies":[{"embeddable":true,"href":"http:\/\/caritas.diecezja.wloclawek.pl\/index.php?rest_route=%2Fwp%2Fv2%2Fcomments&post=645"}],"version-history":[{"count":1,"href":"http:\/\/caritas.diecezja.wloclawek.pl\/index.php?rest_route=\/wp\/v2\/posts\/645\/revisions"}],"predecessor-version":[{"id":647,"href":"http:\/\/caritas.diecezja.wloclawek.pl\/index.php?rest_route=\/wp\/v2\/posts\/645\/revisions\/647"}],"wp:featuredmedia":[{"embeddable":true,"href":"http:\/\/caritas.diecezja.wloclawek.pl\/index.php?rest_route=\/wp\/v2\/media\/646"}],"wp:attachment":[{"href":"http:\/\/caritas.diecezja.wloclawek.pl\/index.php?rest_route=%2Fwp%2Fv2%2Fmedia&parent=645"}],"wp:term":[{"taxonomy":"category","embeddable":true,"href":"http:\/\/caritas.diecezja.wloclawek.pl\/index.php?rest_route=%2Fwp%2Fv2%2Fcategories&post=645"},{"taxonomy":"post_tag","embeddable":true,"href":"http:\/\/caritas.diecezja.wloclawek.pl\/index.php?rest_route=%2Fwp%2Fv2%2Ftags&post=645"}],"curies":[{"name":"wp","href":"https:\/\/api.w.org\/{rel}","templated":true}]}}