{"id":643,"date":"2014-02-24T23:15:59","date_gmt":"2014-02-24T22:15:59","guid":{"rendered":"http:\/\/caritas.diecezja.wloclawek.pl\/?p=643"},"modified":"2017-11-02T23:17:35","modified_gmt":"2017-11-02T22:17:35","slug":"caritas-ukrainie","status":"publish","type":"post","link":"http:\/\/caritas.diecezja.wloclawek.pl\/?p=643","title":{"rendered":"Caritas Ukrainie"},"content":{"rendered":"<p>Caritas Polska zbiera fundusze na zakup lekarstw, \u017cywno\u015bci dla potrzebuj\u0105cych na Ukrainie. W zwi\u0105zku z tragicznym rozwojem sytuacji na Ukrainie Caritas Polska zwraca si\u0119 z apelem o pomoc dla potrzebuj\u0105cych. Wed\u0142ug otrzymanych informacji od Caritas Spes ze Lwowa i z Kijowa sytuacja jest powa\u017cna.<\/p>\n<p>Caritas Polska zbiera fundusze na zakup lekarstw, \u017cywno\u015bci dla potrzebuj\u0105cych na Ukrainie. W zwi\u0105zku z tragicznym rozwojem sytuacji na Ukrainie Caritas Polska zwraca si\u0119 z apelem o pomoc dla potrzebuj\u0105cych. Wed\u0142ug otrzymanych informacji od Caritas Spes ze Lwowa i z Kijowa sytuacja jest powa\u017cna. S\u0105 setki rannych. Wczoraj manifestanci schronili si\u0119 przed wojskiem do ko\u015bcio\u0142a \u015bw. Aleksandra w Kijowie i do tej pory tam pozostaj\u0105.Caritas z Ukrainy prosi o fundusze na zakup lek\u00f3w, szczeg\u00f3lnie antybiotyk\u00f3w, \u015brodk\u00f3w znieczulaj\u0105cych oraz przeciwb\u00f3lowych oraz \u017cywno\u015bci. Obecnie nie ma szans na zorganizowanie jakichkolwiek transport\u00f3w z pomoc\u0105 humanitarn\u0105.Warta podkre\u015blenia jest solidarno\u015b\u0107 ludzi z samej Ukrainy, kt\u00f3rzy dziel\u0105 si\u0119 czym maj\u0105. Ze Lwowa co kilka godzin wysy\u0142ana jest pomoc do Kijowa poprzez tych, kt\u00f3rzy jad\u0105 w tamtym kierunku. \u201eUkraina czeka na solidarno\u015b\u0107 Polak\u00f3w i ju\u017c dzi\u0119kuje za pomoc\u201d &#8211; powiedzia\u0142 ks. Wies\u0142aw Dorosz, dyrektor Caritas Spes ze Lwowa.<\/p>\n<p>&nbsp;<\/p>\n<p>Osoby chc\u0105ce w\u0142\u0105czy\u0107 si\u0119 w pomoc dla Ukrainy mog\u0105 to uczyni\u0107 dokonuj\u0105c wp\u0142aty na konto Caritas Polska<\/p>\n<p>PL 77 1160 2202 0000 0000 3436 4384<br \/>\nz dopiskiem \u201eUkraina\u201d.<\/p>\n<p>&nbsp;<\/p>\n","protected":false},"excerpt":{"rendered":"<p>&#46;&#46;&#46;<\/p>\n","protected":false},"author":1,"featured_media":0,"comment_status":"open","ping_status":"open","sticky":false,"template":"","format":"standard","meta":[],"categories":[2],"tags":[],"_links":{"self":[{"href":"http:\/\/caritas.diecezja.wloclawek.pl\/index.php?rest_route=\/wp\/v2\/posts\/643"}],"collection":[{"href":"http:\/\/caritas.diecezja.wloclawek.pl\/index.php?rest_route=\/wp\/v2\/posts"}],"about":[{"href":"http:\/\/caritas.diecezja.wloclawek.pl\/index.php?rest_route=\/wp\/v2\/types\/post"}],"author":[{"embeddable":true,"href":"http:\/\/caritas.diecezja.wloclawek.pl\/index.php?rest_route=\/wp\/v2\/users\/1"}],"replies":[{"embeddable":true,"href":"http:\/\/caritas.diecezja.wloclawek.pl\/index.php?rest_route=%2Fwp%2Fv2%2Fcomments&post=643"}],"version-history":[{"count":1,"href":"http:\/\/caritas.diecezja.wloclawek.pl\/index.php?rest_route=\/wp\/v2\/posts\/643\/revisions"}],"predecessor-version":[{"id":644,"href":"http:\/\/caritas.diecezja.wloclawek.pl\/index.php?rest_route=\/wp\/v2\/posts\/643\/revisions\/644"}],"wp:attachment":[{"href":"http:\/\/caritas.diecezja.wloclawek.pl\/index.php?rest_route=%2Fwp%2Fv2%2Fmedia&parent=643"}],"wp:term":[{"taxonomy":"category","embeddable":true,"href":"http:\/\/caritas.diecezja.wloclawek.pl\/index.php?rest_route=%2Fwp%2Fv2%2Fcategories&post=643"},{"taxonomy":"post_tag","embeddable":true,"href":"http:\/\/caritas.diecezja.wloclawek.pl\/index.php?rest_route=%2Fwp%2Fv2%2Ftags&post=643"}],"curies":[{"name":"wp","href":"https:\/\/api.w.org\/{rel}","templated":true}]}}