{"id":641,"date":"2014-03-02T23:15:05","date_gmt":"2014-03-02T22:15:05","guid":{"rendered":"http:\/\/caritas.diecezja.wloclawek.pl\/?p=641"},"modified":"2017-11-02T23:15:50","modified_gmt":"2017-11-02T22:15:50","slug":"wloclawek-spotkanie-opiekunow-szkolnych-kol-i-parafialnych-zespolow-caritas","status":"publish","type":"post","link":"http:\/\/caritas.diecezja.wloclawek.pl\/?p=641","title":{"rendered":"W\u0142oc\u0142awek &#8211; Spotkanie Opiekun\u00f3w Szkolnych K\u00f3\u0142 i Parafialnych Zespo\u0142\u00f3w Caritas"},"content":{"rendered":"<p>W dniu wczorajszym w Wy\u017cszym Seminarium Duchownym we W\u0142oc\u0142awku mia\u0142o miejsce spotkanie zarz\u0105du Caritas Diecezji W\u0142oc\u0142awskiej z opiekunami Szkolnych K\u00f3\u0142 Caritas i Parafialnych Zespo\u0142\u00f3w Caritas z terenu ca\u0142ej diecezji. Spotkanie rozpocz\u0119\u0142o si\u0119 o godz. 10.00 od Mszy \u015bwi\u0119tej koncelebrowanej, kt\u00f3rej przewodniczy\u0142 ks. pra\u0142. Artur Niemira \u2013 Kanclerz Kurii. Kazanie wyg\u0142osi\u0142 zast\u0119pca dyrektora Caritas Diecezji W\u0142oc\u0142awskiej ks. Krzysztof Stawicki.<\/p>\n<p>Na zako\u0144czenie Mszy, ks. Kanclerz skierowa\u0142 do zgromadzonych s\u0142owa podzi\u0119kowa\u0144 w imieniu Ksi\u0119dza Biskupa Wies\u0142awa Meringa i swoim. W przem\u00f3wieniu podkre\u015bli\u0142 jak wa\u017cne dla Ko\u015bcio\u0142a jest niesienie ubogim i potrzebuj\u0105cym mi\u0142o\u015bci i mi\u0142osierdzia. Nawi\u0105za\u0142 r\u00f3wnie\u017c do nauczania obecnego i poprzedniego Ojca \u015awi\u0119tego na temat dzia\u0142alno\u015bci Caritas na ca\u0142ym \u015bwiecie.<br \/>\nPo zako\u0144czonej Eucharystii, uczestnicy przeszli na dalsz\u0105 cz\u0119\u015b\u0107 spotkania do Auli \u015bw. Tomasza, mieszcz\u0105cej si\u0119 w gmachu Seminarium. Pierwszym poruszonym tematem by\u0142y poprawione statuty SKC i propozycja statut\u00f3w PZC, o kt\u00f3rych m\u00f3wi\u0142a p. Agnieszka Magos, pracownik biura Caritas we W\u0142oc\u0142awku. Nast\u0119pnie g\u0142os zabra\u0142 ks. pra\u0142. Marek Soboci\u0144ski &#8211; dyrektor Caritas W\u0142oc\u0142awskiej, kt\u00f3ry przybli\u017cy\u0142 og\u00f3lne dzia\u0142ania, jakie na co dzie\u0144 podejmuje Caritas Diecezji W\u0142oc\u0142awskiej. Po wyg\u0142osie nast\u0105pi\u0142a przerwa na obiad, kt\u00f3ry uczestnicy spo\u017cyli na &#8222;sto\u0142\u00f3wce seminaryjnej&#8221;, wraz z klerykami.<br \/>\nPo obiedzie, ks. Krzysztof Stawicki przedstawi\u0142 dzia\u0142ania, projekty i akcje Caritas Polska i zach\u0119ci\u0142 opiekun\u00f3w do aktywnego w\u0142\u0105czenia si\u0119 w nie na miar\u0119 mo\u017cliwo\u015bci poszczeg\u00f3lnych wsp\u00f3lnot. Kolejnym etapem by\u0142o podj\u0119cie aktualnych zagadnie\u0144 dotycz\u0105ce niesienia pomocy osobom potrzebuj\u0105cym z parafii diecezji w\u0142oc\u0142awskiej.<br \/>\nNa zako\u0144czenie spotkania odby\u0142a si\u0119 dyskusja i dzielenie si\u0119 do\u015bwiadczeniami poszczeg\u00f3lnych opiekun\u00f3w SKC i PZC.<\/p>\n","protected":false},"excerpt":{"rendered":"<p>&#46;&#46;&#46;<\/p>\n","protected":false},"author":1,"featured_media":0,"comment_status":"open","ping_status":"open","sticky":false,"template":"","format":"standard","meta":[],"categories":[2],"tags":[],"_links":{"self":[{"href":"http:\/\/caritas.diecezja.wloclawek.pl\/index.php?rest_route=\/wp\/v2\/posts\/641"}],"collection":[{"href":"http:\/\/caritas.diecezja.wloclawek.pl\/index.php?rest_route=\/wp\/v2\/posts"}],"about":[{"href":"http:\/\/caritas.diecezja.wloclawek.pl\/index.php?rest_route=\/wp\/v2\/types\/post"}],"author":[{"embeddable":true,"href":"http:\/\/caritas.diecezja.wloclawek.pl\/index.php?rest_route=\/wp\/v2\/users\/1"}],"replies":[{"embeddable":true,"href":"http:\/\/caritas.diecezja.wloclawek.pl\/index.php?rest_route=%2Fwp%2Fv2%2Fcomments&post=641"}],"version-history":[{"count":1,"href":"http:\/\/caritas.diecezja.wloclawek.pl\/index.php?rest_route=\/wp\/v2\/posts\/641\/revisions"}],"predecessor-version":[{"id":642,"href":"http:\/\/caritas.diecezja.wloclawek.pl\/index.php?rest_route=\/wp\/v2\/posts\/641\/revisions\/642"}],"wp:attachment":[{"href":"http:\/\/caritas.diecezja.wloclawek.pl\/index.php?rest_route=%2Fwp%2Fv2%2Fmedia&parent=641"}],"wp:term":[{"taxonomy":"category","embeddable":true,"href":"http:\/\/caritas.diecezja.wloclawek.pl\/index.php?rest_route=%2Fwp%2Fv2%2Fcategories&post=641"},{"taxonomy":"post_tag","embeddable":true,"href":"http:\/\/caritas.diecezja.wloclawek.pl\/index.php?rest_route=%2Fwp%2Fv2%2Ftags&post=641"}],"curies":[{"name":"wp","href":"https:\/\/api.w.org\/{rel}","templated":true}]}}