{"id":639,"date":"2014-03-05T23:14:18","date_gmt":"2014-03-05T22:14:18","guid":{"rendered":"http:\/\/caritas.diecezja.wloclawek.pl\/?p=639"},"modified":"2017-11-02T23:14:58","modified_gmt":"2017-11-02T22:14:58","slug":"jalmuzna-wielkopostna-2014","status":"publish","type":"post","link":"http:\/\/caritas.diecezja.wloclawek.pl\/?p=639","title":{"rendered":"Ja\u0142mu\u017cna Wielkopostna 2014"},"content":{"rendered":"<p>Pod has\u0142em \u201eWiara i Mi\u0142osierdzie\u201d rozpoczyna si\u0119 w \u015arod\u0119 Popielcow\u0105 Ja\u0142mu\u017cna Wielkopostna &#8211; doroczna akcja charytatywna prowadzona przez Caritas Ko\u015bcio\u0142a Katolickiego, Eleos Ko\u015bcio\u0142a Prawos\u0142awnego i Diakoni\u0119 Ko\u015bcio\u0142a Ewangelickiego. Celem akcji jest zwr\u00f3cenie uwagi na problemy ludzi chorych i starszych oraz mo\u017cliwo\u015b\u0107 ofiarowania im konkretnej pomocy.<\/p>\n<p>W ramach akcji rozprowadzono w Polsce ponad 800 000 skarbonek wielkopostnych, do kt\u00f3rych dzieci i m\u0142odzie\u017c zbiera\u0107 b\u0119d\u0105 fundusze odmawiaj\u0105c sobie drobnych przyjemno\u015bci. Zebrane \u015brodki na koniec Wielkiego Postu przekazane zostan\u0105 poprzez parafie na rzecz Caritas, Eleos i Diakonii. Te za\u015b zrealizuj\u0105 przy ich pomocy projekty pomocy osobom chorym i starszym.<\/p>\n<p>&#8211; Ka\u017cdy cz\u0142owiek wierz\u0105cy jest zobowi\u0105zany pomaga\u0107 innym. Przykazanie mi\u0142o\u015bci bli\u017aniego to jest realizowanie tej pomocy \u2013 powiedzia\u0142 ksi\u0105dz Marian Subocz dyrektor Caritas Polska.<\/p>\n<p>Caritas w czasie trwania kampanii zach\u0119ca, aby realizowa\u0107 to przykazanie w\u0142\u0105czaj\u0105c si\u0119 w wolontariat m\u0142odzie\u017cowy. Obecnie w Polsce istnieje ju\u017c ponad 2300 Szkolnych K\u00f3\u0142 Caritas. W ich dzia\u0142alno\u015b\u0107 w ci\u0105gu roku anga\u017cuje si\u0119 blisko 49 tys. wolontariuszy. W Polsce funkcjonuj\u0105 r\u00f3wnie\u017c akademickie, a nawet przedszkolne ko\u0142a Caritas. W 19 diecezjach dzia\u0142aj\u0105 24 Centra Wolontariatu, w kt\u00f3rych aktywnie uczestniczy ponad 4 tys. os\u00f3b.<\/p>\n<p>Bardzo wa\u017cny jest ekumeniczny wymiar akcji. Od kilku lat uczestnicz\u0105 w niej organizacje charytatywne ko\u015bcio\u0142\u00f3w Ewangelickiego i Prawos\u0142awnego.<br \/>\n&#8211; Je\u015bli chodzi o bied\u0119, nieszcz\u0119\u015bcie, o b\u00f3l, o \u0142zy \u2013 to nie ma tu \u017cadnych granic ani wyznaniowych, ani religijnych. Musimy wsp\u00f3lnie walczy\u0107 z tym, co nas dotyka &#8211; powiedzia\u0142 ks. Doroteusz Sawicki, dyrektor Eleos Ko\u015bcio\u0142a Prawos\u0142awnego.<br \/>\n&#8211; Akcja pasyjna, kt\u00f3r\u0105 prowadzimy jest bardzo wa\u017cna. To, \u017ce sta\u0142a si\u0119 ona ekumeniczna to pi\u0119kny gest wszystkich naszych ko\u015bcio\u0142\u00f3w. Najwa\u017cniejsza jest troska o swoich wiernych, szczeg\u00f3lnie o tych, kt\u00f3rzy potrzebuj\u0105 wsparcia &#8211; dodaje Wanda Falk, dyrektor Diakonii Ko\u015bcio\u0142a Ewangelicko-Augsburskiego.<\/p>\n<p>W zwyczajnym przebiegu akcji Caritas zach\u0119ca w Wielkim Po\u015bcie do wyj\u0105tkowego daru \u2013 jakim jest wsparcie rodzin ukrai\u0144skich poszkodowanych w zaj\u015bciach w Kijowie i dotkni\u0119tych kryzysem ekonomicznym. W akcji \u201eRodzina Rodzinie\u201d polskie rodziny i wsp\u00f3lnoty parafialne zach\u0119cane b\u0119d\u0105 do wysy\u0142ania paczek z \u017cywno\u015bci\u0105 i odzie\u017c\u0105 na Ukrain\u0119. Akcja rozpocznie si\u0119 7 marca &#8211; w pierwszy pi\u0105tek Wielkiego Postu.<\/p>\n","protected":false},"excerpt":{"rendered":"<p>&#46;&#46;&#46;<\/p>\n","protected":false},"author":1,"featured_media":0,"comment_status":"open","ping_status":"open","sticky":false,"template":"","format":"standard","meta":[],"categories":[2],"tags":[],"_links":{"self":[{"href":"http:\/\/caritas.diecezja.wloclawek.pl\/index.php?rest_route=\/wp\/v2\/posts\/639"}],"collection":[{"href":"http:\/\/caritas.diecezja.wloclawek.pl\/index.php?rest_route=\/wp\/v2\/posts"}],"about":[{"href":"http:\/\/caritas.diecezja.wloclawek.pl\/index.php?rest_route=\/wp\/v2\/types\/post"}],"author":[{"embeddable":true,"href":"http:\/\/caritas.diecezja.wloclawek.pl\/index.php?rest_route=\/wp\/v2\/users\/1"}],"replies":[{"embeddable":true,"href":"http:\/\/caritas.diecezja.wloclawek.pl\/index.php?rest_route=%2Fwp%2Fv2%2Fcomments&post=639"}],"version-history":[{"count":1,"href":"http:\/\/caritas.diecezja.wloclawek.pl\/index.php?rest_route=\/wp\/v2\/posts\/639\/revisions"}],"predecessor-version":[{"id":640,"href":"http:\/\/caritas.diecezja.wloclawek.pl\/index.php?rest_route=\/wp\/v2\/posts\/639\/revisions\/640"}],"wp:attachment":[{"href":"http:\/\/caritas.diecezja.wloclawek.pl\/index.php?rest_route=%2Fwp%2Fv2%2Fmedia&parent=639"}],"wp:term":[{"taxonomy":"category","embeddable":true,"href":"http:\/\/caritas.diecezja.wloclawek.pl\/index.php?rest_route=%2Fwp%2Fv2%2Fcategories&post=639"},{"taxonomy":"post_tag","embeddable":true,"href":"http:\/\/caritas.diecezja.wloclawek.pl\/index.php?rest_route=%2Fwp%2Fv2%2Ftags&post=639"}],"curies":[{"name":"wp","href":"https:\/\/api.w.org\/{rel}","templated":true}]}}