{"id":631,"date":"2014-03-07T23:11:13","date_gmt":"2014-03-07T22:11:13","guid":{"rendered":"http:\/\/caritas.diecezja.wloclawek.pl\/?p=631"},"modified":"2017-11-02T23:14:03","modified_gmt":"2017-11-02T22:14:03","slug":"dobro-nalezy-czynic-dobrze-o-dzialalnosci-szkolnych-kol-i-parafialnych-zespolow-caritas","status":"publish","type":"post","link":"http:\/\/caritas.diecezja.wloclawek.pl\/?p=631","title":{"rendered":"Dobro nale\u017cy czyni\u0107 dobrze &#8211; o dzia\u0142alno\u015bci Szkolnych K\u00f3\u0142 i Parafialnych Zespo\u0142\u00f3w Caritas"},"content":{"rendered":"<p>Dzia\u0142alno\u015b\u0107 szkolnych k\u00f3\u0142 i parafialnych zespo\u0142\u00f3w Caritas w \u015brodowiskach, w kt\u00f3rych ich cz\u0142onkowie \u017cyj\u0105, ucz\u0105 si\u0119, pracuj\u0105, zas\u0142uguje na uznanie. Dzia\u0142alno\u015b\u0107 t\u0119 podejmuj\u0105 ludzie dobrej woli. Towarzyszy im troska pastoralna Ko\u015bcio\u0142a, refleksja nad misj\u0105 Caritas, a przede wszystkim nad wizj\u0105 wiary w Boga. Ta wszystko o\u017cywia.<\/p>\n<p>Ka\u017cdy wolontariusz Caritas sercem dzieli si\u0119 z bli\u017animi. Nie \u017ceby musia\u0142, lecz dlatego, \u017ce zagadnienia zwi\u0105zane z dzia\u0142alno\u015bci\u0105, kt\u00f3r\u0105 pojmuje jako misj\u0119, rozstrzyga, kieruj\u0105c si\u0119 uformowanym, czyli m\u00f3wi\u0105c pi\u0119kniej: kochaj\u0105cym, dobrym sercem. Oczywi\u015bcie u\u017cywa te\u017c rozumu, intelektu, odwo\u0142uje si\u0119 do do\u015bwiadczenia, \u017cyciowej m\u0105dro\u015bci. Dzia\u0142a rozwa\u017cnie, zawsze prosz\u0105c o pomoc Ducha \u015awi\u0119tego.<br \/>\nA zatem \u2013 formacja serca. Wszystko zaczyna si\u0119 od ma\u0142ych gest\u00f3w dobroci. Ze \u015bwiadomo\u015bci\u0105, \u017ce nie spos\u00f3b pom\u00f3c wszystkim, lecz czyni\u0105c to, co jest w mocy. Z rado\u015bci\u0105, \u017ce uda\u0142o si\u0119 wnie\u015b\u0107 odrobin\u0119 dobra w \u017cycie bli\u017aniego b\u0119d\u0105cego w potrzebie. Reszt\u0119 pozostawiaj\u0105c Bogu.<\/p>\n<p><strong>Modlitwa \u015brodkiem przemiany \u015bwiata<\/strong><br \/>\nDzi\u015b w naszej diecezji dzia\u0142a 39 szkolnych k\u00f3\u0142 i 53 zebraniu, do udzia\u0142u w kt\u00f3rym zaprosi\u0142 organizator \u2013 ks. Krzysztof Stawicki, kt\u00f3ry jako wicedyrektor Caritas Diecezji W\u0142oc\u0142awskiej (CDW) sprawuje m.in. piecz\u0119 nad szkolnymi ko\u0142ami i parafialnymi zespo\u0142ami \u201eCaritas\u201d. Spotkanie odby\u0142o si\u0119 w murach w\u0142oc\u0142awskiego seminarium duchownego, dzi\u0119ki \u017cyczliwo\u015bci rektora WSD ks. pra\u0142ata Jacka Szyma\u0144skiego. Pami\u0119taj\u0105c, jak wa\u017cna jest formacja, spotkanie rozpocz\u0119to od uczestnictwa w Eucharystii. Koncelebrze w ko\u015bciele seminaryjnym \u015bw. Witalisa, sprawowanej w intencji parafialnych zespo\u0142\u00f3w i szkolnych k\u00f3\u0142 Caritas, przewodniczy\u0142 ks. pra\u0142at Artur Niemira, kanclerz Kurii Diecezjalnej W\u0142oc\u0142awskiej. W kazaniu ks. Krzysztof Stawicki wykaza\u0142, \u017ce pos\u0142uga Caritas \u2013 opr\u00f3cz misji pomagania bli\u017anim na wszystkich poziomach \u017cycia Ko\u015bcio\u0142a, poczynaj\u0105c od parafii \u2013 wyra\u017ca istot\u0119 naszej wiary. Sedno oddaj\u0105 s\u0142owa: \u201eB\u00f3g jest mi\u0142o\u015bci\u0105, kto trwa w mi\u0142o\u015bci, trwa w Bogu, a B\u00f3g trwa w nim\u201d (1 J, 4, 16). Od innych instytucji czy organizacji dobroczynnych, filantropijnych Caritas r\u00f3\u017cni si\u0119 tym, \u017ce dzia\u0142aj\u0105c na rzecz ubogich, jest zakorzeniona w liturgii i s\u0142owie Bo\u017cym. Ma chrze\u015bcija\u0144sk\u0105 dusz\u0119, rodzi si\u0119 na \u0142amaniu chleba, trwa na modlitwie i w nauce aposto\u0142\u00f3w. Jej \u017ar\u00f3d\u0142em i misj\u0105 jest mi\u0142o\u015b\u0107 Bo\u017ca.<\/p>\n<p><strong>Deus caritas est<\/strong><br \/>\nPrzed rozes\u0142aniem przem\u00f3wi\u0142 ks. Artur Niemira. Przekaza\u0142 zgromadzonym pozdrowienie i podzi\u0119kowanie za dzia\u0142alno\u015b\u0107 biskupa w\u0142oc\u0142awskiego Wies\u0142awa Alojzego Meringa. Nast\u0119pnie om\u00f3wi\u0142 znaczenie dla misji Ko\u015bcio\u0142a dzia\u0142a\u0144 na rzecz ubogich, odwo\u0142uj\u0105c si\u0119 do nauczania Ojca \u015awi\u0119tego Benedykta XVI, autora encykliki Deus caritas est, i Ojca \u015awi\u0119tego Franciszka. Wspomnia\u0142, \u017ce przem\u00f3wienie papie\u017ca do biskup\u00f3w polskich, kt\u00f3rzy w lutym 2014 r. sk\u0142adali wizyt\u0119 ad limina apostolorum, zawiera m.in. zach\u0119t\u0119 do anga\u017cowania wiernych w dzia\u0142alno\u015b\u0107 szkolnych k\u00f3\u0142 i parafialnych zespo\u0142\u00f3w Caritas.<\/p>\n<p><strong>Caritas \u2013 mi\u0142o\u015b\u0107 bratnia<\/strong><br \/>\nDalsza cz\u0119\u015b\u0107 spotkania odby\u0142a si\u0119 w seminaryjnej Auli \u015bw. Tomasza. Agnieszka Magos (CDW) om\u00f3wi\u0142a zagadnienia zwi\u0105zane z uaktualnieniem statut\u00f3w k\u00f3\u0142 szkolnych i dotycz\u0105ce statut\u00f3w parafialnych zespo\u0142\u00f3w Caritas. Du\u017ce zainteresowanie wzbudzi\u0142o r\u00f3wnie\u017c wyst\u0105pienie ks. pra\u0142ata Marka Soboci\u0144skiego, dyrektora CDW. Przyst\u0119pnie i wyczerpuj\u0105co przedstawi\u0142 on realia pracy Caritas diecezjalnej oraz dzia\u0142ania, kt\u00f3re ona urzeczywistnia i b\u0119dzie urzeczywistnia\u0142a w ramach r\u00f3\u017cnych program\u00f3w. R\u00f3wnie\u017c tych realizowanych z udzia\u0142em odpowiednich struktur Unii Europejskiej.<br \/>\nSpotkanie kontynuowano po obiedzie (wsp\u00f3lnym z klerykami, w refektarzu WSD, dzi\u0119ki wielkoduszno\u015bci w\u0142adz seminaryjnych). Ks. Krzysztof Stawicki przedstawi\u0142 dzia\u0142ania, projekty i akcje Caritas Polska, a na tym tle \u2013 zarys mo\u017cliwo\u015bci szkolnych k\u00f3\u0142 i parafialnych zespo\u0142\u00f3w Caritas w zakresie pomocy bli\u017anim potrzebuj\u0105cym pomocy. Wyst\u0105pienie zach\u0119ci\u0142o zebranych do dyskusji i wymiany do\u015bwiadcze\u0144. Dialog dowi\u00f3d\u0142, \u017ce nie ma \u017cywej wiary bez wyra\u017cenia jej w mi\u0142o\u015bci ofiarnej, na rzecz innych, bardziej potrzebuj\u0105cych od nas. Autentyczna troska o biednych, potrzebuj\u0105cych wsparcia \u201esilniejszych\u201d, mo\u017ce by\u0107 skutecznym (czasem pierwszym) krokiem ewangelizacji. Pod tym wzgl\u0119dem z pewno\u015bci\u0105 jest wiele do zrobienia. Ale, jak m\u00f3wi\u0142a b\u0142. Matka Teresa z Kalkuty, ocean sk\u0142ada si\u0119 z kropli. Dzi\u0119kujmy Bogu za ka\u017cd\u0105 z nich.<br \/>\nDla nas, chrze\u015bcijan, wzorem caritas \u2013 mi\u0142o\u015bci mi\u0142osiernej \u2013 jest B\u00f3g Ojciec. Kochaj\u0105cy nas, troszcz\u0105cy si\u0119 o integralne dobro ka\u017cdego cz\u0142owieka. Opr\u00f3cz formacji serca, wolontariuszom Caritas potrzeba umiej\u0119tno\u015bci praktycznych, fachowo\u015bci, kompetencji, wiedzy odno\u015bnie do procedur. Dobro nale\u017cy czyni\u0107 dobrze, pami\u0119taj\u0105c, \u017ce opr\u00f3cz ub\u00f3stwa materialnego istnieje ub\u00f3stwo duchowe i religijne. To ostatnie dotyka os\u00f3b, kt\u00f3re nie maj\u0105 skarbu wiary. Wskaza\u0144 w tym zakresie wolontariusze maj\u0105 prawo oczekiwa\u0107 ze strony Caritas diecezjalnej. My\u015bl\u0119, \u017ce w\u0142oc\u0142awskie spotkanie stanowi wa\u017cny przyczynek w tym zakresie. Wierz\u0119, \u017ce dzia\u0142alno\u015b\u0107 charytatywna jest skutecznym narz\u0119dziem s\u0142u\u017c\u0105cym zbrataniu ludzi i ostatecznie objawia si\u0119 jako \u017cywe \u015bwiadectwo mi\u0142osiernej mi\u0142o\u015bci Boga.<\/p>\n<p>Wyobra\u017ania mi\u0142osierdzia to jest taki spos\u00f3b patrzenia na ubogich, w kt\u00f3rym wyrazi si\u0119 szacunek dla ich ludzkiej i chrze\u015bcija\u0144skiej godno\u015bci oraz gotowo\u015b\u0107 przychodzenia im z pomoc\u0105. Caritas to nie kwestia jednego lub drugiego uczynku mi\u0142osierdzia. To styl \u017cycia, spos\u00f3b dzia\u0142ania naznaczony mi\u0142o\u015bci\u0105 bezinteresown\u0105 i szlachetn\u0105, kt\u00f3ra pozwala nam by\u0107 blisko bli\u017anich. Zw\u0142aszcza chorych, starszych, wykluczonych z powodu nieprzystosowania spo\u0142ecznego, biedy, zaniedba\u0144 kulturowych. (ks. pra\u0142at dr Marian Subocz, dyrektor Caritas Polska)<\/p>\n<p>TEKST BARBARA SAWIC<br \/>\nfot. B. Sawic<\/p>\n<p>\u0179r\u00f3d\u0142o: Przewodnik Katolicki\/\u0141ad Bo\u017cy nr 11\/2014 (16.03.2014 r.), str. II-III.<\/p>\n\n\t\t<style type=\"text\/css\">\n\t\t\t#gallery-1 {\n\t\t\t\tmargin: auto;\n\t\t\t}\n\t\t\t#gallery-1 .gallery-item {\n\t\t\t\tfloat: left;\n\t\t\t\tmargin-top: 10px;\n\t\t\t\ttext-align: center;\n\t\t\t\twidth: 33%;\n\t\t\t}\n\t\t\t#gallery-1 img {\n\t\t\t\tborder: 2px solid #cfcfcf;\n\t\t\t}\n\t\t\t#gallery-1 .gallery-caption {\n\t\t\t\tmargin-left: 0;\n\t\t\t}\n\t\t\t\/* see gallery_shortcode() in wp-includes\/media.php *\/\n\t\t<\/style>\n\t\t<div id='gallery-1' class='gallery galleryid-631 gallery-columns-3 gallery-size-thumbnail'><dl class='gallery-item'>\n\t\t\t<dt class='gallery-icon portrait'>\n\t\t\t\t<a href='http:\/\/caritas.diecezja.wloclawek.pl\/?attachment_id=632'><img width=\"150\" height=\"150\" src=\"http:\/\/caritas.diecezja.wloclawek.pl\/wp-content\/uploads\/2017\/11\/ccc1-150x150.jpg\" class=\"attachment-thumbnail size-thumbnail\" alt=\"\" loading=\"lazy\" srcset=\"http:\/\/caritas.diecezja.wloclawek.pl\/wp-content\/uploads\/2017\/11\/ccc1-150x150.jpg 150w, http:\/\/caritas.diecezja.wloclawek.pl\/wp-content\/uploads\/2017\/11\/ccc1-160x160.jpg 160w, http:\/\/caritas.diecezja.wloclawek.pl\/wp-content\/uploads\/2017\/11\/ccc1-320x320.jpg 320w\" sizes=\"(max-width: 150px) 100vw, 150px\" \/><\/a>\n\t\t\t<\/dt><\/dl><dl class='gallery-item'>\n\t\t\t<dt class='gallery-icon portrait'>\n\t\t\t\t<a href='http:\/\/caritas.diecezja.wloclawek.pl\/?attachment_id=633'><img width=\"150\" height=\"150\" src=\"http:\/\/caritas.diecezja.wloclawek.pl\/wp-content\/uploads\/2017\/11\/ccc2-150x150.jpg\" class=\"attachment-thumbnail size-thumbnail\" alt=\"\" loading=\"lazy\" srcset=\"http:\/\/caritas.diecezja.wloclawek.pl\/wp-content\/uploads\/2017\/11\/ccc2-150x150.jpg 150w, http:\/\/caritas.diecezja.wloclawek.pl\/wp-content\/uploads\/2017\/11\/ccc2-160x160.jpg 160w, http:\/\/caritas.diecezja.wloclawek.pl\/wp-content\/uploads\/2017\/11\/ccc2-320x320.jpg 320w\" sizes=\"(max-width: 150px) 100vw, 150px\" \/><\/a>\n\t\t\t<\/dt><\/dl><dl class='gallery-item'>\n\t\t\t<dt class='gallery-icon landscape'>\n\t\t\t\t<a href='http:\/\/caritas.diecezja.wloclawek.pl\/?attachment_id=634'><img width=\"150\" height=\"150\" src=\"http:\/\/caritas.diecezja.wloclawek.pl\/wp-content\/uploads\/2017\/11\/ccc3-150x150.jpg\" class=\"attachment-thumbnail size-thumbnail\" alt=\"\" loading=\"lazy\" srcset=\"http:\/\/caritas.diecezja.wloclawek.pl\/wp-content\/uploads\/2017\/11\/ccc3-150x150.jpg 150w, http:\/\/caritas.diecezja.wloclawek.pl\/wp-content\/uploads\/2017\/11\/ccc3-160x160.jpg 160w, http:\/\/caritas.diecezja.wloclawek.pl\/wp-content\/uploads\/2017\/11\/ccc3-320x320.jpg 320w\" sizes=\"(max-width: 150px) 100vw, 150px\" \/><\/a>\n\t\t\t<\/dt><\/dl><br style=\"clear: both\" \/><dl class='gallery-item'>\n\t\t\t<dt class='gallery-icon landscape'>\n\t\t\t\t<a href='http:\/\/caritas.diecezja.wloclawek.pl\/?attachment_id=635'><img width=\"150\" height=\"150\" src=\"http:\/\/caritas.diecezja.wloclawek.pl\/wp-content\/uploads\/2017\/11\/ccc4-150x150.jpg\" class=\"attachment-thumbnail size-thumbnail\" alt=\"\" loading=\"lazy\" srcset=\"http:\/\/caritas.diecezja.wloclawek.pl\/wp-content\/uploads\/2017\/11\/ccc4-150x150.jpg 150w, http:\/\/caritas.diecezja.wloclawek.pl\/wp-content\/uploads\/2017\/11\/ccc4-160x160.jpg 160w, http:\/\/caritas.diecezja.wloclawek.pl\/wp-content\/uploads\/2017\/11\/ccc4-320x320.jpg 320w\" sizes=\"(max-width: 150px) 100vw, 150px\" \/><\/a>\n\t\t\t<\/dt><\/dl><dl class='gallery-item'>\n\t\t\t<dt class='gallery-icon landscape'>\n\t\t\t\t<a href='http:\/\/caritas.diecezja.wloclawek.pl\/?attachment_id=636'><img width=\"150\" height=\"150\" src=\"http:\/\/caritas.diecezja.wloclawek.pl\/wp-content\/uploads\/2017\/11\/ccc5-150x150.jpg\" class=\"attachment-thumbnail size-thumbnail\" alt=\"\" loading=\"lazy\" srcset=\"http:\/\/caritas.diecezja.wloclawek.pl\/wp-content\/uploads\/2017\/11\/ccc5-150x150.jpg 150w, http:\/\/caritas.diecezja.wloclawek.pl\/wp-content\/uploads\/2017\/11\/ccc5-160x160.jpg 160w, http:\/\/caritas.diecezja.wloclawek.pl\/wp-content\/uploads\/2017\/11\/ccc5-320x320.jpg 320w\" sizes=\"(max-width: 150px) 100vw, 150px\" \/><\/a>\n\t\t\t<\/dt><\/dl><dl class='gallery-item'>\n\t\t\t<dt class='gallery-icon landscape'>\n\t\t\t\t<a href='http:\/\/caritas.diecezja.wloclawek.pl\/?attachment_id=637'><img width=\"150\" height=\"150\" src=\"http:\/\/caritas.diecezja.wloclawek.pl\/wp-content\/uploads\/2017\/11\/ccc6-150x150.jpg\" class=\"attachment-thumbnail size-thumbnail\" alt=\"\" loading=\"lazy\" srcset=\"http:\/\/caritas.diecezja.wloclawek.pl\/wp-content\/uploads\/2017\/11\/ccc6-150x150.jpg 150w, http:\/\/caritas.diecezja.wloclawek.pl\/wp-content\/uploads\/2017\/11\/ccc6-160x160.jpg 160w, http:\/\/caritas.diecezja.wloclawek.pl\/wp-content\/uploads\/2017\/11\/ccc6-320x320.jpg 320w\" sizes=\"(max-width: 150px) 100vw, 150px\" \/><\/a>\n\t\t\t<\/dt><\/dl><br style=\"clear: both\" \/>\n\t\t<\/div>\n\n","protected":false},"excerpt":{"rendered":"<p>&#46;&#46;&#46;<\/p>\n","protected":false},"author":1,"featured_media":637,"comment_status":"open","ping_status":"open","sticky":false,"template":"","format":"standard","meta":[],"categories":[2],"tags":[],"_links":{"self":[{"href":"http:\/\/caritas.diecezja.wloclawek.pl\/index.php?rest_route=\/wp\/v2\/posts\/631"}],"collection":[{"href":"http:\/\/caritas.diecezja.wloclawek.pl\/index.php?rest_route=\/wp\/v2\/posts"}],"about":[{"href":"http:\/\/caritas.diecezja.wloclawek.pl\/index.php?rest_route=\/wp\/v2\/types\/post"}],"author":[{"embeddable":true,"href":"http:\/\/caritas.diecezja.wloclawek.pl\/index.php?rest_route=\/wp\/v2\/users\/1"}],"replies":[{"embeddable":true,"href":"http:\/\/caritas.diecezja.wloclawek.pl\/index.php?rest_route=%2Fwp%2Fv2%2Fcomments&post=631"}],"version-history":[{"count":1,"href":"http:\/\/caritas.diecezja.wloclawek.pl\/index.php?rest_route=\/wp\/v2\/posts\/631\/revisions"}],"predecessor-version":[{"id":638,"href":"http:\/\/caritas.diecezja.wloclawek.pl\/index.php?rest_route=\/wp\/v2\/posts\/631\/revisions\/638"}],"wp:featuredmedia":[{"embeddable":true,"href":"http:\/\/caritas.diecezja.wloclawek.pl\/index.php?rest_route=\/wp\/v2\/media\/637"}],"wp:attachment":[{"href":"http:\/\/caritas.diecezja.wloclawek.pl\/index.php?rest_route=%2Fwp%2Fv2%2Fmedia&parent=631"}],"wp:term":[{"taxonomy":"category","embeddable":true,"href":"http:\/\/caritas.diecezja.wloclawek.pl\/index.php?rest_route=%2Fwp%2Fv2%2Fcategories&post=631"},{"taxonomy":"post_tag","embeddable":true,"href":"http:\/\/caritas.diecezja.wloclawek.pl\/index.php?rest_route=%2Fwp%2Fv2%2Ftags&post=631"}],"curies":[{"name":"wp","href":"https:\/\/api.w.org\/{rel}","templated":true}]}}