{"id":628,"date":"2014-03-10T23:09:13","date_gmt":"2014-03-10T22:09:13","guid":{"rendered":"http:\/\/caritas.diecezja.wloclawek.pl\/?p=628"},"modified":"2017-11-02T23:11:07","modified_gmt":"2017-11-02T22:11:07","slug":"rodzina-rodzinie-rodziny-polskie-rodzinom-ukrainskim","status":"publish","type":"post","link":"http:\/\/caritas.diecezja.wloclawek.pl\/?p=628","title":{"rendered":"RODZINA RODZINIE &#8211; Rodziny polskie rodzinom ukrai\u0144skim"},"content":{"rendered":"<p>Akcja realizowana dzi\u0119ki mo\u017cliwo\u015bciom stworzonym przez Poczt\u0119 Polsk\u0105, kt\u00f3ra powo\u0142uj\u0105c akcj\u0119 \u201ePaczka na Ukrain\u0119\u201d umo\u017cliwia bezp\u0142atne przesy\u0142anie paczek na Ukrain\u0119 do ko\u0144ca marca br.<br \/>\nW latach 80tych polskie rodziny otrzymywa\u0142y wsparcie w postaci paczek. Otrzymywali\u015bmy pomoc z Niemiec, Francji, Szwecji, Holandii\u2026 Dzi\u015b w potrzebie s\u0105 ukrai\u0144skie rodziny zagro\u017cone kryzysem ekonomicznym, czasem poszkodowane, niepewne jutra.<\/p>\n<p>&#8211; Bardzo zach\u0119cam ca\u0142e spo\u0142ecze\u0144stwo do solidarno\u015bci z narodem ukrai\u0144skim. Zorganizowanie takiej akcji to jest w\u0142a\u015bnie solidarno\u015b\u0107. Nar\u00f3d ukrai\u0144ski prze\u017cywa bardzo trudne chwile i dlatego taka paczka mo\u017ce obudzi\u0107 w nich nadziej\u0119, \u017ce jest kto\u015b, kto o nich my\u015bli \u2013 powiedzia\u0142 ks. Marian Subocz \u2013 dyrektor Caritas Polska.<br \/>\nCaritas Spes na Ukrainie przygotuje list\u0119 kilku tysi\u0119cy kontakt\u00f3w do rodzin potrzebuj\u0105cych wsparcia b\u0105d\u017a poszkodowanych w ostatnich wydarzeniach. S\u0105 to rodziny zar\u00f3wno katolickie, greko-katolickie jak i prawos\u0142awne.<br \/>\n&#8211; Nie ma absolutnie znaczenia czy osoba jest wierz\u0105ca, czy niewierz\u0105ca. Nie ma tak\u017ce znaczenia jakiego jest obrz\u0105dku lub wyznania. Nikt o to nie pyta. Dla nas najwa\u017cniejsze jest, \u017ce jest to osoba potrzebuj\u0105ca \u2013 powiedzia\u0142 ks. Wies\u0142aw Dorosz \u2013 dyrektor Caritas Spes we Lwowie.<br \/>\nW akcj\u0119 anga\u017cuj\u0105 si\u0119 Caritas diecezjalne w Polsce poprzez kt\u00f3re listy os\u00f3b potrzebuj\u0105cych z parafii ukrai\u0144skich trafi\u0105 do parafii polskich. Wierni z parafii polskich przygotuj\u0105 paczki i wy\u015bl\u0105 je pod wskazany adres.<br \/>\nW akcji b\u0119dzie r\u00f3wnie\u017c m\u00f3g\u0142 wzi\u0105\u0107 udzia\u0142 ka\u017cdy, kto na adres pomocukrainie@caritas.pl wy\u015ble mail zg\u0142aszaj\u0105cy ch\u0119\u0107 uczestnictwa w akcji.<br \/>\nInformacje o akcji \u201eRodzina Rodzinie\u201d znajduj\u0105 si\u0119 na stronie <a href=\"http:\/\/www.caritas.pl\">www.caritas.pl<\/a><\/p>\n<p>&nbsp;<\/p>\n<p><a href=\"http:\/\/caritas.diecezja.wloclawek.pl\/wp-content\/uploads\/2017\/11\/Rodzina-rodzinie-baner-ukraina.jpg\"><img loading=\"lazy\" class=\"aligncenter  wp-image-629\" src=\"http:\/\/caritas.diecezja.wloclawek.pl\/wp-content\/uploads\/2017\/11\/Rodzina-rodzinie-baner-ukraina-300x60.jpg\" alt=\"\" width=\"525\" height=\"105\" srcset=\"http:\/\/caritas.diecezja.wloclawek.pl\/wp-content\/uploads\/2017\/11\/Rodzina-rodzinie-baner-ukraina-300x60.jpg 300w, http:\/\/caritas.diecezja.wloclawek.pl\/wp-content\/uploads\/2017\/11\/Rodzina-rodzinie-baner-ukraina.jpg 764w\" sizes=\"(max-width: 525px) 100vw, 525px\" \/><\/a><\/p>\n","protected":false},"excerpt":{"rendered":"<p>&#46;&#46;&#46;<\/p>\n","protected":false},"author":1,"featured_media":0,"comment_status":"open","ping_status":"open","sticky":false,"template":"","format":"standard","meta":[],"categories":[2],"tags":[],"_links":{"self":[{"href":"http:\/\/caritas.diecezja.wloclawek.pl\/index.php?rest_route=\/wp\/v2\/posts\/628"}],"collection":[{"href":"http:\/\/caritas.diecezja.wloclawek.pl\/index.php?rest_route=\/wp\/v2\/posts"}],"about":[{"href":"http:\/\/caritas.diecezja.wloclawek.pl\/index.php?rest_route=\/wp\/v2\/types\/post"}],"author":[{"embeddable":true,"href":"http:\/\/caritas.diecezja.wloclawek.pl\/index.php?rest_route=\/wp\/v2\/users\/1"}],"replies":[{"embeddable":true,"href":"http:\/\/caritas.diecezja.wloclawek.pl\/index.php?rest_route=%2Fwp%2Fv2%2Fcomments&post=628"}],"version-history":[{"count":1,"href":"http:\/\/caritas.diecezja.wloclawek.pl\/index.php?rest_route=\/wp\/v2\/posts\/628\/revisions"}],"predecessor-version":[{"id":630,"href":"http:\/\/caritas.diecezja.wloclawek.pl\/index.php?rest_route=\/wp\/v2\/posts\/628\/revisions\/630"}],"wp:attachment":[{"href":"http:\/\/caritas.diecezja.wloclawek.pl\/index.php?rest_route=%2Fwp%2Fv2%2Fmedia&parent=628"}],"wp:term":[{"taxonomy":"category","embeddable":true,"href":"http:\/\/caritas.diecezja.wloclawek.pl\/index.php?rest_route=%2Fwp%2Fv2%2Fcategories&post=628"},{"taxonomy":"post_tag","embeddable":true,"href":"http:\/\/caritas.diecezja.wloclawek.pl\/index.php?rest_route=%2Fwp%2Fv2%2Ftags&post=628"}],"curies":[{"name":"wp","href":"https:\/\/api.w.org\/{rel}","templated":true}]}}