{"id":590,"date":"2014-03-31T23:02:33","date_gmt":"2014-03-31T22:02:33","guid":{"rendered":"http:\/\/caritas.diecezja.wloclawek.pl\/?p=590"},"modified":"2017-11-02T23:05:03","modified_gmt":"2017-11-02T22:05:03","slug":"wielkanocna-zbiorka-zywnosci-caritas-w-sieradzu","status":"publish","type":"post","link":"http:\/\/caritas.diecezja.wloclawek.pl\/?p=590","title":{"rendered":"Wielkanocna Zbi\u00f3rka \u017bywno\u015bci Caritas w Sieradzu"},"content":{"rendered":"<p>W dniach 28-29 marca 2014 roku, Caritas Diecezji W\u0142oc\u0142awskiej zorganizowa\u0142a sz\u00f3st\u0105 zbi\u00f3rk\u0119 \u017cywno\u015bci pod has\u0142em: \u201eTak, POMAGAM!\u201d. W tym roku po raz pierwszy w akcj\u0119 w\u0142\u0105czy\u0142o si\u0119 Szkolne Ko\u0142o Caritas przy Gimnazjum nr 2 w Sieradzu. Koordynatork\u0105 zbi\u00f3rki \u017cywno\u015bci by\u0142a p. Wioletta Halusiak, kt\u00f3ra mia\u0142a sta\u0142y kontakt z ks. Krzysztofem Stawickim, wicedyrektorem w\u0142oc\u0142awskiej Caritas, odpowiedzialnym za szkolne ko\u0142a w diecezji.<\/p>\n<p>M\u0142odzie\u017c \u2013 wolontariusze przeprowadzali zbi\u00f3rk\u0119 przed sklepem Biedronka przy ul. Ko\u015bciuszki 23 w Sieradzu w pi\u0105tek od godz. 14.15 do 19.00 i w sobot\u0119 od godz. 9.00 do godz. 15.00. W sumie zebrano oko\u0142o 180 kg \u017cywno\u015bci. Wolontariusze zebrali artyku\u0142y spo\u017cywcze z d\u0142ugim terminem przydatno\u015bci do spo\u017cycia oraz \u0142atwe w przechowywaniu, z kt\u00f3rych przy pomocy Parafialnego Zespo\u0142u Caritas przygotuj\u0105 i przeka\u017c\u0105 \u015bwi\u0105teczne paczki dla najubo\u017cszych rodzin z terenu parafii Wszystkich \u015awi\u0119tych w Sieradzu. Zosta\u0142y zebrane artyku\u0142y codziennej potrzeby takie jak: mleko, m\u0105ka, cukier, makaron, ry\u017c, p\u0142atki kukurydziane, herbata, s\u0142odycze dla najm\u0142odszych oraz konserwy mi\u0119sne i rybne, a tak\u017ce \u015brodki czysto\u015bci.<br \/>\nJak potwierdza\u0142a m\u0142odzie\u017c, Polacy \u2013 mieszka\u0144cy Sieradza maj\u0105 dobre serca i chc\u0105 pomaga\u0107 i dzieli\u0107 si\u0119 z potrzebuj\u0105cymi.<\/p>\n<p>W ci\u0105gu pi\u0119ciu dotychczas przeprowadzonych zbi\u00f3rek \u017cywno\u015bci wolontariusze zebrali ponad 1 083 tony \u017cywno\u015bci, a nasze paczki trafi\u0142y do oko\u0142o 297 tys. os\u00f3b z rodzin wielodzietnych, samotnych rodzic\u00f3w, bezdomnych i chorych oraz do plac\u00f3wek prowadzonych przez 34 diecezjalne Caritas. Ka\u017cdorazowo w akcji uczestniczy oko\u0142o 8 tysi\u0119cy wolontariuszy PZC i SKC, kt\u00f3rzy zbieraj\u0105 \u017cywno\u015b\u0107 w oko\u0142o 1500 sklepach w ca\u0142ej Polsce. W marcu zbi\u00f3rka prowadzona b\u0119dzie w 965 sklepach sieci Biedronka, 48 sklepach sieci Lewiatan, 85 sklepach POLOmarket oraz hipermarketach Carrefour, Spo\u0142em, Netto, ABC, Auchan, Intermarche, Jedynka, Piotr i Pawe\u0142, Real, Stokrotka, Spo\u0142em, Tesco i wielu innych.<\/p>\n<p>&nbsp;<\/p>\n<p>&nbsp;<\/p>\n\n\t\t<style type=\"text\/css\">\n\t\t\t#gallery-1 {\n\t\t\t\tmargin: auto;\n\t\t\t}\n\t\t\t#gallery-1 .gallery-item {\n\t\t\t\tfloat: left;\n\t\t\t\tmargin-top: 10px;\n\t\t\t\ttext-align: center;\n\t\t\t\twidth: 25%;\n\t\t\t}\n\t\t\t#gallery-1 img {\n\t\t\t\tborder: 2px solid #cfcfcf;\n\t\t\t}\n\t\t\t#gallery-1 .gallery-caption {\n\t\t\t\tmargin-left: 0;\n\t\t\t}\n\t\t\t\/* see gallery_shortcode() in wp-includes\/media.php *\/\n\t\t<\/style>\n\t\t<div id='gallery-1' class='gallery galleryid-590 gallery-columns-4 gallery-size-thumbnail'><dl class='gallery-item'>\n\t\t\t<dt class='gallery-icon landscape'>\n\t\t\t\t<a href='http:\/\/caritas.diecezja.wloclawek.pl\/?attachment_id=597'><img width=\"150\" height=\"150\" src=\"http:\/\/caritas.diecezja.wloclawek.pl\/wp-content\/uploads\/2017\/11\/sieradza7-150x150.jpg\" class=\"attachment-thumbnail size-thumbnail\" alt=\"\" loading=\"lazy\" srcset=\"http:\/\/caritas.diecezja.wloclawek.pl\/wp-content\/uploads\/2017\/11\/sieradza7-150x150.jpg 150w, http:\/\/caritas.diecezja.wloclawek.pl\/wp-content\/uploads\/2017\/11\/sieradza7-160x160.jpg 160w, http:\/\/caritas.diecezja.wloclawek.pl\/wp-content\/uploads\/2017\/11\/sieradza7-320x320.jpg 320w\" sizes=\"(max-width: 150px) 100vw, 150px\" \/><\/a>\n\t\t\t<\/dt><\/dl><dl class='gallery-item'>\n\t\t\t<dt class='gallery-icon portrait'>\n\t\t\t\t<a href='http:\/\/caritas.diecezja.wloclawek.pl\/?attachment_id=598'><img width=\"150\" height=\"150\" src=\"http:\/\/caritas.diecezja.wloclawek.pl\/wp-content\/uploads\/2017\/11\/sieradza8-150x150.jpg\" class=\"attachment-thumbnail size-thumbnail\" alt=\"\" loading=\"lazy\" srcset=\"http:\/\/caritas.diecezja.wloclawek.pl\/wp-content\/uploads\/2017\/11\/sieradza8-150x150.jpg 150w, http:\/\/caritas.diecezja.wloclawek.pl\/wp-content\/uploads\/2017\/11\/sieradza8-160x160.jpg 160w, http:\/\/caritas.diecezja.wloclawek.pl\/wp-content\/uploads\/2017\/11\/sieradza8-320x320.jpg 320w\" sizes=\"(max-width: 150px) 100vw, 150px\" \/><\/a>\n\t\t\t<\/dt><\/dl><dl class='gallery-item'>\n\t\t\t<dt class='gallery-icon portrait'>\n\t\t\t\t<a href='http:\/\/caritas.diecezja.wloclawek.pl\/?attachment_id=596'><img width=\"150\" height=\"150\" src=\"http:\/\/caritas.diecezja.wloclawek.pl\/wp-content\/uploads\/2017\/11\/sieradza6-150x150.jpg\" class=\"attachment-thumbnail size-thumbnail\" alt=\"\" loading=\"lazy\" srcset=\"http:\/\/caritas.diecezja.wloclawek.pl\/wp-content\/uploads\/2017\/11\/sieradza6-150x150.jpg 150w, http:\/\/caritas.diecezja.wloclawek.pl\/wp-content\/uploads\/2017\/11\/sieradza6-160x160.jpg 160w, http:\/\/caritas.diecezja.wloclawek.pl\/wp-content\/uploads\/2017\/11\/sieradza6-320x320.jpg 320w\" sizes=\"(max-width: 150px) 100vw, 150px\" \/><\/a>\n\t\t\t<\/dt><\/dl><dl class='gallery-item'>\n\t\t\t<dt class='gallery-icon landscape'>\n\t\t\t\t<a href='http:\/\/caritas.diecezja.wloclawek.pl\/?attachment_id=595'><img width=\"150\" height=\"150\" src=\"http:\/\/caritas.diecezja.wloclawek.pl\/wp-content\/uploads\/2017\/11\/sieradza5-150x150.jpg\" class=\"attachment-thumbnail size-thumbnail\" alt=\"\" loading=\"lazy\" srcset=\"http:\/\/caritas.diecezja.wloclawek.pl\/wp-content\/uploads\/2017\/11\/sieradza5-150x150.jpg 150w, http:\/\/caritas.diecezja.wloclawek.pl\/wp-content\/uploads\/2017\/11\/sieradza5-160x160.jpg 160w, http:\/\/caritas.diecezja.wloclawek.pl\/wp-content\/uploads\/2017\/11\/sieradza5-320x320.jpg 320w\" sizes=\"(max-width: 150px) 100vw, 150px\" \/><\/a>\n\t\t\t<\/dt><\/dl><br style=\"clear: both\" \/><dl class='gallery-item'>\n\t\t\t<dt class='gallery-icon landscape'>\n\t\t\t\t<a href='http:\/\/caritas.diecezja.wloclawek.pl\/?attachment_id=594'><img width=\"150\" height=\"150\" src=\"http:\/\/caritas.diecezja.wloclawek.pl\/wp-content\/uploads\/2017\/11\/sieradza4-150x150.jpg\" class=\"attachment-thumbnail size-thumbnail\" alt=\"\" loading=\"lazy\" srcset=\"http:\/\/caritas.diecezja.wloclawek.pl\/wp-content\/uploads\/2017\/11\/sieradza4-150x150.jpg 150w, http:\/\/caritas.diecezja.wloclawek.pl\/wp-content\/uploads\/2017\/11\/sieradza4-160x160.jpg 160w, http:\/\/caritas.diecezja.wloclawek.pl\/wp-content\/uploads\/2017\/11\/sieradza4-320x320.jpg 320w\" sizes=\"(max-width: 150px) 100vw, 150px\" \/><\/a>\n\t\t\t<\/dt><\/dl><dl class='gallery-item'>\n\t\t\t<dt class='gallery-icon landscape'>\n\t\t\t\t<a href='http:\/\/caritas.diecezja.wloclawek.pl\/?attachment_id=593'><img width=\"150\" height=\"150\" src=\"http:\/\/caritas.diecezja.wloclawek.pl\/wp-content\/uploads\/2017\/11\/sieradza3-150x150.jpg\" class=\"attachment-thumbnail size-thumbnail\" alt=\"\" loading=\"lazy\" srcset=\"http:\/\/caritas.diecezja.wloclawek.pl\/wp-content\/uploads\/2017\/11\/sieradza3-150x150.jpg 150w, http:\/\/caritas.diecezja.wloclawek.pl\/wp-content\/uploads\/2017\/11\/sieradza3-160x160.jpg 160w, http:\/\/caritas.diecezja.wloclawek.pl\/wp-content\/uploads\/2017\/11\/sieradza3-320x320.jpg 320w\" sizes=\"(max-width: 150px) 100vw, 150px\" \/><\/a>\n\t\t\t<\/dt><\/dl><dl class='gallery-item'>\n\t\t\t<dt class='gallery-icon landscape'>\n\t\t\t\t<a href='http:\/\/caritas.diecezja.wloclawek.pl\/?attachment_id=592'><img width=\"150\" height=\"150\" src=\"http:\/\/caritas.diecezja.wloclawek.pl\/wp-content\/uploads\/2017\/11\/sieradza2-150x150.jpg\" class=\"attachment-thumbnail size-thumbnail\" alt=\"\" loading=\"lazy\" srcset=\"http:\/\/caritas.diecezja.wloclawek.pl\/wp-content\/uploads\/2017\/11\/sieradza2-150x150.jpg 150w, http:\/\/caritas.diecezja.wloclawek.pl\/wp-content\/uploads\/2017\/11\/sieradza2-160x160.jpg 160w, http:\/\/caritas.diecezja.wloclawek.pl\/wp-content\/uploads\/2017\/11\/sieradza2-320x320.jpg 320w\" sizes=\"(max-width: 150px) 100vw, 150px\" \/><\/a>\n\t\t\t<\/dt><\/dl><dl class='gallery-item'>\n\t\t\t<dt class='gallery-icon portrait'>\n\t\t\t\t<a href='http:\/\/caritas.diecezja.wloclawek.pl\/?attachment_id=591'><img width=\"150\" height=\"150\" src=\"http:\/\/caritas.diecezja.wloclawek.pl\/wp-content\/uploads\/2017\/11\/sieradza1-150x150.jpg\" class=\"attachment-thumbnail size-thumbnail\" alt=\"\" loading=\"lazy\" srcset=\"http:\/\/caritas.diecezja.wloclawek.pl\/wp-content\/uploads\/2017\/11\/sieradza1-150x150.jpg 150w, http:\/\/caritas.diecezja.wloclawek.pl\/wp-content\/uploads\/2017\/11\/sieradza1-160x160.jpg 160w, http:\/\/caritas.diecezja.wloclawek.pl\/wp-content\/uploads\/2017\/11\/sieradza1-320x320.jpg 320w\" sizes=\"(max-width: 150px) 100vw, 150px\" \/><\/a>\n\t\t\t<\/dt><\/dl><br style=\"clear: both\" \/>\n\t\t<\/div>\n\n","protected":false},"excerpt":{"rendered":"<p>&#46;&#46;&#46;<\/p>\n","protected":false},"author":1,"featured_media":597,"comment_status":"open","ping_status":"open","sticky":false,"template":"","format":"standard","meta":[],"categories":[2],"tags":[],"_links":{"self":[{"href":"http:\/\/caritas.diecezja.wloclawek.pl\/index.php?rest_route=\/wp\/v2\/posts\/590"}],"collection":[{"href":"http:\/\/caritas.diecezja.wloclawek.pl\/index.php?rest_route=\/wp\/v2\/posts"}],"about":[{"href":"http:\/\/caritas.diecezja.wloclawek.pl\/index.php?rest_route=\/wp\/v2\/types\/post"}],"author":[{"embeddable":true,"href":"http:\/\/caritas.diecezja.wloclawek.pl\/index.php?rest_route=\/wp\/v2\/users\/1"}],"replies":[{"embeddable":true,"href":"http:\/\/caritas.diecezja.wloclawek.pl\/index.php?rest_route=%2Fwp%2Fv2%2Fcomments&post=590"}],"version-history":[{"count":1,"href":"http:\/\/caritas.diecezja.wloclawek.pl\/index.php?rest_route=\/wp\/v2\/posts\/590\/revisions"}],"predecessor-version":[{"id":599,"href":"http:\/\/caritas.diecezja.wloclawek.pl\/index.php?rest_route=\/wp\/v2\/posts\/590\/revisions\/599"}],"wp:featuredmedia":[{"embeddable":true,"href":"http:\/\/caritas.diecezja.wloclawek.pl\/index.php?rest_route=\/wp\/v2\/media\/597"}],"wp:attachment":[{"href":"http:\/\/caritas.diecezja.wloclawek.pl\/index.php?rest_route=%2Fwp%2Fv2%2Fmedia&parent=590"}],"wp:term":[{"taxonomy":"category","embeddable":true,"href":"http:\/\/caritas.diecezja.wloclawek.pl\/index.php?rest_route=%2Fwp%2Fv2%2Fcategories&post=590"},{"taxonomy":"post_tag","embeddable":true,"href":"http:\/\/caritas.diecezja.wloclawek.pl\/index.php?rest_route=%2Fwp%2Fv2%2Ftags&post=590"}],"curies":[{"name":"wp","href":"https:\/\/api.w.org\/{rel}","templated":true}]}}