{"id":588,"date":"2014-04-11T23:01:42","date_gmt":"2014-04-11T22:01:42","guid":{"rendered":"http:\/\/caritas.diecezja.wloclawek.pl\/?p=588"},"modified":"2017-11-02T23:02:22","modified_gmt":"2017-11-02T22:02:22","slug":"ponad-tysiac-ton-zywnosci-w-zbiorkach-caritas-tak-pomagam","status":"publish","type":"post","link":"http:\/\/caritas.diecezja.wloclawek.pl\/?p=588","title":{"rendered":"Ponad tysi\u0105c ton \u017cywno\u015bci w zbi\u00f3rkach Caritas \u201eTak, Pomagam\u201d"},"content":{"rendered":"<p>Przed \u015bwi\u0119tami Wielkanocnymi do blisko 60 tys. os\u00f3b z rodzin wielodzietnych, samotnych rodzic\u00f3w, bezdomnych i chorych oraz do plac\u00f3wek prowadzonych przez 32 diecezjalne Caritas trafi 291,5 tony \u017cywno\u015bci, dzi\u0119ki przeprowadzonej w dniach 28-29 marca VI Zbi\u00f3rki \u017bywno\u015bci.<\/p>\n<p>Przed \u015bwi\u0119tami Wielkanocnymi do blisko 60 tys. os\u00f3b z rodzin wielodzietnych, samotnych rodzic\u00f3w, bezdomnych i chorych oraz do plac\u00f3wek prowadzonych przez 32 diecezjalne Caritas trafi 291,5 tony \u017cywno\u015bci, dzi\u0119ki przeprowadzonej w dniach 28-29 marca VI Zbi\u00f3rki \u017bywno\u015bci.<\/p>\n<p>W akcj\u0119 zaanga\u017cowanych by\u0142o prawie 18 tys. wolontariuszy z Parafialnych Zespo\u0142\u00f3w Caritas i Szkolnych K\u00f3\u0142 Caritas w ca\u0142ej Polsce, kt\u00f3rzy zbierali \u017cywno\u015b\u0107 w 1784 sklepach, \u017ceby przygotowa\u0107 \u015bwi\u0105teczne paczki dla potrzebuj\u0105cych.<\/p>\n<p>Wolontariusze pracowali w 815 sklepach sieci Biedronka, 70 sklepach sieci Lewiatan, 51 sklepach POLOmarket oraz 29 hipermarketach Carrefour, 70 sklepach Spo\u0142em, 61 sklepach Netto, w 18 sklepach Intermarche. \u017bywno\u015b\u0107 zbierano r\u00f3wnie\u017c w sklepach: ABC, Auchan, Jedynka, Piotr i Pawe\u0142, Real, Stokrotka, Spo\u0142em, Tesco i wielu innych.<\/p>\n<p>W koszach Caritas znalaz\u0142y si\u0119: mleko, m\u0105ka, cukier, makaron, ry\u017c, p\u0142atki kukurydziane, olej, konserwy mi\u0119sne i warzywne, d\u017cemy, majonez, sosy i zupy w proszku, herbata, p\u0142atki \u015bniadaniowe, napoje i s\u0142odycze dla najm\u0142odszych, a tak\u017ce \u015brodki czysto\u015bci.<\/p>\n<p>zbiorka-zywnosciZebrane artyku\u0142y zostan\u0105 przekazane potrzebuj\u0105cym w formie \u015bwi\u0105tecznych paczek oraz jako pomoc dora\u017ana dla plac\u00f3wek Caritas. Okres \u015awi\u0105teczny jest czasem szczeg\u00f3lnej troski o potrzebuj\u0105cych. W ostatnich latach przybywa w naszym kraju rodzin w trudnej sytuacji materialnej, co jest odczuwalne we wszystkich diecezjalnych Caritas, udzielaj\u0105cych pomocy dora\u017anej.<\/p>\n<p>\u2013 Serdeczne dzi\u0119kuj\u0119 wszystkim, kt\u00f3rzy anga\u017cuj\u0105 si\u0119 w przeprowadzane przez Caritas zbi\u00f3rki. Ciesz\u0119 si\u0119, \u017ce podczas sze\u015bciu akcji uda\u0142o si\u0119 zebra\u0107 1375 ton \u017cywno\u015bci, kt\u00f3ra od blisko trzech lat zasila \u015bwi\u0105teczne sto\u0142y ponad 357 tys. naszych beneficjent\u00f3w. To dzi\u0119ki ludziom dobrej woli mo\u017cemy im pomaga\u0107. Szczeg\u00f3lna wdzi\u0119czno\u015b\u0107 nale\u017cy si\u0119 dyrektorom i kierownikom sklep\u00f3w, w kt\u00f3rych uda\u0142o si\u0119 po raz sz\u00f3sty przeprowadzi\u0107 zbi\u00f3rk\u0119 oraz oczywi\u015bcie wolontariuszom \u2013 powiedzia\u0142 dyrektor Caritas Polska ks. Marian Subocz.<\/p>\n","protected":false},"excerpt":{"rendered":"<p>&#46;&#46;&#46;<\/p>\n","protected":false},"author":1,"featured_media":0,"comment_status":"open","ping_status":"open","sticky":false,"template":"","format":"standard","meta":[],"categories":[2],"tags":[],"_links":{"self":[{"href":"http:\/\/caritas.diecezja.wloclawek.pl\/index.php?rest_route=\/wp\/v2\/posts\/588"}],"collection":[{"href":"http:\/\/caritas.diecezja.wloclawek.pl\/index.php?rest_route=\/wp\/v2\/posts"}],"about":[{"href":"http:\/\/caritas.diecezja.wloclawek.pl\/index.php?rest_route=\/wp\/v2\/types\/post"}],"author":[{"embeddable":true,"href":"http:\/\/caritas.diecezja.wloclawek.pl\/index.php?rest_route=\/wp\/v2\/users\/1"}],"replies":[{"embeddable":true,"href":"http:\/\/caritas.diecezja.wloclawek.pl\/index.php?rest_route=%2Fwp%2Fv2%2Fcomments&post=588"}],"version-history":[{"count":1,"href":"http:\/\/caritas.diecezja.wloclawek.pl\/index.php?rest_route=\/wp\/v2\/posts\/588\/revisions"}],"predecessor-version":[{"id":589,"href":"http:\/\/caritas.diecezja.wloclawek.pl\/index.php?rest_route=\/wp\/v2\/posts\/588\/revisions\/589"}],"wp:attachment":[{"href":"http:\/\/caritas.diecezja.wloclawek.pl\/index.php?rest_route=%2Fwp%2Fv2%2Fmedia&parent=588"}],"wp:term":[{"taxonomy":"category","embeddable":true,"href":"http:\/\/caritas.diecezja.wloclawek.pl\/index.php?rest_route=%2Fwp%2Fv2%2Fcategories&post=588"},{"taxonomy":"post_tag","embeddable":true,"href":"http:\/\/caritas.diecezja.wloclawek.pl\/index.php?rest_route=%2Fwp%2Fv2%2Ftags&post=588"}],"curies":[{"name":"wp","href":"https:\/\/api.w.org\/{rel}","templated":true}]}}