{"id":585,"date":"2014-04-26T23:00:17","date_gmt":"2014-04-26T22:00:17","guid":{"rendered":"http:\/\/caritas.diecezja.wloclawek.pl\/?p=585"},"modified":"2017-11-02T23:01:27","modified_gmt":"2017-11-02T22:01:27","slug":"niedziela-milosierdzia-bozego-swieto-caritas","status":"publish","type":"post","link":"http:\/\/caritas.diecezja.wloclawek.pl\/?p=585","title":{"rendered":"Niedziela Mi\u0142osierdzia Bo\u017cego \u2013 \u015bwi\u0119to Caritas"},"content":{"rendered":"<p>Druga Niedziela Wielkanocna rozpoczyna 70. Tydzie\u0144 Mi\u0142osierdzia. Z tej okazji biskupi dzi\u0119kuj\u0105 wiernym za wszystkie dzie\u0142a mi\u0142osierdzia, szczeg\u00f3lnie za\u015b za inicjatywy Caritas, kt\u00f3re jak podkre\u015blaj\u0105, ukazuj\u0105 \u201ejak wiele wra\u017cliwo\u015bci i dobra kryje si\u0119 w sercu cz\u0142owieka \u017cyj\u0105cego na co dzie\u0144 duchem Ewangelii\u201d.<br \/>\n\u015awi\u0119to Mi\u0142osierdzia Bo\u017cego jest tak\u017ce \u015bwi\u0119tem Caritas, kt\u00f3ra przez swoja pos\u0142ug\u0119 upodabnia si\u0119 do uczni\u00f3w Chrystusa.<\/p>\n<p>Druga Niedziela Wielkanocna rozpoczyna 70. Tydzie\u0144 Mi\u0142osierdzia. Z tej okazji biskupi dzi\u0119kuj\u0105 wiernym za wszystkie dzie\u0142a mi\u0142osierdzia, szczeg\u00f3lnie za\u015b za inicjatywy Caritas, kt\u00f3re jak podkre\u015blaj\u0105, ukazuj\u0105 \u201ejak wiele wra\u017cliwo\u015bci i dobra kryje si\u0119 w sercu cz\u0142owieka \u017cyj\u0105cego na co dzie\u0144 duchem Ewangelii\u201d.<br \/>\n\u015awi\u0119to Mi\u0142osierdzia Bo\u017cego jest tak\u017ce \u015bwi\u0119tem Caritas, kt\u00f3ra przez swoja pos\u0142ug\u0119 upodabnia si\u0119 do uczni\u00f3w Chrystusa.<br \/>\n&#8211; \u015awi\u0119to Mi\u0142osierdzia Bo\u017cego, \u015bwi\u0119to Caritas jest wyrazem uwielbienia Pana Boga. A my wszyscy, uczniowie Chrystusa znajdujemy wiele powod\u00f3w do tego, \u017ceby Panu Bogu dzi\u0119kowa\u0107. Dzi\u0119kowa\u0107 mu, \u017ce objawi\u0142 nam swoj\u0105 dobro\u0107, \u017ce uzdalnia nas do tego, aby\u015bmy t\u0119 mi\u0142o\u015b\u0107 nie\u015bli i przekazywali innym. I to jest w\u0142a\u015bnie temat, motyw i spos\u00f3b prze\u017cywania \u015bwi\u0119ta Caritas \u2013 m\u00f3wi ojciec Hubert Matusiewicz \u2013 sekretarz Caritas Polska.<br \/>\nObchody Tygodnia Mi\u0142osierdzia odbywaj\u0105 si\u0119 przede wszystkim w diecezjach. Zazwyczaj przewodniczy im biskup diecezjalny, organizuj\u0105 je Caritas Diecezjalne. Jest to zawsze okazja do radosnego i \u015bwi\u0105tecznego spotkania tych, kt\u00f3rzy na co dzie\u0144 oddaj\u0105 si\u0119 pracy charytatywnej, nios\u0105c pomoc bli\u017anim. Chodzi tu przede wszystkim o wolontariuszy zw\u0142aszcza ze Szkolnych K\u00f3\u0142 Caritas i Parafialnych Zespo\u0142\u00f3w Caritas. To tak\u017ce \u015bwi\u0119to wszystkich, kt\u00f3rzy czuj\u0105 si\u0119 wewn\u0119trznie wezwani do tego, \u017ceby na\u015bladowa\u0107 Chrystusa, jako Dobrego Samarytanina i dla samej Caritas okazja do wyra\u017cenia wdzi\u0119czno\u015bci wszystkim naszym ofiarodawcom.<br \/>\nTydzie\u0144 Mi\u0142osierdzia jest tak\u017ce wezwaniem do refleksji, do rozejrzenia si\u0119 wok\u00f3\u0142 i zauwa\u017cenia wszystkich, kt\u00f3rzy potrzebuj\u0105 pomocy i na ni\u0105 licz\u0105. Jest r\u00f3wnie\u017c zaproszeniem do tego, aby pami\u0119ta\u0107 o tych, kt\u00f3rych na co dzie\u0144 w po\u015bpiechu dnia codziennego nie zauwa\u017camy.<br \/>\nTegoroczny Tydzie\u0144 Mi\u0142osierdzia jest wyj\u0105tkowy ze wzgl\u0119du na kanonizacj\u0119 b\u0142ogos\u0142awionego Jana Paw\u0142a II, kt\u00f3ry dla Caritas sta\u0142 si\u0119 \u017cywym wzorem, zach\u0119t\u0105, or\u0119downikiem i drogowskazem dzia\u0142alno\u015bci charytatywnej.<br \/>\n&#8211; Caritas z rado\u015bci\u0105 przyj\u0119\u0142a decyzj\u0119 Komisji Charytatywnej Konferencji Episkopatu Polski, aby patronem tegorocznego \u015bwi\u0119ta Caritas, wypadaj\u0105cego w dniu kanonizacji Jana Paw\u0142a II, jak te\u017c patronem ca\u0142ego Tygodnia Mi\u0142osierdzia by\u0142 w\u0142a\u015bnie Jan Pawe\u0142 II jako \u015awiadek mi\u0142osierdzia \u2013 dodaje ojciec Hubert Matusiewicz.<br \/>\nW li\u015bcie pasterskim na drug\u0105 Niedziel\u0119 Wielkanocn\u0105, biskupi podkre\u015blaj\u0105, \u017ce Jan Pawe\u0142 II wzywa\u0142 nas wielokrotnie do bycia aposto\u0142ami i \u015bwiadkami Bo\u017cego Mi\u0142osierdzia i dzi\u0119kuj\u0105, za to, \u017ce \u201epoprzez \u015bwiadectwo \u017cycia, s\u0142owo i \u017carliw\u0105 modlitw\u0119, sta\u0142 si\u0119 tak czytelnym znakiem Boga dla \u015bwiata. Jako pasterz Ko\u015bcio\u0142a przewodniczy\u0142 mu przez 27 lat, a na progu trzeciego tysi\u0105clecia zawierzy\u0142 \u015bwiat Bo\u017cemu Mi\u0142osierdziu\u201d<br \/>\nCaritas Polska wsp\u00f3\u0142dzia\u0142a z 44 Caritas diecezjalnymi, powo\u0142anymi przez biskup\u00f3w diecezjalnych jako autonomiczne struktury charytatywne. Wspiera je w wykonywaniu zada\u0144 zwi\u0105zanych z bezpo\u015bredni\u0105 pomoc\u0105 potrzebuj\u0105cym i pe\u0142ni rol\u0119 koordynuj\u0105c\u0105, z zachowaniem zasady pomocniczo\u015bci. Caritas koncentruje swoj\u0105 dzia\u0142alno\u015b\u0107 wok\u00f3\u0142 nast\u0119puj\u0105cych priorytet\u00f3w: wsparcie rodziny, dzieci i m\u0142odzie\u017cy, ochrona \u017cycia, pomoc ubogim, bezdomnym, chorym starszym i niepe\u0142nosprawnym, migrantom i uchod\u017acom oraz poszkodowanym w sytuacjach kryzysowych. Caritas wspomaga potrzebuj\u0105cych poprzez wolontariuszy, kt\u00f3rzy stanowi\u0105 jej potencja\u0142 i si\u0142\u0119 na ca\u0142ym \u015bwiecie. W Polsce s\u0105 oni zrzeszeni w Szkolnych Ko\u0142ach oraz Parafialnych Zespo\u0142ach Caritas. Caritas rozumie swoj\u0105 misj\u0119 nie tyle jako powinno\u015b\u0107, zadanie czy prac\u0119, ale jako charyzmat, s\u0142u\u017cb\u0119 i styl \u017cycia.<\/p>\n<p>&nbsp;<\/p>\n<p><a href=\"http:\/\/caritas.diecezja.wloclawek.pl\/wp-content\/uploads\/2017\/11\/Niedziela-Milosierdzia-2014.jpg\"><img loading=\"lazy\" class=\"aligncenter size-full wp-image-586\" src=\"http:\/\/caritas.diecezja.wloclawek.pl\/wp-content\/uploads\/2017\/11\/Niedziela-Milosierdzia-2014.jpg\" alt=\"\" width=\"240\" height=\"257\" \/><\/a><\/p>\n<p>&nbsp;<\/p>\n","protected":false},"excerpt":{"rendered":"<p>&#46;&#46;&#46;<\/p>\n","protected":false},"author":1,"featured_media":586,"comment_status":"open","ping_status":"open","sticky":false,"template":"","format":"standard","meta":[],"categories":[2],"tags":[],"_links":{"self":[{"href":"http:\/\/caritas.diecezja.wloclawek.pl\/index.php?rest_route=\/wp\/v2\/posts\/585"}],"collection":[{"href":"http:\/\/caritas.diecezja.wloclawek.pl\/index.php?rest_route=\/wp\/v2\/posts"}],"about":[{"href":"http:\/\/caritas.diecezja.wloclawek.pl\/index.php?rest_route=\/wp\/v2\/types\/post"}],"author":[{"embeddable":true,"href":"http:\/\/caritas.diecezja.wloclawek.pl\/index.php?rest_route=\/wp\/v2\/users\/1"}],"replies":[{"embeddable":true,"href":"http:\/\/caritas.diecezja.wloclawek.pl\/index.php?rest_route=%2Fwp%2Fv2%2Fcomments&post=585"}],"version-history":[{"count":1,"href":"http:\/\/caritas.diecezja.wloclawek.pl\/index.php?rest_route=\/wp\/v2\/posts\/585\/revisions"}],"predecessor-version":[{"id":587,"href":"http:\/\/caritas.diecezja.wloclawek.pl\/index.php?rest_route=\/wp\/v2\/posts\/585\/revisions\/587"}],"wp:featuredmedia":[{"embeddable":true,"href":"http:\/\/caritas.diecezja.wloclawek.pl\/index.php?rest_route=\/wp\/v2\/media\/586"}],"wp:attachment":[{"href":"http:\/\/caritas.diecezja.wloclawek.pl\/index.php?rest_route=%2Fwp%2Fv2%2Fmedia&parent=585"}],"wp:term":[{"taxonomy":"category","embeddable":true,"href":"http:\/\/caritas.diecezja.wloclawek.pl\/index.php?rest_route=%2Fwp%2Fv2%2Fcategories&post=585"},{"taxonomy":"post_tag","embeddable":true,"href":"http:\/\/caritas.diecezja.wloclawek.pl\/index.php?rest_route=%2Fwp%2Fv2%2Ftags&post=585"}],"curies":[{"name":"wp","href":"https:\/\/api.w.org\/{rel}","templated":true}]}}