{"id":582,"date":"2014-05-07T22:58:48","date_gmt":"2014-05-07T21:58:48","guid":{"rendered":"http:\/\/caritas.diecezja.wloclawek.pl\/?p=582"},"modified":"2017-11-02T23:00:07","modified_gmt":"2017-11-02T22:00:07","slug":"koscielec-kolski-dzialalnosc-parafialnego-zespolu-caritas","status":"publish","type":"post","link":"http:\/\/caritas.diecezja.wloclawek.pl\/?p=582","title":{"rendered":"Ko\u015bcielec Kolski: Dzia\u0142alno\u015b\u0107 Parafialnego Zespo\u0142u Caritas"},"content":{"rendered":"<p>Parafialny Zesp\u00f3\u0142 Caritas powsta\u0142 w kwietniu 2013 roku, obecnie nale\u017cy do niego 14 os\u00f3b. Jego cz\u0142onkami s\u0105: ksi\u0105dz proboszcz W\u0142adys\u0142aw Waszak, ksi\u0105dz wikariusz \u0141ukasz Matuszak, nauczyciele miejscowych szk\u00f3\u0142 oraz osoby, kt\u00f3re z racji urodzenia si\u0119 w tych okolicach znaj\u0105 \u015brodowisko. Pocz\u0105tki dzia\u0142alno\u015bci by\u0142y trudne.<\/p>\n<p>Nie mieli\u015bmy poj\u0119cia, jak wzi\u0105\u0107 si\u0119 do pracy: od czego zacz\u0105\u0107? Sk\u0105d pozyska\u0107 nazwiska os\u00f3b, kt\u00f3rym nale\u017cy udzieli\u0107 pomocy? Jak\u0105 form\u0119 to wsparcie powinno przybra\u0107? Jak dzia\u0142a\u0107, aby dotrze\u0107 do w\u0142a\u015bciwych os\u00f3b? Jak post\u0119powa\u0107, aby nikogo nie urazi\u0107? Przy\u015bwieca\u0142a jednak nam ch\u0119\u0107 dzia\u0142ania, przykazanie mi\u0142o\u015bci bli\u017aniego, a inspiracj\u0105 s\u0105 s\u0142owa wyg\u0142aszane przez papie\u017ca Franciszka i Jego czyny. W mediach obserwowali\u015bmy dzia\u0142alno\u015b\u0107 innych wolontariat\u00f3w, na kt\u00f3rych staramy si\u0119 wzorowa\u0107.<\/p>\n<p>Najpierw postanowili\u015bmy przygotowa\u0107 akcj\u0119 na rozpocz\u0119cie roku szkolnego, kt\u00f3ra by pomog\u0142a wyposa\u017cy\u0107 uczni\u00f3w w niezb\u0119dne pomoce: zeszyty, d\u0142ugopisy, kredki itp. W ko\u015bciele parafialnym wystawili\u015bmy kosze, w kt\u00f3rych ofiarodawcy je sk\u0142adali. Wyprawk\u0119 szkoln\u0105 przekazali\u015bmy nauczycielom Zespo\u0142u Szk\u00f3\u0142 w Ko\u015bcielcu oraz Szko\u0142y Podstawowej w Trz\u0119\u015bniewie, kt\u00f3rzy rozdzielili j\u0105 uczniom. Uda\u0142o nam si\u0119 zebra\u0107 te\u017c pieni\u0105dze, kt\u00f3re przeznaczone zosta\u0142y na obowi\u0105zkowe ubezpieczenie dzieci z rodzin wielodzietnych. T\u0105 pomoc\u0105 obj\u0119li\u015bmy ok. 38 dzieci i m\u0142odzie\u017cy z miejscowych szk\u00f3\u0142. Trzeba przyzna\u0107, \u017ce odzew parafian na nasz\u0105 akcj\u0119 pozytywnie nas zaskoczy\u0142. Dlatego postanowili\u015bmy prac\u0119 kontynuowa\u0107, a nawet rozszerzy\u0107. Przygotowali\u015bmy wi\u0119c akcje na Bo\u017ce Narodzenie oraz Wielkanoc. W ko\u015bciele parafialnym i kaplicy w Trz\u0119\u015bniewie wystawili\u015bmy kosze na trwa\u0142e produkty spo\u017cywcze (kasze, makarony, konserwy, s\u0142odycze) oraz zabawki dla dzieci. Z dar\u00f3w zebranych przed Bo\u017cym Narodzeniem i Wielkanoc\u0105 przygotowali\u015bmy paczki, kt\u00f3re trafi\u0142y do oko\u0142o 30 potrzebuj\u0105cych rodzin, os\u00f3b samotnych i starszych. Uczniowie miejscowych szk\u00f3\u0142: Zespo\u0142u Szk\u00f3\u0142 Rolniczego Centrum Kszta\u0142cenia Ustawicznego, Zespo\u0142u Szk\u00f3\u0142 i Szko\u0142y Podstawowej w Trz\u0119\u015bniewie wykonali dla nas ozdoby \u015bwi\u0105teczne, kt\u00f3re sprzedawali\u015bmy w ko\u015bciele parafialnym. Ogromn\u0105 pomoc\u0105 by\u0142 koncert kol\u0119d w wykonaniu Zespo\u0142u M\u0142odzie\u017cowego Credo, kt\u00f3rego szefem jest ksi\u0105dz wikariusz \u0141ukasz Matuszak, oraz parafialnej Scholi pod kierunkiem organisty Jerzego Lewandowskiego. Pomys\u0142odawc\u0105, organizatorem, spiritus movens koncertu by\u0142 ksi\u0105dz wikariusz \u0141ukasz Matuszak. Po koncercie zbierali\u015bmy r\u00f3wnie\u017c pieni\u0105dze do puszek Fundusze uzyskane ze sprzeda\u017cy bo\u017conarodzeniowych ozd\u00f3b przekazali\u015bmy na leczenie chorego na bia\u0142aczk\u0119 i walcz\u0105cego o \u017cycie Ma\u0107ka, a z akcji wielkanocnej na operacj\u0119 chorego Paw\u0142a. Ponadto dofinansowali\u015bmy wyjazd na wycieczk\u0119 dla czw\u00f3rki uczni\u00f3w najm\u0142odszych klas.<\/p>\n<p>Cz\u0142onkowie Parafialnego Zespo\u0142u Caritas prowadz\u0105 dokumentacj\u0119, kt\u00f3ra odzwierciedla zbi\u00f3rki \u017cywno\u015bci i pieni\u0119dzy oraz spos\u00f3b ich rozdysponowania. Dokumenty s\u0105 podpisane przez odbiorc\u00f3w pomocy. Zebrania zespo\u0142u s\u0105 protoko\u0142owane. Prowadzona jest lista obecno\u015bci cz\u0142onk\u00f3w na spotkaniach.<\/p>\n<p>Nale\u017cy podkre\u015bli\u0107, \u017ce ogromne znaczenie dla naszego Zespo\u0142u ma wsparcie, wsp\u00f3\u0142praca i zach\u0119ta p\u0142yn\u0105ca od naszego ksi\u0119dza proboszcza W\u0142adys\u0142awa Waszaka. Ksi\u0105dz wikariusz \u0141ukasz Matuszak zawsze dorzuci swoje pomys\u0142y i pomoc. Wa\u017cnym wydarzeniem w \u017cyciu Zespo\u0142u by\u0142o zaproszenie jego przedstawicieli do Kurii Diecezjalnej na spotkanie szkolnych i parafialnych zespo\u0142\u00f3w. Poznali\u015bmy wtedy ramy prawne, w kt\u00f3rych mo\u017cemy dzia\u0142a\u0107 oraz mo\u017cliwo\u015bci wsp\u00f3\u0142pracy z diecezjalnym Caritas. Cenna by\u0142a wymiana do\u015bwiadcze\u0144 mi\u0119dzy wolontariuszami innych zespo\u0142\u00f3w Caritas. Uwa\u017camy, \u017ce takie spotkania powinny by\u0107 powtarzane co jaki\u015b czas.<\/p>\n<p>Obecnie Parafialny Zesp\u00f3\u0142 Caritas przygotowuje konkurs fotograficzno-plastyczny. Jego tematem maj\u0105 by\u0107 znajduj\u0105ce si\u0119 na terenie naszej parafii kapliczki i krzy\u017ce. Uzyskane w ten spos\u00f3b materia\u0142y wykorzystamy w kalendarzu na 2015 rok, kt\u00f3ry zostanie wydrukowany przez zaprzyja\u017aniony zak\u0142ad poligraficzny. Snujemy te\u017c plany rozwoju dzia\u0142alno\u015bci, kt\u00f3re z Bo\u017c\u0105 pomoc\u0105 realnych kszta\u0142t\u00f3w nabior\u0105 w II p\u00f3\u0142roczu bie\u017c\u0105cego roku. W ten spos\u00f3b wprowadzimy w czyny przykazanie mi\u0142o\u015bci i s\u0142owa Ojca \u015awi\u0119tego Franciszka.<\/p>\n<p>Opr. Bogumi\u0142a Sawicka<\/p>\n<p><a href=\"http:\/\/caritas.diecezja.wloclawek.pl\/wp-content\/uploads\/2017\/11\/PZC.jpg\"><img loading=\"lazy\" class=\"aligncenter size-full wp-image-583\" src=\"http:\/\/caritas.diecezja.wloclawek.pl\/wp-content\/uploads\/2017\/11\/PZC.jpg\" alt=\"\" width=\"225\" height=\"225\" srcset=\"http:\/\/caritas.diecezja.wloclawek.pl\/wp-content\/uploads\/2017\/11\/PZC.jpg 225w, http:\/\/caritas.diecezja.wloclawek.pl\/wp-content\/uploads\/2017\/11\/PZC-150x150.jpg 150w, http:\/\/caritas.diecezja.wloclawek.pl\/wp-content\/uploads\/2017\/11\/PZC-160x160.jpg 160w, http:\/\/caritas.diecezja.wloclawek.pl\/wp-content\/uploads\/2017\/11\/PZC-320x320.jpg 320w\" sizes=\"(max-width: 225px) 100vw, 225px\" \/><\/a><\/p>\n","protected":false},"excerpt":{"rendered":"<p>&#46;&#46;&#46;<\/p>\n","protected":false},"author":1,"featured_media":583,"comment_status":"open","ping_status":"open","sticky":false,"template":"","format":"standard","meta":[],"categories":[2],"tags":[],"_links":{"self":[{"href":"http:\/\/caritas.diecezja.wloclawek.pl\/index.php?rest_route=\/wp\/v2\/posts\/582"}],"collection":[{"href":"http:\/\/caritas.diecezja.wloclawek.pl\/index.php?rest_route=\/wp\/v2\/posts"}],"about":[{"href":"http:\/\/caritas.diecezja.wloclawek.pl\/index.php?rest_route=\/wp\/v2\/types\/post"}],"author":[{"embeddable":true,"href":"http:\/\/caritas.diecezja.wloclawek.pl\/index.php?rest_route=\/wp\/v2\/users\/1"}],"replies":[{"embeddable":true,"href":"http:\/\/caritas.diecezja.wloclawek.pl\/index.php?rest_route=%2Fwp%2Fv2%2Fcomments&post=582"}],"version-history":[{"count":1,"href":"http:\/\/caritas.diecezja.wloclawek.pl\/index.php?rest_route=\/wp\/v2\/posts\/582\/revisions"}],"predecessor-version":[{"id":584,"href":"http:\/\/caritas.diecezja.wloclawek.pl\/index.php?rest_route=\/wp\/v2\/posts\/582\/revisions\/584"}],"wp:featuredmedia":[{"embeddable":true,"href":"http:\/\/caritas.diecezja.wloclawek.pl\/index.php?rest_route=\/wp\/v2\/media\/583"}],"wp:attachment":[{"href":"http:\/\/caritas.diecezja.wloclawek.pl\/index.php?rest_route=%2Fwp%2Fv2%2Fmedia&parent=582"}],"wp:term":[{"taxonomy":"category","embeddable":true,"href":"http:\/\/caritas.diecezja.wloclawek.pl\/index.php?rest_route=%2Fwp%2Fv2%2Fcategories&post=582"},{"taxonomy":"post_tag","embeddable":true,"href":"http:\/\/caritas.diecezja.wloclawek.pl\/index.php?rest_route=%2Fwp%2Fv2%2Ftags&post=582"}],"curies":[{"name":"wp","href":"https:\/\/api.w.org\/{rel}","templated":true}]}}