{"id":580,"date":"2014-05-20T22:57:48","date_gmt":"2014-05-20T21:57:48","guid":{"rendered":"http:\/\/caritas.diecezja.wloclawek.pl\/?p=580"},"modified":"2017-11-02T22:58:39","modified_gmt":"2017-11-02T21:58:39","slug":"swietlica-caritas-wloclawskiej-zbiera-pieniadze-na-wakacyjny-wyjazd","status":"publish","type":"post","link":"http:\/\/caritas.diecezja.wloclawek.pl\/?p=580","title":{"rendered":"\u015awietlica Caritas W\u0142oc\u0142awskiej zbiera pieni\u0105dze na wakacyjny wyjazd"},"content":{"rendered":"<p>Wzorem roku ubieg\u0142ego \u015bwietlica \u015brodowiskowa Caritas przygotowuje si\u0119 do zorganizowania swoim podopiecznym kolonii w okresie wakacji. Jest to do\u015b\u0107 du\u017ce i trudne przedsi\u0119wzi\u0119cie, gdy\u017c ca\u0142y koszt wyjazdu i pobytu ponosi plac\u00f3wka. Dzieci, ze wzgl\u0119du na trudn\u0105 sytuacj\u0119 finansow\u0105 ich rodzin, s\u0105 zwolnione z op\u0142at.<br \/>\nW tegoroczne wakacje opiekunki \u015bwietlicy planuj\u0105 umo\u017cliwi\u0107 odpoczynek 30 podopiecznym, dla kt\u00f3rych cz\u0119sto jest to jedyna okazja sp\u0119dzenia wypoczynku letniego poza W\u0142oc\u0142awkiem.<\/p>\n<p>\u015arodki finansowe na ten cel gromadzone s\u0105 przez ca\u0142y rok. G\u0142\u00f3wnym \u017ar\u00f3d\u0142em pozyskiwania pieni\u0119dzy s\u0105 organizowane przez plac\u00f3wk\u0119 kiermasze, podczas kt\u00f3rych dzieci wraz z opiekunami sprzedaj\u0105 swoje r\u0119kodzie\u0142a wykonywane na \u015bwietlicowych zaj\u0119ciach plastycznych. W tym roku uda\u0142o si\u0119 zorganizowa\u0107 kiermasz wielkanocny, kt\u00f3ry odby\u0142 si\u0119 przy parafii \u015bw. Stanis\u0142awa we W\u0142oc\u0142awku. Spotka\u0142 si\u0119 on z du\u017cym zainteresowaniem, dlatego te\u017c dzi\u0119ki \u017cyczliwo\u015bci ksi\u0119dza proboszcza, \u015bwietlica Caritas ponownie otworzy stragan ze swoimi wyrobami przy tamtejszej parafii. B\u0119dzie to mia\u0142o miejsce podczas \u201eParafialnego festynu rodzinnego\u201d, kt\u00f3ry odb\u0119dzie si\u0119 29.06.2014r.<\/p>\n<p>Ponadto przez ca\u0142y rok dzieci zbieraj\u0105 makulatur\u0119 oraz plastikowe butelki, kt\u00f3re nast\u0119pnie s\u0105 sprzedawane, a doch\u00f3d przeznaczony jest w\u0142a\u015bnie na wakacje.<\/p>\n<p>Kolonie dla podopiecznych \u015bwietlicy nie by\u0142yby jednak mo\u017cliwe bez wsparcia i datk\u00f3w przyjaci\u00f3\u0142 \u015bwietlicy oraz \u017cyczliwych os\u00f3b. Du\u017c\u0105 pomoc plac\u00f3wka otrzymuje od ksi\u0119dza Marka Soboci\u0144skiego, dyrektora Caritas Diecezji W\u0142oc\u0142awskiej. Pami\u0119taj\u0105 o nas r\u00f3wnie\u017c klerycy z w\u0142oc\u0142awskiego Wy\u017cszego Seminarium Duchownego, a tak\u017ce anonimowi mieszka\u0144cy W\u0142oc\u0142awka pragn\u0105cy wesprze\u0107 ten szczytny cel.<\/p>\n<p>Wakacje zbli\u017caj\u0105 si\u0119 szybkimi krokami i czasu na zdobycie finans\u00f3w na kolonie jest coraz mniej. Dlatego zach\u0119camy do pomocy w zbi\u00f3rce \u015brodk\u00f3w dla naszych ma\u0142ych w\u0142oc\u0142awian. Ka\u017cdy kto mia\u0142by ch\u0119\u0107 do\u0142\u0105czy\u0107 si\u0119 do akcji mo\u017ce z\u0142o\u017cy\u0107 datek w \u015bwietlicy \u015brodowiskowej Caritas, mieszcz\u0105cej si\u0119 na ul. Gda\u0144skiej 6, w dni powszednie w godzinach 12-17.<\/p>\n<p>&nbsp;<\/p>\n<p>Agnieszka Magos<\/p>\n","protected":false},"excerpt":{"rendered":"<p>&#46;&#46;&#46;<\/p>\n","protected":false},"author":1,"featured_media":0,"comment_status":"open","ping_status":"open","sticky":false,"template":"","format":"standard","meta":[],"categories":[2],"tags":[],"_links":{"self":[{"href":"http:\/\/caritas.diecezja.wloclawek.pl\/index.php?rest_route=\/wp\/v2\/posts\/580"}],"collection":[{"href":"http:\/\/caritas.diecezja.wloclawek.pl\/index.php?rest_route=\/wp\/v2\/posts"}],"about":[{"href":"http:\/\/caritas.diecezja.wloclawek.pl\/index.php?rest_route=\/wp\/v2\/types\/post"}],"author":[{"embeddable":true,"href":"http:\/\/caritas.diecezja.wloclawek.pl\/index.php?rest_route=\/wp\/v2\/users\/1"}],"replies":[{"embeddable":true,"href":"http:\/\/caritas.diecezja.wloclawek.pl\/index.php?rest_route=%2Fwp%2Fv2%2Fcomments&post=580"}],"version-history":[{"count":1,"href":"http:\/\/caritas.diecezja.wloclawek.pl\/index.php?rest_route=\/wp\/v2\/posts\/580\/revisions"}],"predecessor-version":[{"id":581,"href":"http:\/\/caritas.diecezja.wloclawek.pl\/index.php?rest_route=\/wp\/v2\/posts\/580\/revisions\/581"}],"wp:attachment":[{"href":"http:\/\/caritas.diecezja.wloclawek.pl\/index.php?rest_route=%2Fwp%2Fv2%2Fmedia&parent=580"}],"wp:term":[{"taxonomy":"category","embeddable":true,"href":"http:\/\/caritas.diecezja.wloclawek.pl\/index.php?rest_route=%2Fwp%2Fv2%2Fcategories&post=580"},{"taxonomy":"post_tag","embeddable":true,"href":"http:\/\/caritas.diecezja.wloclawek.pl\/index.php?rest_route=%2Fwp%2Fv2%2Ftags&post=580"}],"curies":[{"name":"wp","href":"https:\/\/api.w.org\/{rel}","templated":true}]}}