{"id":574,"date":"2014-05-23T22:55:39","date_gmt":"2014-05-23T21:55:39","guid":{"rendered":"http:\/\/caritas.diecezja.wloclawek.pl\/?p=574"},"modified":"2017-11-02T22:57:37","modified_gmt":"2017-11-02T21:57:37","slug":"caritas-z-pomoca-powodzianom-na-balkanach","status":"publish","type":"post","link":"http:\/\/caritas.diecezja.wloclawek.pl\/?p=574","title":{"rendered":"Caritas z pomoc\u0105 powodzianom na Ba\u0142kanach"},"content":{"rendered":"<p>Z pomoc\u0105 poszkodowanym w powodziach na Ba\u0142kanach przychodzi Caritas. Organizacja \u2013 dzi\u0119ki jednocze\u015bnie lokalnej i mi\u0119dzynarodowej strukturze \u2013 jest w stanie szybko komunikowa\u0107 potrzeby i organizowa\u0107 pomoc humanitarn\u0105. Z odpowiedzi\u0105 na apel serbskiej i bo\u015bniackiej Caritas przysz\u0142y Caritas kraj\u00f3w europejskich przekazuj\u0105c natychmiastow\u0105 pomoc w wysoko\u015bci ok. 140 tys. euro. Na podstawie raport\u00f3w Caritas ba\u0142ka\u0144skich przygotowywane s\u0105 kolejne projekty pomocy dora\u017anej oraz d\u0142ugofalowej.<\/p>\n<p>Z pomoc\u0105 poszkodowanym w powodziach na Ba\u0142kanach przychodzi Caritas. Organizacja \u2013 dzi\u0119ki jednocze\u015bnie lokalnej i mi\u0119dzynarodowej strukturze \u2013 jest w stanie szybko komunikowa\u0107 potrzeby i organizowa\u0107 pomoc humanitarn\u0105. Z odpowiedzi\u0105 na apel serbskiej i bo\u015bniackiej Caritas przysz\u0142y Caritas kraj\u00f3w europejskich przekazuj\u0105c natychmiastow\u0105 pomoc w wysoko\u015bci ok. 140 tys. euro. Na podstawie raport\u00f3w Caritas ba\u0142ka\u0144skich przygotowywane s\u0105 kolejne projekty pomocy dora\u017anej oraz d\u0142ugofalowej.<\/p>\n<p>Jednocze\u015bnie trwa akcja pomocy powodzianom. Dijana Muzicka z bo\u015bniackiej Caritas informuje: \u201eMamy ponad 2 tysi\u0105ce wolontariuszy, kt\u00f3rzy pomagaj\u0105 oczyszcza\u0107 domy, \u0142aduj\u0105 dary na ci\u0119\u017car\u00f3wki, wsp\u00f3\u0142pracuj\u0105 z naszym personelem. Nasze ma\u0142e biuro przyj\u0119\u0142o a\u017c 20 wolontariuszy, kt\u00f3rzy przez ca\u0142y dzie\u0144 pomagaj\u0105 nam w koordynacji dzia\u0142a\u0144 Caritas diecezjalnych i parafialnych. Dysponujemy wieloma magazynami, do kt\u00f3rych przesy\u0142ane s\u0105 ogromne ilo\u015bci artyku\u0142\u00f3w. Wolontariusze z Caritas parafialnych pomagaj\u0105 nam dostarcza\u0107 pomoc do poszkodowanych os\u00f3b\u201d.<\/p>\n<p>Raporty z Caritas Serbia i Caritas Bo\u015bnia i Hercegowina szacuj\u0105 liczb\u0119 poszkodowanych na ponad 1mln 500 tys. os\u00f3b. Z powodu wysokich temperatur ro\u015bnie zagro\u017cenie epidemiologiczne. Gro\u017ane s\u0105 tak\u017ce wyst\u0119puj\u0105ce masowo osuwiska ziemi.<\/p>\n<p>Caritas Polska przekaza\u0142a ju\u017c na rzecz powodzian 20 tysi\u0119cy euro. R\u00f3wnocze\u015bnie podczas trwaj\u0105cej od trzech dni akcji zebrano blisko 60 tysi\u0119cy z\u0142. Powodzian mo\u017cna wspom\u00f3c wysy\u0142aj\u0105c SMS z has\u0142em FALA pod numer 72052 oraz przekazuj\u0105c \u015brodki na konto Caritas PL 77 1160 2202 0000 0000 3436 4384 z dopiskiem \u201ePOW\u00d3D\u0179 NA BA\u0141KANACH&#8221;.<\/p>\n\n\t\t<style type=\"text\/css\">\n\t\t\t#gallery-1 {\n\t\t\t\tmargin: auto;\n\t\t\t}\n\t\t\t#gallery-1 .gallery-item {\n\t\t\t\tfloat: left;\n\t\t\t\tmargin-top: 10px;\n\t\t\t\ttext-align: center;\n\t\t\t\twidth: 50%;\n\t\t\t}\n\t\t\t#gallery-1 img {\n\t\t\t\tborder: 2px solid #cfcfcf;\n\t\t\t}\n\t\t\t#gallery-1 .gallery-caption {\n\t\t\t\tmargin-left: 0;\n\t\t\t}\n\t\t\t\/* see gallery_shortcode() in wp-includes\/media.php *\/\n\t\t<\/style>\n\t\t<div id='gallery-1' class='gallery galleryid-574 gallery-columns-2 gallery-size-thumbnail'><dl class='gallery-item'>\n\t\t\t<dt class='gallery-icon landscape'>\n\t\t\t\t<a href='http:\/\/caritas.diecezja.wloclawek.pl\/?attachment_id=575'><img width=\"150\" height=\"150\" src=\"http:\/\/caritas.diecezja.wloclawek.pl\/wp-content\/uploads\/2017\/11\/balkany1-150x150.jpg\" class=\"attachment-thumbnail size-thumbnail\" alt=\"\" loading=\"lazy\" srcset=\"http:\/\/caritas.diecezja.wloclawek.pl\/wp-content\/uploads\/2017\/11\/balkany1-150x150.jpg 150w, http:\/\/caritas.diecezja.wloclawek.pl\/wp-content\/uploads\/2017\/11\/balkany1-160x160.jpg 160w, http:\/\/caritas.diecezja.wloclawek.pl\/wp-content\/uploads\/2017\/11\/balkany1-320x320.jpg 320w\" sizes=\"(max-width: 150px) 100vw, 150px\" \/><\/a>\n\t\t\t<\/dt><\/dl><dl class='gallery-item'>\n\t\t\t<dt class='gallery-icon landscape'>\n\t\t\t\t<a href='http:\/\/caritas.diecezja.wloclawek.pl\/?attachment_id=576'><img width=\"150\" height=\"150\" src=\"http:\/\/caritas.diecezja.wloclawek.pl\/wp-content\/uploads\/2017\/11\/balkany2-150x150.jpg\" class=\"attachment-thumbnail size-thumbnail\" alt=\"\" loading=\"lazy\" srcset=\"http:\/\/caritas.diecezja.wloclawek.pl\/wp-content\/uploads\/2017\/11\/balkany2-150x150.jpg 150w, http:\/\/caritas.diecezja.wloclawek.pl\/wp-content\/uploads\/2017\/11\/balkany2-160x160.jpg 160w, http:\/\/caritas.diecezja.wloclawek.pl\/wp-content\/uploads\/2017\/11\/balkany2-320x320.jpg 320w\" sizes=\"(max-width: 150px) 100vw, 150px\" \/><\/a>\n\t\t\t<\/dt><\/dl><br style=\"clear: both\" \/><dl class='gallery-item'>\n\t\t\t<dt class='gallery-icon landscape'>\n\t\t\t\t<a href='http:\/\/caritas.diecezja.wloclawek.pl\/?attachment_id=577'><img width=\"150\" height=\"150\" src=\"http:\/\/caritas.diecezja.wloclawek.pl\/wp-content\/uploads\/2017\/11\/balkany3-150x150.jpg\" class=\"attachment-thumbnail size-thumbnail\" alt=\"\" loading=\"lazy\" srcset=\"http:\/\/caritas.diecezja.wloclawek.pl\/wp-content\/uploads\/2017\/11\/balkany3-150x150.jpg 150w, http:\/\/caritas.diecezja.wloclawek.pl\/wp-content\/uploads\/2017\/11\/balkany3-160x160.jpg 160w, http:\/\/caritas.diecezja.wloclawek.pl\/wp-content\/uploads\/2017\/11\/balkany3-320x320.jpg 320w\" sizes=\"(max-width: 150px) 100vw, 150px\" \/><\/a>\n\t\t\t<\/dt><\/dl><dl class='gallery-item'>\n\t\t\t<dt class='gallery-icon landscape'>\n\t\t\t\t<a href='http:\/\/caritas.diecezja.wloclawek.pl\/?attachment_id=578'><img width=\"150\" height=\"150\" src=\"http:\/\/caritas.diecezja.wloclawek.pl\/wp-content\/uploads\/2017\/11\/balkany4-150x150.jpg\" class=\"attachment-thumbnail size-thumbnail\" alt=\"\" loading=\"lazy\" srcset=\"http:\/\/caritas.diecezja.wloclawek.pl\/wp-content\/uploads\/2017\/11\/balkany4-150x150.jpg 150w, http:\/\/caritas.diecezja.wloclawek.pl\/wp-content\/uploads\/2017\/11\/balkany4-160x160.jpg 160w, http:\/\/caritas.diecezja.wloclawek.pl\/wp-content\/uploads\/2017\/11\/balkany4-320x320.jpg 320w\" sizes=\"(max-width: 150px) 100vw, 150px\" \/><\/a>\n\t\t\t<\/dt><\/dl><br style=\"clear: both\" \/>\n\t\t<\/div>\n\n","protected":false},"excerpt":{"rendered":"<p>&#46;&#46;&#46;<\/p>\n","protected":false},"author":1,"featured_media":577,"comment_status":"open","ping_status":"open","sticky":false,"template":"","format":"standard","meta":[],"categories":[2],"tags":[],"_links":{"self":[{"href":"http:\/\/caritas.diecezja.wloclawek.pl\/index.php?rest_route=\/wp\/v2\/posts\/574"}],"collection":[{"href":"http:\/\/caritas.diecezja.wloclawek.pl\/index.php?rest_route=\/wp\/v2\/posts"}],"about":[{"href":"http:\/\/caritas.diecezja.wloclawek.pl\/index.php?rest_route=\/wp\/v2\/types\/post"}],"author":[{"embeddable":true,"href":"http:\/\/caritas.diecezja.wloclawek.pl\/index.php?rest_route=\/wp\/v2\/users\/1"}],"replies":[{"embeddable":true,"href":"http:\/\/caritas.diecezja.wloclawek.pl\/index.php?rest_route=%2Fwp%2Fv2%2Fcomments&post=574"}],"version-history":[{"count":1,"href":"http:\/\/caritas.diecezja.wloclawek.pl\/index.php?rest_route=\/wp\/v2\/posts\/574\/revisions"}],"predecessor-version":[{"id":579,"href":"http:\/\/caritas.diecezja.wloclawek.pl\/index.php?rest_route=\/wp\/v2\/posts\/574\/revisions\/579"}],"wp:featuredmedia":[{"embeddable":true,"href":"http:\/\/caritas.diecezja.wloclawek.pl\/index.php?rest_route=\/wp\/v2\/media\/577"}],"wp:attachment":[{"href":"http:\/\/caritas.diecezja.wloclawek.pl\/index.php?rest_route=%2Fwp%2Fv2%2Fmedia&parent=574"}],"wp:term":[{"taxonomy":"category","embeddable":true,"href":"http:\/\/caritas.diecezja.wloclawek.pl\/index.php?rest_route=%2Fwp%2Fv2%2Fcategories&post=574"},{"taxonomy":"post_tag","embeddable":true,"href":"http:\/\/caritas.diecezja.wloclawek.pl\/index.php?rest_route=%2Fwp%2Fv2%2Ftags&post=574"}],"curies":[{"name":"wp","href":"https:\/\/api.w.org\/{rel}","templated":true}]}}