{"id":567,"date":"2014-05-30T22:50:02","date_gmt":"2014-05-30T21:50:02","guid":{"rendered":"http:\/\/caritas.diecezja.wloclawek.pl\/?p=567"},"modified":"2017-11-02T22:55:28","modified_gmt":"2017-11-02T21:55:28","slug":"caritas-dzieciom","status":"publish","type":"post","link":"http:\/\/caritas.diecezja.wloclawek.pl\/?p=567","title":{"rendered":"Caritas Dzieciom"},"content":{"rendered":"<p>W Polsce mieszka oko\u0142o 6 milion\u00f3w dzieci, jednak nie wszystkie maj\u0105 zapewnione odpowiednie warunki rozwoju zdrowia fizycznego i psychicznego. Niejednokrotnie ze wzgl\u0119du na trudn\u0105 sytuacj\u0119 materialn\u0105 b\u0105d\u017a moraln\u0105 rodziny, nie mog\u0105 w pe\u0142ni cieszy\u0107 si\u0119 dzieci\u0144stwem. Od lat Caritas w Polsce wychodzi naprzeciw problemom, by przywr\u00f3ci\u0107 dzieciom normalne, szcz\u0119\u015bliwe \u017cycie.<br \/>\n&#8211; Najwi\u0119kszym bogactwem ka\u017cdego spo\u0142ecze\u0144stwa s\u0105 dzieci i m\u0142odzie\u017c. To jest przysz\u0142o\u015b\u0107 i si\u0142a narodu, dlatego trzeba si\u0119 troszczy\u0107 o ich rozw\u00f3j i przede wszystkim troszczy\u0107 si\u0119 o rodziny, w kt\u00f3rych dzieci przychodz\u0105 na \u015bwiat. Mo\u017cna powiedzie\u0107, \u017ce rodziny bogac\u0105 w ten spos\u00f3b pa\u0144stwo i ca\u0142e spo\u0142ecze\u0144stwo.<\/p>\n<p>\u2013 podkre\u015bla ks. Marian Subocz, dyrektor Caritas Polska.<\/p>\n<p>W\u015br\u00f3d dzia\u0142a\u0144 na rzecz dzieci, prowadzonych przez Caritas s\u0105 m.in. :<\/p>\n<p>Og\u00f3lnopolski Festyn Rodzinny \u201eB\u0105d\u017amy razem\u201d organizowany w 26 diecezjalnych Caritas z okazji Dnia Dziecka mi\u0119dzy 24.05 a 08.06. Jego celem jest zwr\u00f3cenie uwagi na warto\u015bci, kt\u00f3re niesie rodzina. To r\u00f3wnie\u017c czas pe\u0142en atrakcji dla najm\u0142odszych. Dzieci wraz z rodzicami uczestnicz\u0105 w wielu rekreacjach i konkurencjach sportowych. Poza wyst\u0119pami muzycznymi i teatralnymi w programie piknik\u00f3w znajduj\u0105 si\u0119 tre\u015bci propaguj\u0105ce bezpiecze\u0144stwo, pokazy dzia\u0142a\u0144 stra\u017cy po\u017carnej i policji. Ponadto w tym roku dzieci otrzymaj\u0105 100 tysi\u0119cy paczek z upominkami, przygotowanych przez sie\u0107 sklep\u00f3w Biedronka. Caritas Gda\u0144ska ofiarowuje w tym roku rodzinom wielodzietnym 80 wysokiej jako\u015bci pralek.<\/p>\n<p>Wigilijne Dzie\u0142o Pomocy Dzieciom, najwa\u017cniejsza kampania spo\u0142eczna polegaj\u0105ca na rozprowadzaniu \u015bwiec, kt\u00f3re w Wigili\u0119 Bo\u017cego Narodzenia zapalane s\u0105 na polskich sto\u0142ach na znak solidarno\u015bci z najbardziej potrzebuj\u0105cymi w Polsce i na \u015bwiecie. W 2013 roku podczas 20. edycji WDPD sprzedano 3 miliony \u015bwiec na terenie ca\u0142ej Polski. Pozyskane \u015brodki przeznaczane s\u0105 na ca\u0142oroczne do\u017cywianie tysi\u0119cy dzieci w szko\u0142ach i \u015bwietlicach, na pomoc edukacyjn\u0105 oraz letni wypoczynek.<\/p>\n<p>Wakacyjna Akcja Caritas jest jedn\u0105 z najwi\u0119kszych inicjatyw prowadzonych w okresie letnim. W zesz\u0142ym roku wzi\u0119\u0142o w niej udzia\u0142 blisko 30 tys. dzieci. Podopieczni Caritas z ubogich rodzin wyje\u017cd\u017caj\u0105 na dwutygodniowe turnusy nad morzem, na Mazurach, w g\u00f3rach oraz w innych atrakcyjnych turystycznie miejscach. Korzystaj\u0105 w\u00f3wczas ze 52 nale\u017c\u0105cych do Caritas i 97 wynaj\u0119tych o\u015brodk\u00f3w na terenie ca\u0142ego kraju. W akcji bior\u0105 r\u00f3wnie\u017c udzia\u0142 dzieci z Ukrainy.<\/p>\n<p>Tornister Pe\u0142en U\u015bmiech\u00f3w to kampania maj\u0105ca na celu zwi\u0119kszenie szans edukacyjnych poprzez zebranie funduszy na zakup i wyposa\u017cenie kilkudziesi\u0119ciu tysi\u0119cy wyprawek szkolnych dla najubo\u017cszych dzieci i m\u0142odzie\u017cy w Polsce. Tylko w zesz\u0142ym roku Caritas uda\u0142o si\u0119 rozda\u0107 blisko 50 000 tys. wyposa\u017conych wyprawek szkolnych.<\/p>\n<p>Skrzyd\u0142a s\u0105 programem d\u0142ugoterminowej pomocy skierowanej do uczni\u00f3w szk\u00f3\u0142 podstawowych, gimnazj\u00f3w i lice\u00f3w, kt\u00f3rzy z powodu z\u0142ej sytuacji materialnej w rodzinie wymagaj\u0105 pomocy w formie do\u017cywiania w szkole, zakupu wyprawek z artyku\u0142ami szkolnymi, dofinansowania do wycieczek szkolnych. Program polega na obj\u0119ciu opiek\u0105 finansow\u0105 dziecka przez firmy i osoby prywatne przez okres przynajmniej jednego semestru szkolnego. W 2013 roku dzieci obj\u0119te programem uczy\u0142y si\u0119 w 1500 szko\u0142ach na terenie ca\u0142ego kraju.<\/p>\n<p>Do\u017cywianie z Carrefour to III edycja programu, dzi\u0119ki kt\u00f3remu 1260 dzieci w 42 \u015bwietlicach Caritas przez ca\u0142y rok szkolny 2013\/2014 otrzymuje przecz pi\u0119\u0107 dni w tygodniu ciep\u0142y posi\u0142ek. Jest to wsp\u00f3lna Inicjatywa Caritas, Carrefour oraz Fundacji Carrefour. Warto\u015b\u0107 udzielonej pomocy w 2013\/2014 to 1,2 mln z\u0142. W poprzednich edycjach programu wydano ponad 400 tys. posi\u0142k\u00f3w, a wsparcie finansowe wynios\u0142o 2 mln 250 tys. z\u0142otych.<\/p>\n<p>&#8211; Troska o dzieci jest pierwszym zadaniem nas doros\u0142ych. Dziecku powinno si\u0119 okazywa\u0107 najwi\u0119ksz\u0105 mi\u0142o\u015b\u0107 i \u017cyczliwo\u015b\u0107. Ta troska przynosi owoce zar\u00f3wno te intelektualne, materialne i duchowe. \u2013 dodaje ks. Marian Subocz.<\/p>\n<p>&nbsp;<\/p>\n<p>&nbsp;<\/p>\n<p><a href=\"http:\/\/caritas.diecezja.wloclawek.pl\/wp-content\/uploads\/2017\/11\/caritas_dzieciom1.jpg\"><img loading=\"lazy\" class=\"aligncenter  wp-image-568\" src=\"http:\/\/caritas.diecezja.wloclawek.pl\/wp-content\/uploads\/2017\/11\/caritas_dzieciom1-300x225.jpg\" alt=\"\" width=\"433\" height=\"325\" srcset=\"http:\/\/caritas.diecezja.wloclawek.pl\/wp-content\/uploads\/2017\/11\/caritas_dzieciom1-300x225.jpg 300w, http:\/\/caritas.diecezja.wloclawek.pl\/wp-content\/uploads\/2017\/11\/caritas_dzieciom1.jpg 640w\" sizes=\"(max-width: 433px) 100vw, 433px\" \/><\/a><\/p>\n<p>&nbsp;<\/p>\n<p><a href=\"http:\/\/caritas.diecezja.wloclawek.pl\/wp-content\/uploads\/2017\/11\/caritas_dzieciom2.jpg\"><img loading=\"lazy\" class=\"aligncenter  wp-image-569\" src=\"http:\/\/caritas.diecezja.wloclawek.pl\/wp-content\/uploads\/2017\/11\/caritas_dzieciom2-300x200.jpg\" alt=\"\" width=\"432\" height=\"288\" srcset=\"http:\/\/caritas.diecezja.wloclawek.pl\/wp-content\/uploads\/2017\/11\/caritas_dzieciom2-300x200.jpg 300w, http:\/\/caritas.diecezja.wloclawek.pl\/wp-content\/uploads\/2017\/11\/caritas_dzieciom2.jpg 640w\" sizes=\"(max-width: 432px) 100vw, 432px\" \/><\/a><\/p>\n<p>&nbsp;<\/p>\n<p><a href=\"http:\/\/caritas.diecezja.wloclawek.pl\/wp-content\/uploads\/2017\/11\/caritas_dzieciom3.jpg\"><img loading=\"lazy\" class=\"aligncenter  wp-image-570\" src=\"http:\/\/caritas.diecezja.wloclawek.pl\/wp-content\/uploads\/2017\/11\/caritas_dzieciom3-300x200.jpg\" alt=\"\" width=\"436\" height=\"290\" srcset=\"http:\/\/caritas.diecezja.wloclawek.pl\/wp-content\/uploads\/2017\/11\/caritas_dzieciom3-300x200.jpg 300w, http:\/\/caritas.diecezja.wloclawek.pl\/wp-content\/uploads\/2017\/11\/caritas_dzieciom3.jpg 640w\" sizes=\"(max-width: 436px) 100vw, 436px\" \/><\/a><\/p>\n<p>&nbsp;<\/p>\n<p><a href=\"http:\/\/caritas.diecezja.wloclawek.pl\/wp-content\/uploads\/2017\/11\/caritas_dzieciom4.jpg\"><img loading=\"lazy\" class=\"aligncenter  wp-image-571\" src=\"http:\/\/caritas.diecezja.wloclawek.pl\/wp-content\/uploads\/2017\/11\/caritas_dzieciom4-300x200.jpg\" alt=\"\" width=\"433\" height=\"288\" srcset=\"http:\/\/caritas.diecezja.wloclawek.pl\/wp-content\/uploads\/2017\/11\/caritas_dzieciom4-300x200.jpg 300w, http:\/\/caritas.diecezja.wloclawek.pl\/wp-content\/uploads\/2017\/11\/caritas_dzieciom4.jpg 640w\" sizes=\"(max-width: 433px) 100vw, 433px\" \/><\/a><\/p>\n<p>&nbsp;<\/p>\n","protected":false},"excerpt":{"rendered":"<p>&#46;&#46;&#46;<\/p>\n","protected":false},"author":1,"featured_media":568,"comment_status":"open","ping_status":"open","sticky":false,"template":"","format":"standard","meta":[],"categories":[2],"tags":[],"_links":{"self":[{"href":"http:\/\/caritas.diecezja.wloclawek.pl\/index.php?rest_route=\/wp\/v2\/posts\/567"}],"collection":[{"href":"http:\/\/caritas.diecezja.wloclawek.pl\/index.php?rest_route=\/wp\/v2\/posts"}],"about":[{"href":"http:\/\/caritas.diecezja.wloclawek.pl\/index.php?rest_route=\/wp\/v2\/types\/post"}],"author":[{"embeddable":true,"href":"http:\/\/caritas.diecezja.wloclawek.pl\/index.php?rest_route=\/wp\/v2\/users\/1"}],"replies":[{"embeddable":true,"href":"http:\/\/caritas.diecezja.wloclawek.pl\/index.php?rest_route=%2Fwp%2Fv2%2Fcomments&post=567"}],"version-history":[{"count":2,"href":"http:\/\/caritas.diecezja.wloclawek.pl\/index.php?rest_route=\/wp\/v2\/posts\/567\/revisions"}],"predecessor-version":[{"id":573,"href":"http:\/\/caritas.diecezja.wloclawek.pl\/index.php?rest_route=\/wp\/v2\/posts\/567\/revisions\/573"}],"wp:featuredmedia":[{"embeddable":true,"href":"http:\/\/caritas.diecezja.wloclawek.pl\/index.php?rest_route=\/wp\/v2\/media\/568"}],"wp:attachment":[{"href":"http:\/\/caritas.diecezja.wloclawek.pl\/index.php?rest_route=%2Fwp%2Fv2%2Fmedia&parent=567"}],"wp:term":[{"taxonomy":"category","embeddable":true,"href":"http:\/\/caritas.diecezja.wloclawek.pl\/index.php?rest_route=%2Fwp%2Fv2%2Fcategories&post=567"},{"taxonomy":"post_tag","embeddable":true,"href":"http:\/\/caritas.diecezja.wloclawek.pl\/index.php?rest_route=%2Fwp%2Fv2%2Ftags&post=567"}],"curies":[{"name":"wp","href":"https:\/\/api.w.org\/{rel}","templated":true}]}}