{"id":555,"date":"2014-06-04T22:47:23","date_gmt":"2014-06-04T21:47:23","guid":{"rendered":"http:\/\/caritas.diecezja.wloclawek.pl\/?p=555"},"modified":"2017-11-02T22:49:51","modified_gmt":"2017-11-02T21:49:51","slug":"szkolne-kolo-caritas-w-izbicy-kujawskiej-na-pomoc-blizniemu","status":"publish","type":"post","link":"http:\/\/caritas.diecezja.wloclawek.pl\/?p=555","title":{"rendered":"Szkolne Ko\u0142o Caritas w Izbicy Kujawskiej na pomoc bli\u017aniemu"},"content":{"rendered":"<p>\u201eCz\u0142owiek jest wielki nie przez to, co posiada, lecz przez to, kim jest; nie przez to, co ma, lecz przez to, czym dzieli si\u0119 z innymi\u201d (Jan Pawe\u0142 II)<\/p>\n<p>Szkolne Ko\u0142o jest organizacj\u0105 uczniowsk\u0105 powsta\u0142\u0105 na terenie Zespo\u0142u Szk\u00f3\u0142 im. Jana Kasprowicza w Izbicy Kujawskiej w pa\u017adzierniku ubieg\u0142ego roku. Funkcjonuje ono dzi\u0119ki Ks. Mariuszowi Ponikierskiemu, a nale\u017cy do niego m\u0142odzie\u017c, g\u0142\u00f3wnie licealna. Nasza dzia\u0142alno\u015b\u0107 jest bardzo r\u00f3\u017cnorodna, zawsze jednak zwi\u0105zana z niesieniem pomocy tym, kt\u00f3rzy jej potrzebuj\u0105. Ka\u017cde z podejmowanych dzia\u0142a\u0144 niesie nowe do\u015bwiadczenia oraz uczy nas wra\u017cliwo\u015bci i otwarcia na drugiego cz\u0142owieka.<\/p>\n<p>Do\u015bwiadczenia cz\u0142onk\u00f3w ko\u0142a, kt\u00f3re dzia\u0142a dopiero od roku, s\u0105 ju\u017c spore. Przede wszystkim nawi\u0105zali\u015bmy wsp\u00f3\u0142prac\u0119 z istniej\u0105cym na terenie naszej parafii Domem Pomocy Spo\u0142ecznej, a tak\u017ce z Domem Samotnej Matki w Ciechocinku. M\u0142odzie\u017c ch\u0119tnie w ramach wolontariatu pe\u0142ni swoj\u0105 pos\u0142ug\u0119 w DPS. Przygotowywali\u015bmy dla podopiecznych Miko\u0142ajki, Jase\u0142ka, przedstawienie \u201eJa\u015b i Ma\u0142gosia\u201d, odwiedzili\u015bmy ich z okazji Dnia Chorego. Zawsze spotykali\u015bmy si\u0119 z \u017cyczliwo\u015bci\u0105 pracownik\u00f3w i rado\u015bci\u0105 chorych.<br \/>\nW ramach pomocy samotnym matkom zbierali\u015bmy ubranka dla dzieci, \u017cywno\u015b\u0107 i inne potrzebne rzeczy. Przynajmniej raz w tygodniu cz\u0142onkowie Ko\u0142a Caritas sprzedaj\u0105 na terenie szko\u0142y ciasto, a doch\u00f3d ze sprzeda\u017cy jest przeznaczony tak\u017ce na Dom Samotnej Matki. W maju tego roku mogli\u015bmy odwiedzi\u0107 mieszkanki tego domu i przekaza\u0107 im osobi\u015bcie nasze dary.<br \/>\nWsp\u00f3\u0142praca z Domem Pomocy Spo\u0142ecznej w Izbicy Kujawskiej oraz Domem Samotnej Matki w Ciechocinku pomog\u0142a nam zrozumie\u0107 osoby chore, niepe\u0142nosprawne, wszystkich tych, kt\u00f3rzy potrzebuj\u0105 pomocy drugiego cz\u0142owieka. Pomaganie innym daje nam wiele satysfakcji i rado\u015bci z tego, co czynimy. Podczas naszego wolontariatu do\u015bwiadczyli\u015bmy wielu wspania\u0142ych i niezapomnianych prze\u017cy\u0107. Ka\u017cda udana akcja dodaje nam skrzyde\u0142, podnosi nas na duchu. S\u0105 r\u00f3wnie\u017c takie akcje, kt\u00f3re maj\u0105 mniejsze powodzenie i nie wychodz\u0105 tak jak by\u015bmy chcieli, ale nie zra\u017camy si\u0119 tym i pr\u00f3bujemy dalej osi\u0105gn\u0105\u0107 cel przez siebie postawiony.<br \/>\nZa najbardziej udan\u0105 akcj\u0119 charytatywn\u0105 mo\u017cemy uzna\u0107 zbi\u00f3rk\u0119 pieni\u0119dzy na bardzo chorego ch\u0142opczyka Igora Poplewskiego. U\u015bwiadomi\u0142a nam ta zbi\u00f3rka, \u017ce s\u0105 ludzie, kt\u00f3rzy tak\u017ce chc\u0105 pomaga\u0107 innym. Byli\u015bmy bardzo dumni z osi\u0105gni\u0119tego przez nas celu.<br \/>\nLubimy to, co robimy i tylko to si\u0119 dla nas liczy. Niejednokrotnie mo\u017cemy us\u0142ysze\u0107, \u017ce m\u0142odzie\u017c nic nie potrafi zrobi\u0107 bezinteresownie, ale to nieprawda, wystarczy przyjrze\u0107 si\u0119 nam i zobaczy\u0107 jacy naprawd\u0119 jeste\u015bmy. Mamy ogromna ch\u0119\u0107 podejmowania dalszych wysi\u0142k\u00f3w i podejmowania wsp\u00f3\u0142pracy z tymi, kt\u00f3rzy tego oczekuj\u0105. Cieszymy si\u0119, \u017ce mogli\u015bmy do tej pory tak wiele prze\u017cy\u0107. Liczymy r\u00f3wnie\u017c na \u017cyczliwo\u015b\u0107 i wsparcie ze strony Tych, kt\u00f3rzy rozumiej\u0105 nasze akcje i pragn\u0105 nam w pewien spos\u00f3b pom\u00f3c.<\/p>\n<p>Oliwia Pastucha &#8211; Przewodnicz\u0105ca Szkolnego Ko\u0142a Caritas<br \/>\nwraz z opiekunem ks. Mariuszem Ponikierskim<\/p>\n\n\t\t<style type=\"text\/css\">\n\t\t\t#gallery-1 {\n\t\t\t\tmargin: auto;\n\t\t\t}\n\t\t\t#gallery-1 .gallery-item {\n\t\t\t\tfloat: left;\n\t\t\t\tmargin-top: 10px;\n\t\t\t\ttext-align: center;\n\t\t\t\twidth: 20%;\n\t\t\t}\n\t\t\t#gallery-1 img {\n\t\t\t\tborder: 2px solid #cfcfcf;\n\t\t\t}\n\t\t\t#gallery-1 .gallery-caption {\n\t\t\t\tmargin-left: 0;\n\t\t\t}\n\t\t\t\/* see gallery_shortcode() in wp-includes\/media.php *\/\n\t\t<\/style>\n\t\t<div id='gallery-1' class='gallery galleryid-555 gallery-columns-5 gallery-size-thumbnail'><dl class='gallery-item'>\n\t\t\t<dt class='gallery-icon portrait'>\n\t\t\t\t<a href='http:\/\/caritas.diecezja.wloclawek.pl\/?attachment_id=556'><img width=\"150\" height=\"150\" src=\"http:\/\/caritas.diecezja.wloclawek.pl\/wp-content\/uploads\/2017\/11\/kolo1-150x150.jpg\" class=\"attachment-thumbnail size-thumbnail\" alt=\"\" loading=\"lazy\" srcset=\"http:\/\/caritas.diecezja.wloclawek.pl\/wp-content\/uploads\/2017\/11\/kolo1-150x150.jpg 150w, http:\/\/caritas.diecezja.wloclawek.pl\/wp-content\/uploads\/2017\/11\/kolo1-160x160.jpg 160w, http:\/\/caritas.diecezja.wloclawek.pl\/wp-content\/uploads\/2017\/11\/kolo1-320x320.jpg 320w\" sizes=\"(max-width: 150px) 100vw, 150px\" \/><\/a>\n\t\t\t<\/dt><\/dl><dl class='gallery-item'>\n\t\t\t<dt class='gallery-icon portrait'>\n\t\t\t\t<a href='http:\/\/caritas.diecezja.wloclawek.pl\/?attachment_id=565'><img width=\"150\" height=\"150\" src=\"http:\/\/caritas.diecezja.wloclawek.pl\/wp-content\/uploads\/2017\/11\/kolo10-150x150.jpg\" class=\"attachment-thumbnail size-thumbnail\" alt=\"\" loading=\"lazy\" srcset=\"http:\/\/caritas.diecezja.wloclawek.pl\/wp-content\/uploads\/2017\/11\/kolo10-150x150.jpg 150w, http:\/\/caritas.diecezja.wloclawek.pl\/wp-content\/uploads\/2017\/11\/kolo10-160x160.jpg 160w, http:\/\/caritas.diecezja.wloclawek.pl\/wp-content\/uploads\/2017\/11\/kolo10-320x320.jpg 320w\" sizes=\"(max-width: 150px) 100vw, 150px\" \/><\/a>\n\t\t\t<\/dt><\/dl><dl class='gallery-item'>\n\t\t\t<dt class='gallery-icon portrait'>\n\t\t\t\t<a href='http:\/\/caritas.diecezja.wloclawek.pl\/?attachment_id=564'><img width=\"150\" height=\"150\" src=\"http:\/\/caritas.diecezja.wloclawek.pl\/wp-content\/uploads\/2017\/11\/kolo9-150x150.jpg\" class=\"attachment-thumbnail size-thumbnail\" alt=\"\" loading=\"lazy\" srcset=\"http:\/\/caritas.diecezja.wloclawek.pl\/wp-content\/uploads\/2017\/11\/kolo9-150x150.jpg 150w, http:\/\/caritas.diecezja.wloclawek.pl\/wp-content\/uploads\/2017\/11\/kolo9-160x160.jpg 160w, http:\/\/caritas.diecezja.wloclawek.pl\/wp-content\/uploads\/2017\/11\/kolo9-320x320.jpg 320w\" sizes=\"(max-width: 150px) 100vw, 150px\" \/><\/a>\n\t\t\t<\/dt><\/dl><dl class='gallery-item'>\n\t\t\t<dt class='gallery-icon landscape'>\n\t\t\t\t<a href='http:\/\/caritas.diecezja.wloclawek.pl\/?attachment_id=563'><img width=\"150\" height=\"150\" src=\"http:\/\/caritas.diecezja.wloclawek.pl\/wp-content\/uploads\/2017\/11\/kolo8-150x150.jpg\" class=\"attachment-thumbnail size-thumbnail\" alt=\"\" loading=\"lazy\" srcset=\"http:\/\/caritas.diecezja.wloclawek.pl\/wp-content\/uploads\/2017\/11\/kolo8-150x150.jpg 150w, http:\/\/caritas.diecezja.wloclawek.pl\/wp-content\/uploads\/2017\/11\/kolo8-160x160.jpg 160w, http:\/\/caritas.diecezja.wloclawek.pl\/wp-content\/uploads\/2017\/11\/kolo8-320x320.jpg 320w\" sizes=\"(max-width: 150px) 100vw, 150px\" \/><\/a>\n\t\t\t<\/dt><\/dl><dl class='gallery-item'>\n\t\t\t<dt class='gallery-icon landscape'>\n\t\t\t\t<a href='http:\/\/caritas.diecezja.wloclawek.pl\/?attachment_id=562'><img width=\"150\" height=\"150\" src=\"http:\/\/caritas.diecezja.wloclawek.pl\/wp-content\/uploads\/2017\/11\/kolo7-150x150.jpg\" class=\"attachment-thumbnail size-thumbnail\" alt=\"\" loading=\"lazy\" srcset=\"http:\/\/caritas.diecezja.wloclawek.pl\/wp-content\/uploads\/2017\/11\/kolo7-150x150.jpg 150w, http:\/\/caritas.diecezja.wloclawek.pl\/wp-content\/uploads\/2017\/11\/kolo7-160x160.jpg 160w, http:\/\/caritas.diecezja.wloclawek.pl\/wp-content\/uploads\/2017\/11\/kolo7-320x320.jpg 320w\" sizes=\"(max-width: 150px) 100vw, 150px\" \/><\/a>\n\t\t\t<\/dt><\/dl><br style=\"clear: both\" \/><dl class='gallery-item'>\n\t\t\t<dt class='gallery-icon landscape'>\n\t\t\t\t<a href='http:\/\/caritas.diecezja.wloclawek.pl\/?attachment_id=561'><img width=\"150\" height=\"150\" src=\"http:\/\/caritas.diecezja.wloclawek.pl\/wp-content\/uploads\/2017\/11\/kolo6-150x150.jpg\" class=\"attachment-thumbnail size-thumbnail\" alt=\"\" loading=\"lazy\" srcset=\"http:\/\/caritas.diecezja.wloclawek.pl\/wp-content\/uploads\/2017\/11\/kolo6-150x150.jpg 150w, http:\/\/caritas.diecezja.wloclawek.pl\/wp-content\/uploads\/2017\/11\/kolo6-160x160.jpg 160w, http:\/\/caritas.diecezja.wloclawek.pl\/wp-content\/uploads\/2017\/11\/kolo6-320x320.jpg 320w\" sizes=\"(max-width: 150px) 100vw, 150px\" \/><\/a>\n\t\t\t<\/dt><\/dl><dl class='gallery-item'>\n\t\t\t<dt class='gallery-icon portrait'>\n\t\t\t\t<a href='http:\/\/caritas.diecezja.wloclawek.pl\/?attachment_id=557'><img width=\"150\" height=\"150\" src=\"http:\/\/caritas.diecezja.wloclawek.pl\/wp-content\/uploads\/2017\/11\/kolo2-150x150.jpg\" class=\"attachment-thumbnail size-thumbnail\" alt=\"\" loading=\"lazy\" srcset=\"http:\/\/caritas.diecezja.wloclawek.pl\/wp-content\/uploads\/2017\/11\/kolo2-150x150.jpg 150w, http:\/\/caritas.diecezja.wloclawek.pl\/wp-content\/uploads\/2017\/11\/kolo2-160x160.jpg 160w, http:\/\/caritas.diecezja.wloclawek.pl\/wp-content\/uploads\/2017\/11\/kolo2-320x320.jpg 320w\" sizes=\"(max-width: 150px) 100vw, 150px\" \/><\/a>\n\t\t\t<\/dt><\/dl><dl class='gallery-item'>\n\t\t\t<dt class='gallery-icon landscape'>\n\t\t\t\t<a href='http:\/\/caritas.diecezja.wloclawek.pl\/?attachment_id=558'><img width=\"150\" height=\"150\" src=\"http:\/\/caritas.diecezja.wloclawek.pl\/wp-content\/uploads\/2017\/11\/kolo3-150x150.jpg\" class=\"attachment-thumbnail size-thumbnail\" alt=\"\" loading=\"lazy\" srcset=\"http:\/\/caritas.diecezja.wloclawek.pl\/wp-content\/uploads\/2017\/11\/kolo3-150x150.jpg 150w, http:\/\/caritas.diecezja.wloclawek.pl\/wp-content\/uploads\/2017\/11\/kolo3-160x160.jpg 160w, http:\/\/caritas.diecezja.wloclawek.pl\/wp-content\/uploads\/2017\/11\/kolo3-320x320.jpg 320w\" sizes=\"(max-width: 150px) 100vw, 150px\" \/><\/a>\n\t\t\t<\/dt><\/dl><dl class='gallery-item'>\n\t\t\t<dt class='gallery-icon landscape'>\n\t\t\t\t<a href='http:\/\/caritas.diecezja.wloclawek.pl\/?attachment_id=559'><img width=\"150\" height=\"150\" src=\"http:\/\/caritas.diecezja.wloclawek.pl\/wp-content\/uploads\/2017\/11\/kolo4-150x150.jpg\" class=\"attachment-thumbnail size-thumbnail\" alt=\"\" loading=\"lazy\" srcset=\"http:\/\/caritas.diecezja.wloclawek.pl\/wp-content\/uploads\/2017\/11\/kolo4-150x150.jpg 150w, http:\/\/caritas.diecezja.wloclawek.pl\/wp-content\/uploads\/2017\/11\/kolo4-160x160.jpg 160w, http:\/\/caritas.diecezja.wloclawek.pl\/wp-content\/uploads\/2017\/11\/kolo4-320x320.jpg 320w\" sizes=\"(max-width: 150px) 100vw, 150px\" \/><\/a>\n\t\t\t<\/dt><\/dl><dl class='gallery-item'>\n\t\t\t<dt class='gallery-icon portrait'>\n\t\t\t\t<a href='http:\/\/caritas.diecezja.wloclawek.pl\/?attachment_id=560'><img width=\"150\" height=\"150\" src=\"http:\/\/caritas.diecezja.wloclawek.pl\/wp-content\/uploads\/2017\/11\/kolo5-150x150.jpg\" class=\"attachment-thumbnail size-thumbnail\" alt=\"\" loading=\"lazy\" srcset=\"http:\/\/caritas.diecezja.wloclawek.pl\/wp-content\/uploads\/2017\/11\/kolo5-150x150.jpg 150w, http:\/\/caritas.diecezja.wloclawek.pl\/wp-content\/uploads\/2017\/11\/kolo5-160x160.jpg 160w, http:\/\/caritas.diecezja.wloclawek.pl\/wp-content\/uploads\/2017\/11\/kolo5-320x320.jpg 320w\" sizes=\"(max-width: 150px) 100vw, 150px\" \/><\/a>\n\t\t\t<\/dt><\/dl><br style=\"clear: both\" \/>\n\t\t<\/div>\n\n","protected":false},"excerpt":{"rendered":"<p>&#46;&#46;&#46;<\/p>\n","protected":false},"author":1,"featured_media":564,"comment_status":"open","ping_status":"open","sticky":false,"template":"","format":"standard","meta":[],"categories":[2],"tags":[],"_links":{"self":[{"href":"http:\/\/caritas.diecezja.wloclawek.pl\/index.php?rest_route=\/wp\/v2\/posts\/555"}],"collection":[{"href":"http:\/\/caritas.diecezja.wloclawek.pl\/index.php?rest_route=\/wp\/v2\/posts"}],"about":[{"href":"http:\/\/caritas.diecezja.wloclawek.pl\/index.php?rest_route=\/wp\/v2\/types\/post"}],"author":[{"embeddable":true,"href":"http:\/\/caritas.diecezja.wloclawek.pl\/index.php?rest_route=\/wp\/v2\/users\/1"}],"replies":[{"embeddable":true,"href":"http:\/\/caritas.diecezja.wloclawek.pl\/index.php?rest_route=%2Fwp%2Fv2%2Fcomments&post=555"}],"version-history":[{"count":1,"href":"http:\/\/caritas.diecezja.wloclawek.pl\/index.php?rest_route=\/wp\/v2\/posts\/555\/revisions"}],"predecessor-version":[{"id":566,"href":"http:\/\/caritas.diecezja.wloclawek.pl\/index.php?rest_route=\/wp\/v2\/posts\/555\/revisions\/566"}],"wp:featuredmedia":[{"embeddable":true,"href":"http:\/\/caritas.diecezja.wloclawek.pl\/index.php?rest_route=\/wp\/v2\/media\/564"}],"wp:attachment":[{"href":"http:\/\/caritas.diecezja.wloclawek.pl\/index.php?rest_route=%2Fwp%2Fv2%2Fmedia&parent=555"}],"wp:term":[{"taxonomy":"category","embeddable":true,"href":"http:\/\/caritas.diecezja.wloclawek.pl\/index.php?rest_route=%2Fwp%2Fv2%2Fcategories&post=555"},{"taxonomy":"post_tag","embeddable":true,"href":"http:\/\/caritas.diecezja.wloclawek.pl\/index.php?rest_route=%2Fwp%2Fv2%2Ftags&post=555"}],"curies":[{"name":"wp","href":"https:\/\/api.w.org\/{rel}","templated":true}]}}