{"id":552,"date":"2014-06-06T22:45:42","date_gmt":"2014-06-06T21:45:42","guid":{"rendered":"http:\/\/caritas.diecezja.wloclawek.pl\/?p=552"},"modified":"2017-11-02T22:47:13","modified_gmt":"2017-11-02T21:47:13","slug":"v-parafialny-dzien-dziecka-w-par-sw-pawla-ap-w-zdunskiej-woli","status":"publish","type":"post","link":"http:\/\/caritas.diecezja.wloclawek.pl\/?p=552","title":{"rendered":"V Parafialny Dzie\u0144 Dziecka w par. \u015bw. Paw\u0142a Ap. w Zdu\u0144skiej Woli"},"content":{"rendered":"<p>W tym roku w dniu 1 czerwca 2014 roku w parafii \u015bw. Paw\u0142a Ap. mia\u0142 miejsce V Parafialny Dzie\u0144 Dziecka, kt\u00f3ry zgromadzi\u0142 oko\u0142o p\u00f3\u0142tora tysi\u0105ca os\u00f3b. Patronat honorowy nad tym \u015bwi\u0119tem oraz wsparcia finansowego organizacji dnia udzieli\u0142 ks. bp Wies\u0142aw Alojzy Mering Ordynariusz Diecezji W\u0142oc\u0142awskiej. Has\u0142em tegorocznego Parafialnego Dnia Dziecka by\u0142y s\u0142owa Pana Jezusa \u201ePozw\u00f3lcie dzieciom przychodzi\u0107 do mnie\u201d (\u0141k 18,16).<\/p>\n<p>Jak co roku spotkanie rozpocz\u0119\u0142o si\u0119 od spotkania z Chrystusem obecnym w S\u0142owie i Eucharystii podczas uroczystej Mszy \u015awi\u0119tej odprawianej w murach nowobudowanej \u015bwi\u0105tyni. Podczas tej Ofiary Nowego Testamentu wierni modlili si\u0119 w intencji dzieci i ich rodzin oraz o b\u0142ogos\u0142awie\u0144stwo Bo\u017ce dla wsp\u00f3lnoty. Mszy \u015awi\u0119tej przewodniczy\u0142 Ks. dr pra\u0142. Dariusz Kali\u0144ski \u2013 dziekan dekanatu zdu\u0144skowolskiego, proboszcz parafii pw. Wniebowzi\u0119cia NMP. Kaznodzieja zwr\u00f3ci\u0142 uwag\u0119, i\u017c uroczysto\u015b\u0107 Wniebowst\u0105pienia jest wyra\u017anym znakiem, i\u017c celem naszego \u017cycia jest niebo. Po zmartwychwstaniu \u201ePan w\u015br\u00f3d rado\u015bci wst\u0119puje do nieba\u201d(PS 47). Jego \u201ewniebowst\u0105pienie dope\u0142ni\u0142o wszystko. Pan nasz wst\u0105pi\u0142 do Ojca, ale i pozosta\u0142 z nami. Jest w konkretny spos\u00f3b w\u015br\u00f3d nas obecny przez Eucharysti\u0119, pod zas\u0142on\u0105 chleba i wina\u201d. Cz\u0142owiek wierz\u0105cy nie potrzebuje cud\u00f3w w swoim \u017cyciu, ale sam Pan Jezus dopuszcza obecno\u015b\u0107 takich znak\u00f3w w jego \u017cyciu. Ks. dziekan przypomnia\u0142 jeden z cud\u00f3w eucharystycznych &#8211; w Sok\u00f3\u0142ce na Podlasiu, kt\u00f3ry jest darem potwierdzaj\u0105cym, i\u017c Pan Jezus jest prawdziwie obecny w Eucharystii. Kaznodzieja ukaza\u0142 zebranym w swym s\u0142owie, i\u017c \u201epodobnie obecny jest w\u015br\u00f3d nas Duch \u015awi\u0119ty, kt\u00f3ry namaszczaj\u0105c cz\u0142owieka przenika nasz serce, dusz\u0119, sprawiaj\u0105c \u017ce mo\u017cemy otwiera\u0107 si\u0119 na Pana Boga. To Duch \u015awi\u0119ty pomaga nam zrozumie\u0107 Kim jest Pan B\u00f3g. Dla wszystkich niezb\u0119dne jest natchnienie Ducha \u015awi\u0119tego, jego m\u0105dro\u015bci.\u201d Dlatego tak bardzo potrzebujemy kolejnego etapu obecno\u015bci Boga Tr\u00f3jjedynego &#8211; Zes\u0142ania Ducha \u015awi\u0119tego. Z Nim zjednoczeni oczekiwa\u0107 b\u0119dziemy na paruzj\u0119 \u2013 powt\u00f3rne przyj\u015bcie Pana Jezusa na ko\u0144cu \u015bwiata. Do tego spotkania jak m\u00f3wi\u0142 kaznodzieja, musimy by\u0107 dobrze przygotowani \u2013 przenikni\u0119ci Duchem \u015awi\u0119tym\u201d. Dlatego powinni\u015bmy \u201enieustannie prosi\u0107 Go o m\u0105dro\u015b\u0107 w poznawaniu Pana Boga i wszystkich tajemnic \u017cycia\u201d \u2013 m\u00f3wi\u0142 ks. dziekan, kt\u00f3ry z\u0142o\u017cy\u0142 tak\u017ce gratulacje ks. Andrzejowi Jaworskiemu z racji inicjatywy zwi\u0105zanej z organizacj\u0105 Parafialnego Dnia Dziecka, oraz \u017cyczy\u0142 b\u0142ogos\u0142awie\u0144stwa Bo\u017cego, rado\u015bci, entuzjazmu wszystkim zebranym.<\/p>\n<p>Po wsp\u00f3lnej modlitwie nast\u0105pi\u0142a cz\u0119\u015b\u0107 zabawowo-rekreacyjna. Teren parafii w tym i nowobudowanej \u015bwi\u0105tyni, sta\u0142 si\u0119 miejscem budowania wsp\u00f3lnoty poprzez zabaw\u0119, wype\u0142nion\u0105 radosnymi dzie\u0107mi. Dla dzieci i ich rodzin przygotowanych by\u0142o wiele atrakcji. Oblegane by\u0142y stanowiska z lodami, wat\u0105 cukrow\u0105, dmuchane zamki, karuzele, trampoliny, rodeo, paintball, malowanie twarzy, zabawa fantowa. Dzieci bra\u0142y udzia\u0142 w wielu konkursach organizowanych przez w\u0142a\u015bcicieli zabytkowych motocykli, sekcje plastyczno-techniczn\u0105 (tworzyli flagi papieskie, malowali wizerunki \u015bw. Jana Paw\u0142a II itp), a tak\u017ce \u0142owili dla siebie maskotki. Du\u017cym zainteresowaniem cieszy\u0142 si\u0119 w tym roku konkurs fantowy, a tak\u017ce mo\u017cliwo\u015b\u0107 finansowego wsparcia Parafialnego Zespo\u0142u Caritas poprzez dofinansowanie obiad\u00f3w dla dzieci w szko\u0142ach z terenu naszej parafii. Wspieraj\u0105cy materialnie dodatkowo otrzymywali kupony spo\u015br\u00f3d kt\u00f3rych wybrane wygrywa\u0142y talony na us\u0142ugi w lokalnych firmach tj. salony fryzjerskie, myjnie samochodowe itp. Zgodnie ju\u017c z tradycj\u0105 w czasie i tegorocznego Parafialnego Dnia Dziecka rozegrany zosta\u0142 na boisku Orlik -Turniej Ministrancki w pi\u0142k\u0119 no\u017cn\u0105. Na scenie w tym czasie mo\u017cna by\u0142o zdobywa\u0107 s\u0142odkie nagrody w zamian za rozwi\u0105zanie zagadek i bior\u0105c udzia\u0142 w konkursach prowadzonych przez kolorowych klaun\u00f3w, kt\u00f3rzy mieli swoje metody, aby jeszcze bardziej uatrakcyjni\u0107 wsp\u00f3ln\u0105 zabaw\u0119. Uczestnicy tego \u015bwi\u0119ta mogli posili\u0107 si\u0119 przysmakami z grilla, s\u0142odkimi wypiekami i napojami, a tak\u017ce staropolskim chlebem ze smalcem og\u00f3rkiem. Czas sp\u0119dzony na \u015bwie\u017cym powietrzu sprzyja\u0142 lepszej integracji w rodzinach i rodzin we wsp\u00f3lnocie. Tegorocznym festynem koordynowa\u0142 proboszcz Ks. Andrzej Jaworski. W zorganizowanie i przeprowadzenie festynu w\u0142\u0105czy\u0142 zar\u00f3wno m\u0142odzie\u017c jak i doros\u0142ych. Widok dzieci, ich rodzin szcz\u0119\u015bliwie sp\u0119dzaj\u0105cych czas na \u015bwie\u017cym powietrzu pom\u00f3g\u0142 uczestnikom lepiej si\u0119 pozna\u0107, zintegrowa\u0107 ze wsp\u00f3lnot\u0105, a dla organizatora by\u0142 \u017ar\u00f3d\u0142em satysfakcji z tak dobrych owoc\u00f3w akcji. Dzi\u0119ki ich zaanga\u017cowaniu impreza zako\u0144czy\u0142a si\u0119 wielkim sukcesem.<br \/>\nPanu Bogu naszemu niech b\u0119d\u0105 wielkie dzi\u0119ki za wszelkie \u0142aski i do\u015bwiadczenia otrzymane tego dnia.<\/p>\n<p>Anna Cie\u015blak<\/p>\n<p>&nbsp;<\/p>\n<p><a href=\"http:\/\/caritas.diecezja.wloclawek.pl\/wp-content\/uploads\/2017\/11\/zdz.jpg\"><img loading=\"lazy\" class=\"aligncenter  wp-image-553\" src=\"http:\/\/caritas.diecezja.wloclawek.pl\/wp-content\/uploads\/2017\/11\/zdz-300x200.jpg\" alt=\"\" width=\"360\" height=\"240\" srcset=\"http:\/\/caritas.diecezja.wloclawek.pl\/wp-content\/uploads\/2017\/11\/zdz-300x200.jpg 300w, http:\/\/caritas.diecezja.wloclawek.pl\/wp-content\/uploads\/2017\/11\/zdz.jpg 640w\" sizes=\"(max-width: 360px) 100vw, 360px\" \/><\/a><\/p>\n","protected":false},"excerpt":{"rendered":"<p>&#46;&#46;&#46;<\/p>\n","protected":false},"author":1,"featured_media":553,"comment_status":"open","ping_status":"open","sticky":false,"template":"","format":"standard","meta":[],"categories":[2],"tags":[],"_links":{"self":[{"href":"http:\/\/caritas.diecezja.wloclawek.pl\/index.php?rest_route=\/wp\/v2\/posts\/552"}],"collection":[{"href":"http:\/\/caritas.diecezja.wloclawek.pl\/index.php?rest_route=\/wp\/v2\/posts"}],"about":[{"href":"http:\/\/caritas.diecezja.wloclawek.pl\/index.php?rest_route=\/wp\/v2\/types\/post"}],"author":[{"embeddable":true,"href":"http:\/\/caritas.diecezja.wloclawek.pl\/index.php?rest_route=\/wp\/v2\/users\/1"}],"replies":[{"embeddable":true,"href":"http:\/\/caritas.diecezja.wloclawek.pl\/index.php?rest_route=%2Fwp%2Fv2%2Fcomments&post=552"}],"version-history":[{"count":1,"href":"http:\/\/caritas.diecezja.wloclawek.pl\/index.php?rest_route=\/wp\/v2\/posts\/552\/revisions"}],"predecessor-version":[{"id":554,"href":"http:\/\/caritas.diecezja.wloclawek.pl\/index.php?rest_route=\/wp\/v2\/posts\/552\/revisions\/554"}],"wp:featuredmedia":[{"embeddable":true,"href":"http:\/\/caritas.diecezja.wloclawek.pl\/index.php?rest_route=\/wp\/v2\/media\/553"}],"wp:attachment":[{"href":"http:\/\/caritas.diecezja.wloclawek.pl\/index.php?rest_route=%2Fwp%2Fv2%2Fmedia&parent=552"}],"wp:term":[{"taxonomy":"category","embeddable":true,"href":"http:\/\/caritas.diecezja.wloclawek.pl\/index.php?rest_route=%2Fwp%2Fv2%2Fcategories&post=552"},{"taxonomy":"post_tag","embeddable":true,"href":"http:\/\/caritas.diecezja.wloclawek.pl\/index.php?rest_route=%2Fwp%2Fv2%2Ftags&post=552"}],"curies":[{"name":"wp","href":"https:\/\/api.w.org\/{rel}","templated":true}]}}