{"id":549,"date":"2014-06-07T22:43:58","date_gmt":"2014-06-07T21:43:58","guid":{"rendered":"http:\/\/caritas.diecezja.wloclawek.pl\/?p=549"},"modified":"2017-11-02T22:45:34","modified_gmt":"2017-11-02T21:45:34","slug":"caritas-i-kosciol-w-polsce-w-odpowiedzi-na-dramat-mieszkancow-krajow-balkanskich","status":"publish","type":"post","link":"http:\/\/caritas.diecezja.wloclawek.pl\/?p=549","title":{"rendered":"Caritas i Ko\u015bci\u00f3\u0142 w Polsce w odpowiedzi na dramat mieszka\u0144c\u00f3w kraj\u00f3w ba\u0142ka\u0144skich"},"content":{"rendered":"<p>Decyzj\u0105 Konferencji Episkopatu Polski niedziela 8 czerwca b\u0119dzie dniem og\u00f3lnopolskiej modlitwy w intencji os\u00f3b pokrzywdzonych podczas powodzi na Ba\u0142kanach. B\u0119dzie to tak\u017ce dzie\u0144 og\u00f3lnopolskiej zbi\u00f3rki finansowej na rzecz poszkodowanych. Zebrane \u015brodki zostan\u0105 przekazane na pomoc powodzianom na Ba\u0142kanach. Do tej pory Caritas Polska przeznaczy\u0142a pomoc w wysoko\u015bci 50 000 EURO.<\/p>\n<p>Sytuacja na Ba\u0142kanach jest wci\u0105\u017c bardzo trudna. Wprawdzie woda stopniowo ust\u0119puje, ale zniszczone zosta\u0142y budynki, pola uprawne oraz infrastruktura drogowa i przemys\u0142owa.<\/p>\n<p>&#8211; Niekt\u00f3re miasta Serbii zosta\u0142y zalane niemal w ca\u0142o\u015bci. Woda osi\u0105gn\u0119\u0142a tam wysoko\u015b\u0107 ponad 5 metr\u00f3w, co oznacza, \u017ce zupe\u0142nie zanurzy\u0142a domy. Teraz kilka tygodni p\u00f3\u017aniej, sytuacja na tym obszarze wygl\u0105da znacznie lepiej. Woda ju\u017c nie stanowi zagro\u017cenia, ale s\u0105 setki zniszczonych dom\u00f3w, nie tyle z zewn\u0105trz, ile w \u015brodku. Ca\u0142e wyposa\u017cenie uleg\u0142o zniszczeniu, meble, \u015bciany s\u0105 ca\u0142kowicie mokre. Potrzeba tygodni, a nawet miesi\u0119cy, \u017ceby to wysuszy\u0107, by ludzie mogli wr\u00f3ci\u0107 do swoich dom\u00f3w \u2013 m\u00f3wi Darko Tot z Caritas Serbia.<\/p>\n<p>Caritas Polska do tej pory przeznaczy\u0142a na pomoc powodzianom na Ba\u0142kanach 50 000 EURO. \u015arodki trafi\u0105 do Caritas Serbii oraz do Caritas Bo\u015bni i Hercegowiny.<\/p>\n<p>&#8211; Kraje ba\u0142ka\u0144skie nie poradz\u0105 sobie same, poniewa\u017c ponios\u0142y ogromne straty. Sami pami\u0119tamy pow\u00f3d\u017a w Polsce w 2010 roku. Wtedy tak\u017ce potrzebowali\u015bmy pomocy i j\u0105 otrzymali\u015bmy. Dlatego teraz nie mo\u017cemy pozosta\u0107 oboj\u0119tni na ich g\u0142os wo\u0142ania o pomoc \u2013 powiedzia\u0142 ks. Marian Subocz &#8211; Dyrektor Caritas Polska.<\/p>\n<p>O pomoc dla kraj\u00f3w ba\u0142ka\u0144skich dotkni\u0119tych powodzi\u0105 zaapelowa\u0142 tak\u017ce Papie\u017c Franciszek, kt\u00f3ry wezwa\u0142 wiernych do pomocy poszkodowanym na Ba\u0142kanach. \u201cZach\u0119cam was do przy\u0142\u0105czenia si\u0119 do mojej modlitwy za ofiary i za wszystkie osoby dotkni\u0119te tym kataklizmem. (\u2026) Niech naszym braciom nie zabraknie naszej solidarno\u015bci i konkretnego<br \/>\nwsparcia ze strony wsp\u00f3lnoty mi\u0119dzynarodowej\u201d.<br \/>\n&#8211; To wr\u0119cz niewyobra\u017calna tragedia, jaka dotkn\u0119\u0142a kraje ba\u0142ka\u0144skie. St\u0105d te\u017c pro\u015bba przewodnicz\u0105cego Konferencji Episkopatu Polski, by przekaza\u0107 swoj\u0105 ofiar\u0119, do puszek Caritas. Pom\u00f3\u017cmy ludziom na Ba\u0142kanach, kt\u00f3rzy w niejednym wypadku stracili wszystko. Pami\u0119tajmy o nich, otw\u00f3rzmy nasze serca i wrzu\u0107my ten wdowi grosz, kt\u00f3ry czasem najbardziej pomo\u017ce powodzianom na Ba\u0142kanach \u2013 powiedzia\u0142 ks. J\u00f3zef Kloch \u2013 Rzecznik Konferencji Episkopatu Polski<br \/>\nPowodzian mo\u017cna tak\u017ce wesprze\u0107 wysy\u0142aj\u0105c SMS z has\u0142em FALA pod numer 72052 &#8211; koszt 2,46 z\u0142 z vat oraz poprzez wp\u0142aty na konto Caritas PL 77 1160 2202 0000 0000 3436 4384 z dopiskiem \u201ePOW\u00d3D\u0179 NA BA\u0141KANACH&#8221;.<\/p>\n<p>W po\u0142owie maja, w Europ\u0119 Po\u0142udniowo-Wschodni\u0105 uderzy\u0142 z ogromn\u0105 fal\u0105 opad\u00f3w deszczu cyklon Tamara. Tak intensywnych opad\u00f3w nie odnotowano na tym obszarze od 120 lat. W niekt\u00f3rych miejscach na metr kwadratowy spad\u0142o a\u017c 250 litr\u00f3w wody.<br \/>\nWiele miejscowo\u015bci zosta\u0142o ewakuowanych. Niekt\u00f3re ca\u0142kowicie znikn\u0119\u0142y z powierzchni ziemi, przykryte przez masowe osuwiska ziemi. Problemem s\u0105 tak\u017ce miny, wyp\u0142ukiwane przez wod\u0119, pozosta\u0142o\u015bci po wojnie w dawnej Jugos\u0142awii.<\/p>\n<p>Caritas Ba\u0142ka\u0144skie na bie\u017c\u0105co przygotowuj\u0105 raporty o stratach, informuj\u0105c o dora\u017anych dzia\u0142aniach oraz potrzebach, do kt\u00f3rych nale\u017c\u0105: woda, \u015brodki higieniczne, ubrania, koce oraz \u0142odzie i pompy do wypompowywania wody.<\/p>\n<p>&nbsp;<\/p>\n<p><a href=\"http:\/\/caritas.diecezja.wloclawek.pl\/wp-content\/uploads\/2017\/11\/MG_9404.jpg\"><img loading=\"lazy\" class=\"aligncenter  wp-image-550\" src=\"http:\/\/caritas.diecezja.wloclawek.pl\/wp-content\/uploads\/2017\/11\/MG_9404-200x300.jpg\" alt=\"\" width=\"266\" height=\"399\" srcset=\"http:\/\/caritas.diecezja.wloclawek.pl\/wp-content\/uploads\/2017\/11\/MG_9404-200x300.jpg 200w, http:\/\/caritas.diecezja.wloclawek.pl\/wp-content\/uploads\/2017\/11\/MG_9404-768x1152.jpg 768w, http:\/\/caritas.diecezja.wloclawek.pl\/wp-content\/uploads\/2017\/11\/MG_9404-683x1024.jpg 683w\" sizes=\"(max-width: 266px) 100vw, 266px\" \/><\/a><\/p>\n","protected":false},"excerpt":{"rendered":"<p>&#46;&#46;&#46;<\/p>\n","protected":false},"author":1,"featured_media":550,"comment_status":"open","ping_status":"open","sticky":false,"template":"","format":"standard","meta":[],"categories":[2],"tags":[],"_links":{"self":[{"href":"http:\/\/caritas.diecezja.wloclawek.pl\/index.php?rest_route=\/wp\/v2\/posts\/549"}],"collection":[{"href":"http:\/\/caritas.diecezja.wloclawek.pl\/index.php?rest_route=\/wp\/v2\/posts"}],"about":[{"href":"http:\/\/caritas.diecezja.wloclawek.pl\/index.php?rest_route=\/wp\/v2\/types\/post"}],"author":[{"embeddable":true,"href":"http:\/\/caritas.diecezja.wloclawek.pl\/index.php?rest_route=\/wp\/v2\/users\/1"}],"replies":[{"embeddable":true,"href":"http:\/\/caritas.diecezja.wloclawek.pl\/index.php?rest_route=%2Fwp%2Fv2%2Fcomments&post=549"}],"version-history":[{"count":1,"href":"http:\/\/caritas.diecezja.wloclawek.pl\/index.php?rest_route=\/wp\/v2\/posts\/549\/revisions"}],"predecessor-version":[{"id":551,"href":"http:\/\/caritas.diecezja.wloclawek.pl\/index.php?rest_route=\/wp\/v2\/posts\/549\/revisions\/551"}],"wp:featuredmedia":[{"embeddable":true,"href":"http:\/\/caritas.diecezja.wloclawek.pl\/index.php?rest_route=\/wp\/v2\/media\/550"}],"wp:attachment":[{"href":"http:\/\/caritas.diecezja.wloclawek.pl\/index.php?rest_route=%2Fwp%2Fv2%2Fmedia&parent=549"}],"wp:term":[{"taxonomy":"category","embeddable":true,"href":"http:\/\/caritas.diecezja.wloclawek.pl\/index.php?rest_route=%2Fwp%2Fv2%2Fcategories&post=549"},{"taxonomy":"post_tag","embeddable":true,"href":"http:\/\/caritas.diecezja.wloclawek.pl\/index.php?rest_route=%2Fwp%2Fv2%2Ftags&post=549"}],"curies":[{"name":"wp","href":"https:\/\/api.w.org\/{rel}","templated":true}]}}