{"id":547,"date":"2014-06-21T22:39:57","date_gmt":"2014-06-21T21:39:57","guid":{"rendered":"http:\/\/caritas.diecezja.wloclawek.pl\/?p=547"},"modified":"2017-11-02T22:43:50","modified_gmt":"2017-11-02T21:43:50","slug":"i-festiwal-piosenki-religijnej-sladami-swietego-jana-pawla-ii-w-zbrachlinie","status":"publish","type":"post","link":"http:\/\/caritas.diecezja.wloclawek.pl\/?p=547","title":{"rendered":"I Festiwal Piosenki Religijnej ,,\u015aLADAMI \u015aWI\u0118TEGO JANA PAW\u0141A II\u201d w Zbrachlinie"},"content":{"rendered":"<p>W Zespole Szk\u00f3\u0142 im. I. Jana Paderewskiego w Zbrachlinie odby\u0142 si\u0119 18.06.2014 roku I Festiwal Piosenki Religijnej &#8222;\u015aladami \u015awi\u0119tego Jana Paw\u0142a II&#8221; dla Szk\u00f3\u0142 Podstawowych. W Festiwalu udzia\u0142 wzi\u0119li uczniowie szk\u00f3\u0142 z W\u0142oc\u0142awka (ZSK im. ks. Jana D\u0142ugosza), Ciechocinka (SP nr 1), Aleksandrowa Kujawskiego, Nieszawy, Raci\u0105\u017cka, Niszczew, Zbrachlina, Konecka oraz Lubania. Patronat nad Festiwalem sprawowa\u0142 Proboszcz Parafii pod wezwaniem \u015bwi\u0119tego Wojciecha w Zbrachlinie ks. Henryk Chabasi\u0144ski oraz W\u00f3jt Gminy Waganiec &#8211; Piotr Marciniak. W roku kanonizacji naszego Rodaka Jana Paw\u0142a II ws\u0142uchiwali\u015bmy si\u0119 w pie\u015bni zawieraj\u0105ce przes\u0142anie Jego nauczania.<\/p>\n<p>Organizatorem festiwalu by\u0142o Szkolne Ko\u0142o Caritas na czele z opiekunem. Inicjatywa spotka\u0142a si\u0119 z du\u017cym zainteresowaniem. Udzia\u0142 zg\u0142osi\u0142o 22 uczestnik\u00f3w, kt\u00f3rzy prezentowali wysoki poziom a jury w sk\u0142adzie ks. pra\u0142ata S\u0142awomira Der\u0119gowkiego i ks. Wojciecha Wierzbickiego mia\u0142o bardzo trudne zadanie \u017ceby wy\u0142oni\u0107 zwyci\u0119zc\u00f3w.<\/p>\n<p>Wyniki festiwalu:<\/p>\n<p>Kategoria I &#8211; III SP SOLI\u015aCI<\/p>\n<p>Miejsce I &#8211; Wiktoria Augustyniak &#8211; Szko\u0142a Podstawowa w Lubaniu ,,Zn\u00f3w Ci\u0119 spotykam&#8221;<\/p>\n<p>Miejsce II &#8211; Aurelia Tomaszewska &#8211; Szko\u0142a Podstawowa w Ciechocinku ,,Powiedz Ludziom&#8221;<\/p>\n<p>Miejsce III &#8211; 3. Kinga Lorenc &#8211; Szko\u0142a Podstawowa nr 3 w Aleksandrowie Kujawskim ,,Kim jest ten cz\u0142owiek w bia\u0142ej sutannie&#8221;<\/p>\n<p>Kategoria I &#8211; III ZESPO\u0141Y<\/p>\n<p>Miejsce I &#8211; Zesp\u00f3\u0142 Dzieci\u0119cy ze Szko\u0142y Podstawowej w Zbrachlinie ,,Kochamy Ci\u0119 Janie Pawle&#8221; i<br \/>\nZesp\u00f3\u0142 S\u0142onko &#8211; Szko\u0142a Podstawowa w Niszczewach ,,Hej Baco pa\u015b baranki!&#8221;<\/p>\n<p>Miejsce II &#8211; Schola Dzieci\u0119ca &#8211; Zesp\u00f3\u0142 Szk\u00f3\u0142 w Nieszawie ,,Jan Pawe\u0142 II&#8221;<\/p>\n<p>Miejsce III &#8211; Zesp\u00f3\u0142 Dzieci\u0119cy ZSK im. ks. J. D\u0142ugosza we W\u0142oc\u0142awku ,,Kochamy Ci\u0119 Janie Pawle&#8221; i Zesp\u00f3\u0142 ,,Weso\u0142e Nutki&#8221; &#8211; Szko\u0142a Postawowa nr 3 w Aleksandrowie Kujawskim ,,Bia\u0142y Pasterz&#8221;<\/p>\n<p>Kategoria IV &#8211; VI SOLI\u015aCI<\/p>\n<p>Miejsce I &#8211; Daria Szudzik &#8211; Szko\u0142a Podstawowa w Ciechocinku ,,Cho\u0107 odszed\u0142 w dal&#8221;<\/p>\n<p>Miejsce II &#8211; Julia So\u0142oczy\u0144ska &#8211; Szko\u0142a Podstawowa w Raci\u0105\u017cku ,,Telefon&#8221;<\/p>\n<p>Miejsce III &#8211; Gabriela Borkiewicz &#8211; ZSK im. ks. J. D\u0142ugosza we W\u0142oc\u0142awku ,,Tak m\u00f3wi\u0142 Papie\u017c&#8221;<\/p>\n<p>Kategoria IV &#8211; VI ZESPO\u0141Y<\/p>\n<p>Miesce I &#8211; Zesp\u00f3\u0142 Muzyczny ze Szko\u0142y Podstawowej w Zbrachlinie &#8222;Zaufaj Panu&#8221;<\/p>\n<p>Miejsce II &#8211; Zesp\u00f3\u0142 Muzyczny ze Szko\u0142y Podstawowej w Niszczewach ,,Wiara czyni cuda&#8221;<\/p>\n<p>Miejsce III &#8211; Zesp\u00f3\u0142 Muzyczny ze Szko\u0142y Podstawowej w Raci\u0105\u017cku ,,Chwal\u0119 Ciebie Panie&#8221;<\/p>\n<p>&nbsp;<\/p>\n<p>Agnieszka Lasota- Staszak<br \/>\nopiekun Szkolnego Ko\u0142a Caritas<\/p>\n<p>Zdj\u0119cia\u00a0\u00a0<a href=\"http:\/\/www.diecezja.wloclawek.pl\/pl\/news\/20,aktualnosci\/1578,i-festiwal-piosenki-religijnej-sladami-swietego-jana-pawla-ii-w-zbrachlinie\">http:\/\/www.diecezja.wloclawek.pl\/pl\/news\/20,aktualnosci\/1578,i-festiwal-piosenki-religijnej-sladami-swietego-jana-pawla-ii-w-zbrachlinie<\/a><\/p>\n","protected":false},"excerpt":{"rendered":"<p>&#46;&#46;&#46;<\/p>\n","protected":false},"author":1,"featured_media":0,"comment_status":"open","ping_status":"open","sticky":false,"template":"","format":"standard","meta":[],"categories":[2],"tags":[],"_links":{"self":[{"href":"http:\/\/caritas.diecezja.wloclawek.pl\/index.php?rest_route=\/wp\/v2\/posts\/547"}],"collection":[{"href":"http:\/\/caritas.diecezja.wloclawek.pl\/index.php?rest_route=\/wp\/v2\/posts"}],"about":[{"href":"http:\/\/caritas.diecezja.wloclawek.pl\/index.php?rest_route=\/wp\/v2\/types\/post"}],"author":[{"embeddable":true,"href":"http:\/\/caritas.diecezja.wloclawek.pl\/index.php?rest_route=\/wp\/v2\/users\/1"}],"replies":[{"embeddable":true,"href":"http:\/\/caritas.diecezja.wloclawek.pl\/index.php?rest_route=%2Fwp%2Fv2%2Fcomments&post=547"}],"version-history":[{"count":1,"href":"http:\/\/caritas.diecezja.wloclawek.pl\/index.php?rest_route=\/wp\/v2\/posts\/547\/revisions"}],"predecessor-version":[{"id":548,"href":"http:\/\/caritas.diecezja.wloclawek.pl\/index.php?rest_route=\/wp\/v2\/posts\/547\/revisions\/548"}],"wp:attachment":[{"href":"http:\/\/caritas.diecezja.wloclawek.pl\/index.php?rest_route=%2Fwp%2Fv2%2Fmedia&parent=547"}],"wp:term":[{"taxonomy":"category","embeddable":true,"href":"http:\/\/caritas.diecezja.wloclawek.pl\/index.php?rest_route=%2Fwp%2Fv2%2Fcategories&post=547"},{"taxonomy":"post_tag","embeddable":true,"href":"http:\/\/caritas.diecezja.wloclawek.pl\/index.php?rest_route=%2Fwp%2Fv2%2Ftags&post=547"}],"curies":[{"name":"wp","href":"https:\/\/api.w.org\/{rel}","templated":true}]}}