{"id":543,"date":"2014-06-25T22:52:41","date_gmt":"2014-06-25T21:52:41","guid":{"rendered":"http:\/\/caritas.diecezja.wloclawek.pl\/?p=543"},"modified":"2017-10-27T22:56:46","modified_gmt":"2017-10-27T21:56:46","slug":"wakacyjna-akcja-caritas-pozwala-dzieciom-odkryc-niezdobyte-lady","status":"publish","type":"post","link":"http:\/\/caritas.diecezja.wloclawek.pl\/?p=543","title":{"rendered":"Wakacyjna Akcja Caritas pozwala dzieciom odkry\u0107 niezdobyte l\u0105dy"},"content":{"rendered":"<p>Dzi\u0119ki \u201eWakacyjnej Akcji Caritas\u201d kilkadziesi\u0105t tysi\u0119cy dzieci z ubogich rodzin b\u0119dzie mog\u0142o skorzysta\u0107 z letniego wypoczynku w g\u00f3rach, nad morzem i na Mazurach. Aby pom\u00f3c \u2013 wystarczy SMS lub wp\u0142ata na konto Caritas.<br \/>\nW Wakacyjn\u0105 Akcj\u0119 Caritas w\u0142\u0105czaj\u0105 si\u0119 wszystkie diecezjalne Caritas w Polsce organizuj\u0105c wypoczynek letni dla dzieci i m\u0142odzie\u017cy z rodzin, kt\u00f3rych nie sta\u0107 na wyjazd. Na kolonie wyje\u017cd\u017caj\u0105 dzieci \u2013 podopieczni \u015bwietlic socjoterapeutycznych i parafialnych oraz m\u0142odzie\u017c obj\u0119ta programem \u201eSkrzyd\u0142a\u201d, dla kt\u00f3rych wyjazd poza miasto lub wie\u015b bez wsparcia finansowego nie jest mo\u017cliwy.<\/p>\n<p>W ramach wsp\u00f3\u0142pracy z MSZ Caritas organizuje r\u00f3wnie\u017c wakacje w Polsce dla dzieci 1658 polonijnych z Ukrainy, Bia\u0142orusi, Litwy i Rumunii. G\u0142\u00f3wnym celem projektu jest aktywna nauka j\u0119zyka polskiego po\u0142\u0105czona z integracj\u0105 z dzie\u0107mi polskimi.<\/p>\n<p>&#8211; Ko\u0144czy si\u0119 rok szkolny i wiele dzieci ju\u017c cieszy si\u0119 na sam\u0105 my\u015bl o wyje\u017adzie wakacyjnym. Ale nie wszystkie dzieci mog\u0105 wyjecha\u0107 na wakacje. Niekt\u00f3re nawet nie mog\u0105 o tym marzy\u0107. Dlatego zwracam si\u0119 do wszystkich ludzi dobrej woli, pom\u00f3\u017cmy dzieciom wyjecha\u0107 na wakacje. Otw\u00f3rzmy szeroko nasze serca i poka\u017cmy, \u017ce jeste\u015bmy w stanie im pom\u00f3c \u2013 podkre\u015bla dyrektor Caritas Polska ks. Marian Subocz.<\/p>\n<p>Nowo\u015bci\u0105 w tegorocznej akcji jest konkurs plastyczny dla uczestnik\u00f3w kolonii zatytu\u0142owany \u201eWakacyjna Przygoda\u201d. Dla autor\u00f3w najlepiej ocenianych prac przewidziane s\u0105 aparaty fotograficzne FinePix F770EXR ufundowane przez firm\u0119 FujiFILM.<\/p>\n<p>Diecezjalne Caritas dysponuj\u0105 51 o\u015brodkami kolonijnymi (ponad 5 tys. miejsc). Na potrzeby akcji wypo\u017cyczanych jest tak\u017ce blisko 100 o\u015brodk\u00f3w wczasowych. Wakacyjna Akcja Caritas jest finansowana mi\u0119dzy innymi z Wigilijnego Dzie\u0142a Pomocy Dzieciom, zbi\u00f3rek diecezjalnych, darowizn indywidualnych sponsor\u00f3w i darczy\u0144c\u00f3w oraz dotacji Ministerstwa Edukacji Narodowej i Ministerstwa Spraw Zagranicznych (w przypadku dzieci polonijnych). Wakacyjna Akcja Caritas jest jedn\u0105 z najwi\u0119kszych inicjatyw prowadzonych w okresie letnim i jedn\u0105 z najstarszych prowadzonych przez Caritas w Polsce.<\/p>\n<p>Pom\u00f3\u017c dzieciom odkry\u0107 niezdobyte l\u0105dy!<br \/>\nwy\u015blij SMS o tre\u015bci BILET pod numer 72052 (koszt ca\u0142kowity 2,46 z\u0142)<\/p>\n<p>lub dokonaj wp\u0142aty na konto CARITAS POLSKA z dopiskiem \u201eWakacyjna Akcja Caritas\u201d.<br \/>\nul. Okopowa 55, 01-043 Warszawa<br \/>\nBank PKO BP S.A. 70 1020 1013 0000 0102 0002 6526<\/p>\n<p>Caritas Polska zbiera \u015brodki na wyjazdy kolonijne dla dzieci z ubogich rodzin od 23 czerwca do 9 sierpnia.<br \/>\nPatronem akcji jest RADIO PLUS. Szczeg\u00f3\u0142y dotycz\u0105ce akcji dost\u0119pne s\u0105 na stronie <a href=\"http:\/\/www.akcjecaritas.com\">www.akcjecaritas.com<\/a> oraz na <a href=\"http:\/\/www.facebook.com\/akcjecaritas\">www.facebook.com\/akcjecaritas<\/a><\/p>\n<p><a href=\"http:\/\/caritas.diecezja.wloclawek.pl\/wp-content\/uploads\/2017\/10\/kkk.jpg\"><img loading=\"lazy\" class=\"aligncenter size-medium wp-image-544\" src=\"http:\/\/caritas.diecezja.wloclawek.pl\/wp-content\/uploads\/2017\/10\/kkk-272x300.jpg\" alt=\"\" width=\"272\" height=\"300\" srcset=\"http:\/\/caritas.diecezja.wloclawek.pl\/wp-content\/uploads\/2017\/10\/kkk-272x300.jpg 272w, http:\/\/caritas.diecezja.wloclawek.pl\/wp-content\/uploads\/2017\/10\/kkk-768x846.jpg 768w, http:\/\/caritas.diecezja.wloclawek.pl\/wp-content\/uploads\/2017\/10\/kkk-929x1024.jpg 929w, http:\/\/caritas.diecezja.wloclawek.pl\/wp-content\/uploads\/2017\/10\/kkk.jpg 1238w\" sizes=\"(max-width: 272px) 100vw, 272px\" \/><\/a><\/p>\n","protected":false},"excerpt":{"rendered":"<p>&#46;&#46;&#46;<\/p>\n","protected":false},"author":1,"featured_media":544,"comment_status":"open","ping_status":"open","sticky":false,"template":"","format":"standard","meta":[],"categories":[2],"tags":[],"_links":{"self":[{"href":"http:\/\/caritas.diecezja.wloclawek.pl\/index.php?rest_route=\/wp\/v2\/posts\/543"}],"collection":[{"href":"http:\/\/caritas.diecezja.wloclawek.pl\/index.php?rest_route=\/wp\/v2\/posts"}],"about":[{"href":"http:\/\/caritas.diecezja.wloclawek.pl\/index.php?rest_route=\/wp\/v2\/types\/post"}],"author":[{"embeddable":true,"href":"http:\/\/caritas.diecezja.wloclawek.pl\/index.php?rest_route=\/wp\/v2\/users\/1"}],"replies":[{"embeddable":true,"href":"http:\/\/caritas.diecezja.wloclawek.pl\/index.php?rest_route=%2Fwp%2Fv2%2Fcomments&post=543"}],"version-history":[{"count":1,"href":"http:\/\/caritas.diecezja.wloclawek.pl\/index.php?rest_route=\/wp\/v2\/posts\/543\/revisions"}],"predecessor-version":[{"id":545,"href":"http:\/\/caritas.diecezja.wloclawek.pl\/index.php?rest_route=\/wp\/v2\/posts\/543\/revisions\/545"}],"wp:featuredmedia":[{"embeddable":true,"href":"http:\/\/caritas.diecezja.wloclawek.pl\/index.php?rest_route=\/wp\/v2\/media\/544"}],"wp:attachment":[{"href":"http:\/\/caritas.diecezja.wloclawek.pl\/index.php?rest_route=%2Fwp%2Fv2%2Fmedia&parent=543"}],"wp:term":[{"taxonomy":"category","embeddable":true,"href":"http:\/\/caritas.diecezja.wloclawek.pl\/index.php?rest_route=%2Fwp%2Fv2%2Fcategories&post=543"},{"taxonomy":"post_tag","embeddable":true,"href":"http:\/\/caritas.diecezja.wloclawek.pl\/index.php?rest_route=%2Fwp%2Fv2%2Ftags&post=543"}],"curies":[{"name":"wp","href":"https:\/\/api.w.org\/{rel}","templated":true}]}}