{"id":5339,"date":"2022-11-09T14:03:54","date_gmt":"2022-11-09T13:03:54","guid":{"rendered":"http:\/\/caritas.diecezja.wloclawek.pl\/?p=5339"},"modified":"2022-11-09T14:03:54","modified_gmt":"2022-11-09T13:03:54","slug":"caritas-polska-wlacza-ukraine-w-program-rodzina-rodzinie","status":"publish","type":"post","link":"http:\/\/caritas.diecezja.wloclawek.pl\/?p=5339","title":{"rendered":"Caritas Polska w\u0142\u0105cza Ukrain\u0119 w program Rodzina Rodzinie"},"content":{"rendered":"<p><strong>Od wybuchu wojny min\u0119\u0142o 8 miesi\u0119cy, a za nasz\u0105 wschodni\u0105 granic\u0105 wci\u0105\u017c rozgrywa si\u0119 dramat. Mieszka\u0144cy Ukrainy trac\u0105 swoje domy, bliskich i si\u0142y do zmagania si\u0119 z rzeczywisto\u015bci\u0105. Nie mog\u0105 jednak straci\u0107 nadziei na pomoc, dlatego Caritas Polska realizuje na Ukrainie program Rodzina Rodzinie.<\/strong><\/p>\n<p>\u2014 Nie chcieliby\u015bmy pomocy, gdyby by\u0142o spokojnie i cicho. Mieszkaliby\u015bmy tak sobie tutaj. Ludzie \u017cyli sobie, nikogo nie ruszali. Kto przyby\u0142 na nasz\u0105 ziemi\u0119, dlaczego tak si\u0119 sta\u0142o? \u2014 w g\u0142osie 52-letniej An\u017ce\u0142y, kt\u00f3ra wychowa\u0142a swoje dzieci, a teraz opiekuje si\u0119 wnukami, s\u0142ycha\u0107 bezbrze\u017cny \u017cal.<\/p>\n<p>Zagro\u017cenie z ziemi i z powietrza nadal jest ogromne. Coraz wi\u0119cej ukrai\u0144skich rodzin pozostaje bez dachu nad g\u0142ow\u0105 i b\u0142\u0105ka si\u0119 szukaj\u0105c schronienia u krewnych i s\u0105siad\u00f3w. Wielu nie sta\u0107 na odbudow\u0119 lub wyremontowanie zniszczonego domu, a nawet kupno \u017cywno\u015bci i artyku\u0142\u00f3w pierwszej potrzeby, bo zasoby portfela dramatycznie si\u0119 kurcz\u0105, a si\u0142a nabywcza ukrai\u0144skiej hrywny wci\u0105\u017c spada. W tej sytuacji ludzie mog\u0105 liczy\u0107 jedynie na pomoc z zewn\u0105trz. Tak jak Swiet\u0142ana, kt\u00f3ra utrzymuje siebie i dzieci jedynie z pa\u0144stwowej zapomogi.<\/p>\n<p><strong>Zosta\u0142 tylko komin<\/strong><\/p>\n<p>\u2014 Rano lata\u0142y drony. O pi\u0105tej rano ju\u017c nad domem rozleg\u0142y si\u0119 d\u017awi\u0119ki przypominaj\u0105ce brz\u0119czenie samolotu nad samym domem. Potem zacz\u0119\u0142y lata\u0107 rakiety \u2014 wspomina Swiet\u0142ana, wdowa, mama czw\u00f3rki dzieci. \u2014 U mnie w domu wsp\u00f3\u0142lokator zosta\u0142 z dzie\u0107mi. By\u0142o oko\u0142o godziny 7 wieczorem. Zacz\u0119\u0142o hucze\u0107, a potem rakieta uderzy\u0142a w dom i ta fala wybi\u0142a nam szyby. Maluchy przestraszy\u0142y si\u0119, po\u0142o\u017cy\u0142y na pod\u0142odze i le\u017ca\u0142y tak, a\u017c wszystko si\u0119 uspokoi\u0142o. Mimo wszystko, zostali\u015bmy tu we wsi \u2014 dodaje. Swiet\u0142ana utrzymuje si\u0119 jedynie z zapomogi pa\u0144stwowej. Chcia\u0142aby podj\u0105\u0107 prac\u0119, nawet zarejestrowa\u0142a si\u0119 urz\u0119dzie, ale nie ma z kim zostawi\u0107 dzieci. \u2014 Pieni\u0119dzy starcza tylko na jedzenie i drewno opa\u0142owe, a na buty, ubrania brakuje \u2014 przyznaje ze smutkiem.<\/p>\n<p>W r\u00f3wnie trudnej sytuacji jest rodzina Oleny, kt\u00f3ra straci\u0142a dorobek \u017cycia. \u2014 Dzi\u0119kowali\u015bmy Bogu za to, \u017ce wszyscy \u017cyj\u0105 i zacz\u0119li\u015bmy budowa\u0107 nowy dom, bo nie mamy gdzie mieszka\u0107 \u2014 m\u00f3wi kobieta, przytulaj\u0105c mocniej dwie kilkuletnie c\u00f3rki. Po ataku wojsk rosyjskich z ich domu zosta\u0142 tylko komin g\u00f3ruj\u0105cy nad stert\u0105 gruzu.<\/p>\n<p>Rodziny mieszkaj\u0105ce na wsiach przed wojn\u0105 zazwyczaj \u017cy\u0142y skromnie, ale teraz po prostu staraj\u0105 si\u0119 prze\u017cy\u0107. Cz\u0119sto pomagaj\u0105 sobie nawzajem i korzystaj\u0105 z tego, co wyro\u015bnie w ogr\u00f3dku, by nie wydawa\u0107 pieni\u0119dzy w sklepie. Jednak materia\u0142y potrzebne do odbudowy domu musz\u0105 kupi\u0107, a to przerasta ich mo\u017cliwo\u015bci. Sytuacja wielu rodzin mieszkaj\u0105cych w miastach bywa jeszcze trudniejsza. Zw\u0142aszcza je\u015bli w wyniku dzia\u0142a\u0144 wojennych utraci\u0142y mieszkanie lub jedyne \u017ar\u00f3d\u0142o dochodu. Ratunkiem dla najbardziej potrzebuj\u0105cych jest systematyczna i d\u0142ugofalowa pomoc.<\/p>\n<p><strong>Z my\u015bl\u0105 o najbardziej pokrzywdzonych<\/strong><\/p>\n<p>\u2014 Zdajemy sobie spraw\u0119 z tego, \u017ce nar\u00f3d ukrai\u0144ski b\u0119dzie d\u0142ugo zmaga\u0142 si\u0119 z ogromnymi trudno\u015bciami, nawet po zako\u0144czeniu wojny. Analizuj\u0105c potrzeby i nasze mo\u017cliwo\u015bci zdecydowali\u015bmy si\u0119 wi\u0119c na w\u0142\u0105czenie Ukrainy w program Rodzina Rodzinie \u2013 najwi\u0119kszy program pomocy zagranicznej prowadzony przez Caritas Polska \u2014 m\u00f3wi ks. dr Marcin I\u017cycki, dyrektor Caritas Polska<\/p>\n<p>W pa\u017adzierniku Caritas Polska rozpocz\u0119\u0142a pilota\u017c programu Rodzina Rodzinie w diecezji kijowsko-\u017cytomierskiej. Dzi\u0119ki niemu i \u015bcis\u0142ej wsp\u00f3\u0142pracy z ukrai\u0144sk\u0105 Caritas-Spes dociera z pomoc\u0105 do ponad 500 rodzin znajduj\u0105cych si\u0119 w szczeg\u00f3lnie dramatycznej sytuacji. Wsparcie kierowane jest przede wszystkim do rodzin mieszkaj\u0105cych w obszarach, do kt\u00f3rych nie dociera \u017cadna inna pomoc. S\u0105 to rodziny wielodzietne, rodziny z osobami starszymi, chorymi i niepe\u0142nosprawnymi, matki samotnie wychowuj\u0105ce dzieci, kt\u00f3rych m\u0119\u017cowie zostali wzi\u0119ci do niewoli lub zgin\u0119li na wojnie, rodziny, kt\u00f3re uciek\u0142y z okupowanych teren\u00f3w i do\u015bwiadczaj\u0105ce bezpo\u015brednich skutk\u00f3w dzia\u0142a\u0144 wojennych.<\/p>\n<p>\u2014 Je\u015bli otrzymamy pomoc finansow\u0105, przeznaczymy j\u0105 na remont domu. Dzieciom kupimy jedzenie, witaminy i wszystko inne \u2014 m\u00f3wi An\u017ce\u0142a. \u2014 Chcieliby\u015bmy bardzo podzi\u0119kowa\u0107 Polsce za pomoc nam i innym. Pomagaj\u0105 ca\u0142ej Ukrainie, jeste\u015bmy bardzo wdzi\u0119czni, wszyscy Ukrai\u0144cy s\u0105 bardzo wdzi\u0119czni \u2014 dodaje Alina, c\u00f3rka An\u017ce\u0142y.<\/p>\n<p><strong>Pomoc, kt\u00f3ra nie znika<\/strong><\/p>\n<p>\u2014 Jako organizacja charytatywna nie sprawimy, \u017ce na Ukrain\u0119 przestan\u0105 spada\u0107 pociski, ale mamy cel \u2013 niesienie pomocy staraj\u0105cym si\u0119 przetrwa\u0107 ludziom. W\u0142\u0105czaj\u0105c Ukrain\u0119 do programu Rodzina Rodzinie, tak jak sze\u015b\u0107 lat temu w\u0142\u0105czyli\u015bmy do niego Syri\u0119, dajemy mieszka\u0144com Ukrainy najlepsze, systematyczne wsparcie \u2014 m\u00f3wi ks. I\u017cycki.<\/p>\n<p>Rodzina Rodzinie to prowadzony przez Caritas Polska program humanitarny, kt\u00f3ry polega m.in. na udzielaniu sta\u0142ej pomocy finansowej w lokalnej walucie najubo\u017cszym mieszka\u0144com kraj\u00f3w pogr\u0105\u017conych w wojnie lub g\u0142\u0119bokim kryzysie. Program zosta\u0142 zainicjowany jesieni\u0105 2016 roku jako odpowied\u017a na dramatyczn\u0105 sytuacj\u0119 mieszka\u0144c\u00f3w Syrii w czasie trwaj\u0105cej tam wojny, aby nast\u0119pnie obj\u0105\u0107 zasi\u0119giem r\u00f3wnie\u017c Stref\u0119 Gazy, Liban oraz Irak. Ukraina jest pi\u0105tym krajem w\u0142\u0105czonym do programu.<\/p>\n<p>Si\u0142\u0105 programu Rodzina Rodzinie jest jego forma. Comiesi\u0119czne wsparcie finansowe daje najubo\u017cszym mo\u017cliwo\u015b\u0107 odbicia si\u0119 od dna poprzez sp\u0142at\u0119 zad\u0142u\u017ce\u0144, np. uregulowanie czynszu i rachunk\u00f3w za media. Ponadto program pozwala beneficjentom na samodzielne decydowanie o tym, kt\u00f3r\u0105 z najpilniejszych potrzeb (np. zakup \u017cywno\u015bci, materia\u0142\u00f3w budowlanych, lek\u00f3w) chc\u0105 zrealizowa\u0107.<\/p>\n<p><strong>Ze wsparciem polskich artyst\u00f3w<\/strong><\/p>\n<p>Apel Caritas Polska o pomoc dla ukrai\u0144skich rodzin w ramach programu Rodzina Rodzinie zyska\u0142 wyj\u0105tkowe wsparcie w postaci piosenki \u201eOcaleni\u201d zespo\u0142u TGD. Autorami s\u0142\u00f3w s\u0105 Piotr Nazaruk i Monika Wydrzy\u0144ska, muzyk\u0119 napisa\u0142 Piotr Nazaruk.<\/p>\n<p>\u2014 Najpierw powsta\u0142a muzyka. Kilka lat temu. Melodia \u2013 jedna z najcenniejszych, tych kt\u00f3re uda\u0142o mi si\u0119 odkry\u0107. Nie wiedzia\u0142em, o czym b\u0119dzie ta piosenka, ale wiedzia\u0142em, \u017ce musi m\u00f3wi\u0107 o czym\u015b wa\u017cnym. [\u2026]. Przypadkowo lub nieprzypadkowo paru moich przyjaci\u00f3\u0142, z kt\u00f3rymi rozmawia\u0142em o naszych pr\u00f3bach pomagania uchod\u017acom, cytowa\u0142o talmudyczn\u0105 sentencj\u0119 \u201eKto ratuje jedno \u017cycie, jakby ca\u0142y \u015bwiat ratowa\u0142\u201d. Zrozumia\u0142em, \u017ce to by\u0142y te w\u0142a\u015bciwe s\u0142owa, na kt\u00f3re czeka\u0142a moja melodia \u2014 przybli\u017ca histori\u0119 powstania piosenki Piotr Nazaruk.<\/p>\n<p>Opr\u00f3cz programu Rodzina Rodzinie utw\u00f3r promuje tak\u017ce p\u0142yt\u0119 zespo\u0142u TGD \u201eKol\u0119dy \u015awiata 3\u201d, z go\u015bcinnym udzia\u0142em Kuby Badacha, Anny Karwan i Mateusza Zi\u00f3\u0142ko, kt\u00f3rej premiera zaplanowana jest na 18 listopada tego roku. Utw\u00f3r \u201eOcaleni\u201d oraz kol\u0119dy z r\u00f3\u017cnych stron \u015bwiata b\u0119dzie mo\u017cna us\u0142ysze\u0107 na \u017cywo podczas koncert\u00f3w TGD, kt\u00f3re odb\u0119d\u0105 si\u0119 w 15 miastach Polski w grudniu 2022 r. i w styczniu 2023 r.<\/p>\n<p>Harmonogram trasy koncertowej:<\/p>\n<table>\n<tbody>\n<tr>\n<td width=\"307\">Grudzie\u0144 2022<\/td>\n<td width=\"307\">Stycze\u0144 2023<\/td>\n<\/tr>\n<tr>\n<td width=\"307\">16.12 \u2013 Cieszyn<br \/>\n17.12 \u2013 Bielsko-Bia\u0142a<br \/>\n18.12 \u2013 Gda\u0144sk<br \/>\n28.12 \u2013 Krzesz\u00f3w<br \/>\n29.12 \u2013 Warszawa<br \/>\n30.12 \u2013 Lublin<\/td>\n<td width=\"307\">06.01 \u2013 Pozna\u0144<br \/>\n08.01 \u2013 Szczecin<br \/>\n09.01 \u2013 Opole<br \/>\n10.01 \u2013 Rzesz\u00f3w<br \/>\n12.01 \u2013 Gda\u0144sk<br \/>\n14.01 \u2013 Katowice<br \/>\n15.01 \u2013 Krak\u00f3w<br \/>\n21.01 \u2013 Wroc\u0142aw<br \/>\n27.01 \u2013 Kielce<\/td>\n<\/tr>\n<\/tbody>\n<\/table>\n<p><strong>\u00a0<\/strong><\/p>\n<p><strong>\u00a0<\/strong><\/p>\n<p><strong>Jak wesprze\u0107 potrzebuj\u0105ce rodziny pozostaj\u0105ce na Ukrainie:<\/strong><\/p>\n<ul>\n<li>Dokonaj wp\u0142aty lub zadeklaruj regularne wsparcie na stronie caritas.pl\/rodzina<\/li>\n<li>Wy\u015blij SMS o tre\u015bci RODZINA pod nr 4260, by dowiedzie\u0107 si\u0119, jak pom\u00f3c rodzinom na Ukrainie<\/li>\n<\/ul>\n\n\t\t<style type=\"text\/css\">\n\t\t\t#gallery-1 {\n\t\t\t\tmargin: auto;\n\t\t\t}\n\t\t\t#gallery-1 .gallery-item {\n\t\t\t\tfloat: left;\n\t\t\t\tmargin-top: 10px;\n\t\t\t\ttext-align: center;\n\t\t\t\twidth: 16%;\n\t\t\t}\n\t\t\t#gallery-1 img {\n\t\t\t\tborder: 2px solid #cfcfcf;\n\t\t\t}\n\t\t\t#gallery-1 .gallery-caption {\n\t\t\t\tmargin-left: 0;\n\t\t\t}\n\t\t\t\/* see gallery_shortcode() in wp-includes\/media.php *\/\n\t\t<\/style>\n\t\t<div id='gallery-1' class='gallery galleryid-5339 gallery-columns-6 gallery-size-thumbnail'><dl class='gallery-item'>\n\t\t\t<dt class='gallery-icon landscape'>\n\t\t\t\t<a href='http:\/\/caritas.diecezja.wloclawek.pl\/?attachment_id=5341'><img width=\"150\" height=\"150\" src=\"http:\/\/caritas.diecezja.wloclawek.pl\/wp-content\/uploads\/2022\/11\/CP-RR-Ukraina-Rodziny-obje\u0328te-programem_Anz\u0307ela_Simona-Supino-dla-CP-1-150x150.jpg\" class=\"attachment-thumbnail size-thumbnail\" alt=\"\" loading=\"lazy\" srcset=\"http:\/\/caritas.diecezja.wloclawek.pl\/wp-content\/uploads\/2022\/11\/CP-RR-Ukraina-Rodziny-obje\u0328te-programem_Anz\u0307ela_Simona-Supino-dla-CP-1-150x150.jpg 150w, http:\/\/caritas.diecezja.wloclawek.pl\/wp-content\/uploads\/2022\/11\/CP-RR-Ukraina-Rodziny-obje\u0328te-programem_Anz\u0307ela_Simona-Supino-dla-CP-1-80x80.jpg 80w, http:\/\/caritas.diecezja.wloclawek.pl\/wp-content\/uploads\/2022\/11\/CP-RR-Ukraina-Rodziny-obje\u0328te-programem_Anz\u0307ela_Simona-Supino-dla-CP-1-320x320.jpg 320w\" sizes=\"(max-width: 150px) 100vw, 150px\" \/><\/a>\n\t\t\t<\/dt><\/dl><dl class='gallery-item'>\n\t\t\t<dt class='gallery-icon portrait'>\n\t\t\t\t<a href='http:\/\/caritas.diecezja.wloclawek.pl\/?attachment_id=5342'><img width=\"150\" height=\"150\" src=\"http:\/\/caritas.diecezja.wloclawek.pl\/wp-content\/uploads\/2022\/11\/CP-RR-Ukraina-Rodziny-obje\u0328te-programem_Olesia_Simona-Supino-dla-CP-11-150x150.jpg\" class=\"attachment-thumbnail size-thumbnail\" alt=\"\" loading=\"lazy\" srcset=\"http:\/\/caritas.diecezja.wloclawek.pl\/wp-content\/uploads\/2022\/11\/CP-RR-Ukraina-Rodziny-obje\u0328te-programem_Olesia_Simona-Supino-dla-CP-11-150x150.jpg 150w, http:\/\/caritas.diecezja.wloclawek.pl\/wp-content\/uploads\/2022\/11\/CP-RR-Ukraina-Rodziny-obje\u0328te-programem_Olesia_Simona-Supino-dla-CP-11-80x80.jpg 80w, http:\/\/caritas.diecezja.wloclawek.pl\/wp-content\/uploads\/2022\/11\/CP-RR-Ukraina-Rodziny-obje\u0328te-programem_Olesia_Simona-Supino-dla-CP-11-320x320.jpg 320w\" sizes=\"(max-width: 150px) 100vw, 150px\" \/><\/a>\n\t\t\t<\/dt><\/dl><dl class='gallery-item'>\n\t\t\t<dt class='gallery-icon landscape'>\n\t\t\t\t<a href='http:\/\/caritas.diecezja.wloclawek.pl\/?attachment_id=5343'><img width=\"150\" height=\"150\" src=\"http:\/\/caritas.diecezja.wloclawek.pl\/wp-content\/uploads\/2022\/11\/CP-RR-Ukraina-Rodziny-obje\u0328te-programem_Swietlana_Simona-Supino-dla-CP-14-150x150.jpg\" class=\"attachment-thumbnail size-thumbnail\" alt=\"\" loading=\"lazy\" srcset=\"http:\/\/caritas.diecezja.wloclawek.pl\/wp-content\/uploads\/2022\/11\/CP-RR-Ukraina-Rodziny-obje\u0328te-programem_Swietlana_Simona-Supino-dla-CP-14-150x150.jpg 150w, http:\/\/caritas.diecezja.wloclawek.pl\/wp-content\/uploads\/2022\/11\/CP-RR-Ukraina-Rodziny-obje\u0328te-programem_Swietlana_Simona-Supino-dla-CP-14-80x80.jpg 80w, http:\/\/caritas.diecezja.wloclawek.pl\/wp-content\/uploads\/2022\/11\/CP-RR-Ukraina-Rodziny-obje\u0328te-programem_Swietlana_Simona-Supino-dla-CP-14-320x320.jpg 320w\" sizes=\"(max-width: 150px) 100vw, 150px\" \/><\/a>\n\t\t\t<\/dt><\/dl><dl class='gallery-item'>\n\t\t\t<dt class='gallery-icon landscape'>\n\t\t\t\t<a href='http:\/\/caritas.diecezja.wloclawek.pl\/?attachment_id=5344'><img width=\"150\" height=\"150\" src=\"http:\/\/caritas.diecezja.wloclawek.pl\/wp-content\/uploads\/2022\/11\/CP-RR-Ukraina-Rodziny-obje\u0328te-programem_Swietlana_Simona-Supino-dla-CP-16-150x150.jpg\" class=\"attachment-thumbnail size-thumbnail\" alt=\"\" loading=\"lazy\" srcset=\"http:\/\/caritas.diecezja.wloclawek.pl\/wp-content\/uploads\/2022\/11\/CP-RR-Ukraina-Rodziny-obje\u0328te-programem_Swietlana_Simona-Supino-dla-CP-16-150x150.jpg 150w, http:\/\/caritas.diecezja.wloclawek.pl\/wp-content\/uploads\/2022\/11\/CP-RR-Ukraina-Rodziny-obje\u0328te-programem_Swietlana_Simona-Supino-dla-CP-16-80x80.jpg 80w, http:\/\/caritas.diecezja.wloclawek.pl\/wp-content\/uploads\/2022\/11\/CP-RR-Ukraina-Rodziny-obje\u0328te-programem_Swietlana_Simona-Supino-dla-CP-16-320x320.jpg 320w\" sizes=\"(max-width: 150px) 100vw, 150px\" \/><\/a>\n\t\t\t<\/dt><\/dl><dl class='gallery-item'>\n\t\t\t<dt class='gallery-icon landscape'>\n\t\t\t\t<a href='http:\/\/caritas.diecezja.wloclawek.pl\/?attachment_id=5345'><img width=\"150\" height=\"150\" src=\"http:\/\/caritas.diecezja.wloclawek.pl\/wp-content\/uploads\/2022\/11\/CP-RR-Ukraina-Rodziny-obje\u0328te-programem_Swietlana_Simona-Supino-dla-CP-18-150x150.jpg\" class=\"attachment-thumbnail size-thumbnail\" alt=\"\" loading=\"lazy\" srcset=\"http:\/\/caritas.diecezja.wloclawek.pl\/wp-content\/uploads\/2022\/11\/CP-RR-Ukraina-Rodziny-obje\u0328te-programem_Swietlana_Simona-Supino-dla-CP-18-150x150.jpg 150w, http:\/\/caritas.diecezja.wloclawek.pl\/wp-content\/uploads\/2022\/11\/CP-RR-Ukraina-Rodziny-obje\u0328te-programem_Swietlana_Simona-Supino-dla-CP-18-80x80.jpg 80w, http:\/\/caritas.diecezja.wloclawek.pl\/wp-content\/uploads\/2022\/11\/CP-RR-Ukraina-Rodziny-obje\u0328te-programem_Swietlana_Simona-Supino-dla-CP-18-320x320.jpg 320w\" sizes=\"(max-width: 150px) 100vw, 150px\" \/><\/a>\n\t\t\t<\/dt><\/dl><dl class='gallery-item'>\n\t\t\t<dt class='gallery-icon landscape'>\n\t\t\t\t<a href='http:\/\/caritas.diecezja.wloclawek.pl\/?attachment_id=5346'><img width=\"150\" height=\"150\" src=\"http:\/\/caritas.diecezja.wloclawek.pl\/wp-content\/uploads\/2022\/11\/TGD-OCALENI-5-150x150.jpg\" class=\"attachment-thumbnail size-thumbnail\" alt=\"\" loading=\"lazy\" srcset=\"http:\/\/caritas.diecezja.wloclawek.pl\/wp-content\/uploads\/2022\/11\/TGD-OCALENI-5-150x150.jpg 150w, http:\/\/caritas.diecezja.wloclawek.pl\/wp-content\/uploads\/2022\/11\/TGD-OCALENI-5-80x80.jpg 80w, http:\/\/caritas.diecezja.wloclawek.pl\/wp-content\/uploads\/2022\/11\/TGD-OCALENI-5-320x320.jpg 320w\" sizes=\"(max-width: 150px) 100vw, 150px\" \/><\/a>\n\t\t\t<\/dt><\/dl><br style=\"clear: both\" \/>\n\t\t<\/div>\n\n<p><strong>\u00a0<\/strong><\/p>\n","protected":false},"excerpt":{"rendered":"<p>&#46;&#46;&#46;<\/p>\n","protected":false},"author":2,"featured_media":5348,"comment_status":"closed","ping_status":"closed","sticky":false,"template":"","format":"standard","meta":[],"categories":[2],"tags":[],"_links":{"self":[{"href":"http:\/\/caritas.diecezja.wloclawek.pl\/index.php?rest_route=\/wp\/v2\/posts\/5339"}],"collection":[{"href":"http:\/\/caritas.diecezja.wloclawek.pl\/index.php?rest_route=\/wp\/v2\/posts"}],"about":[{"href":"http:\/\/caritas.diecezja.wloclawek.pl\/index.php?rest_route=\/wp\/v2\/types\/post"}],"author":[{"embeddable":true,"href":"http:\/\/caritas.diecezja.wloclawek.pl\/index.php?rest_route=\/wp\/v2\/users\/2"}],"replies":[{"embeddable":true,"href":"http:\/\/caritas.diecezja.wloclawek.pl\/index.php?rest_route=%2Fwp%2Fv2%2Fcomments&post=5339"}],"version-history":[{"count":2,"href":"http:\/\/caritas.diecezja.wloclawek.pl\/index.php?rest_route=\/wp\/v2\/posts\/5339\/revisions"}],"predecessor-version":[{"id":5347,"href":"http:\/\/caritas.diecezja.wloclawek.pl\/index.php?rest_route=\/wp\/v2\/posts\/5339\/revisions\/5347"}],"wp:featuredmedia":[{"embeddable":true,"href":"http:\/\/caritas.diecezja.wloclawek.pl\/index.php?rest_route=\/wp\/v2\/media\/5348"}],"wp:attachment":[{"href":"http:\/\/caritas.diecezja.wloclawek.pl\/index.php?rest_route=%2Fwp%2Fv2%2Fmedia&parent=5339"}],"wp:term":[{"taxonomy":"category","embeddable":true,"href":"http:\/\/caritas.diecezja.wloclawek.pl\/index.php?rest_route=%2Fwp%2Fv2%2Fcategories&post=5339"},{"taxonomy":"post_tag","embeddable":true,"href":"http:\/\/caritas.diecezja.wloclawek.pl\/index.php?rest_route=%2Fwp%2Fv2%2Ftags&post=5339"}],"curies":[{"name":"wp","href":"https:\/\/api.w.org\/{rel}","templated":true}]}}