{"id":532,"date":"2014-07-07T22:47:52","date_gmt":"2014-07-07T21:47:52","guid":{"rendered":"http:\/\/caritas.diecezja.wloclawek.pl\/?p=532"},"modified":"2017-10-27T22:52:36","modified_gmt":"2017-10-27T21:52:36","slug":"biskup-wloclawski-poswiecil-plecaki-dla-akcji-caritas-tornister-pelen-usmiechow","status":"publish","type":"post","link":"http:\/\/caritas.diecezja.wloclawek.pl\/?p=532","title":{"rendered":"Biskup W\u0142oc\u0142awski po\u015bwi\u0119ci\u0142 plecaki dla akcji Caritas \u201eTornister pe\u0142en u\u015bmiech\u00f3w\u201d"},"content":{"rendered":"<p>W dniu dzisiejszym w siedzibie Caritas Diecezji W\u0142oc\u0142awskiej Ksi\u0105dz Biskup Ordynariusz Wies\u0142aw Alojzy Mering po\u015bwi\u0119ci\u0142 78 szkolnych tornistr\u00f3w, kt\u00f3re trafi\u0105 do dzieci i m\u0142odzie\u017cy z rodzin znajduj\u0105cych si\u0119 w trudnej sytuacji materialnej. Jest to pierwsza akcja Caritas W\u0142oc\u0142awskiej, w kt\u00f3rej bierze udzia\u0142 8 parafii z terenu diecezji. Mamy nadziej\u0119, \u017ce w przysz\u0142ym roku w\u0142\u0105czy si\u0119 w ni\u0105 wi\u0119cej parafii, kt\u00f3re w ten spos\u00f3b chcia\u0142yby pom\u00f3c wej\u015b\u0107 z u\u015bmiechem w kolejny rok szkolny potrzebuj\u0105cym pomocy uczniom. Akcj\u0119 podj\u0105\u0142 i z ramienia Caritas za ni\u0105 odpowiada ks. Krzysztof Stawicki, wicedyrektor Caritas Diecezji W\u0142oc\u0142awskiej.<\/p>\n<p>Po\u015bwi\u0119cone tornistry jeszcze w tym tygodniu przekazane zostan\u0105 Szkolnym Ko\u0142om Caritas i Parafialnym Zespo\u0142om Caritas pos\u0142uguj\u0105cym w granicach diecezji, kt\u00f3re najlepiej orientuj\u0105 si\u0119 w potrzebach mieszka\u0144c\u00f3w w swoim \u015brodowisku. Uczniowie otrzymaj\u0105 plecaki przed rozpocz\u0119ciem roku szkolnego. Zanim one trafi\u0105 do dzieci i m\u0142odzie\u017cy, musz\u0105 zosta\u0107 zape\u0142nione przyborami niezb\u0119dnymi do nauki, takimi jak kredki, farby, pi\u00f3rniki, d\u0142ugopisy, plastelina, itp. Pom\u00f3c mo\u017ce ka\u017cdy zainteresowany t\u0105 akcj\u0105. Jak to zrobi\u0107? Nale\u017cy kupi\u0107 artyku\u0142y szkolne i przekaza\u0107 je do centrali Caritas przy ul. Gda\u0144skiej 8 we W\u0142oc\u0142awku lub Szkolnym Ko\u0142om Caritas i Parafialnym Zespo\u0142om, kt\u00f3re bior\u0105 czynny udzia\u0142 w akcji \u201eTornister pe\u0142en u\u015bmiech\u00f3w\u201d, w swoim miejscu zamieszkania.<\/p>\n<p>&nbsp;<\/p>\n\n\t\t<style type=\"text\/css\">\n\t\t\t#gallery-1 {\n\t\t\t\tmargin: auto;\n\t\t\t}\n\t\t\t#gallery-1 .gallery-item {\n\t\t\t\tfloat: left;\n\t\t\t\tmargin-top: 10px;\n\t\t\t\ttext-align: center;\n\t\t\t\twidth: 25%;\n\t\t\t}\n\t\t\t#gallery-1 img {\n\t\t\t\tborder: 2px solid #cfcfcf;\n\t\t\t}\n\t\t\t#gallery-1 .gallery-caption {\n\t\t\t\tmargin-left: 0;\n\t\t\t}\n\t\t\t\/* see gallery_shortcode() in wp-includes\/media.php *\/\n\t\t<\/style>\n\t\t<div id='gallery-1' class='gallery galleryid-532 gallery-columns-4 gallery-size-thumbnail'><dl class='gallery-item'>\n\t\t\t<dt class='gallery-icon landscape'>\n\t\t\t\t<a href='http:\/\/caritas.diecezja.wloclawek.pl\/?attachment_id=539'><img width=\"150\" height=\"150\" src=\"http:\/\/caritas.diecezja.wloclawek.pl\/wp-content\/uploads\/2014\/07\/plecaki_bp6-150x150.jpg\" class=\"attachment-thumbnail size-thumbnail\" alt=\"\" loading=\"lazy\" srcset=\"http:\/\/caritas.diecezja.wloclawek.pl\/wp-content\/uploads\/2014\/07\/plecaki_bp6-150x150.jpg 150w, http:\/\/caritas.diecezja.wloclawek.pl\/wp-content\/uploads\/2014\/07\/plecaki_bp6-160x160.jpg 160w, http:\/\/caritas.diecezja.wloclawek.pl\/wp-content\/uploads\/2014\/07\/plecaki_bp6-320x320.jpg 320w\" sizes=\"(max-width: 150px) 100vw, 150px\" \/><\/a>\n\t\t\t<\/dt><\/dl><dl class='gallery-item'>\n\t\t\t<dt class='gallery-icon landscape'>\n\t\t\t\t<a href='http:\/\/caritas.diecezja.wloclawek.pl\/?attachment_id=540'><img width=\"150\" height=\"150\" src=\"http:\/\/caritas.diecezja.wloclawek.pl\/wp-content\/uploads\/2014\/07\/plecaki_bp7-150x150.jpg\" class=\"attachment-thumbnail size-thumbnail\" alt=\"\" loading=\"lazy\" srcset=\"http:\/\/caritas.diecezja.wloclawek.pl\/wp-content\/uploads\/2014\/07\/plecaki_bp7-150x150.jpg 150w, http:\/\/caritas.diecezja.wloclawek.pl\/wp-content\/uploads\/2014\/07\/plecaki_bp7-160x160.jpg 160w, http:\/\/caritas.diecezja.wloclawek.pl\/wp-content\/uploads\/2014\/07\/plecaki_bp7-320x320.jpg 320w\" sizes=\"(max-width: 150px) 100vw, 150px\" \/><\/a>\n\t\t\t<\/dt><\/dl><dl class='gallery-item'>\n\t\t\t<dt class='gallery-icon landscape'>\n\t\t\t\t<a href='http:\/\/caritas.diecezja.wloclawek.pl\/?attachment_id=538'><img width=\"150\" height=\"150\" src=\"http:\/\/caritas.diecezja.wloclawek.pl\/wp-content\/uploads\/2014\/07\/plecaki_bp5-150x150.jpg\" class=\"attachment-thumbnail size-thumbnail\" alt=\"\" loading=\"lazy\" srcset=\"http:\/\/caritas.diecezja.wloclawek.pl\/wp-content\/uploads\/2014\/07\/plecaki_bp5-150x150.jpg 150w, http:\/\/caritas.diecezja.wloclawek.pl\/wp-content\/uploads\/2014\/07\/plecaki_bp5-160x160.jpg 160w, http:\/\/caritas.diecezja.wloclawek.pl\/wp-content\/uploads\/2014\/07\/plecaki_bp5-320x320.jpg 320w\" sizes=\"(max-width: 150px) 100vw, 150px\" \/><\/a>\n\t\t\t<\/dt><\/dl><dl class='gallery-item'>\n\t\t\t<dt class='gallery-icon landscape'>\n\t\t\t\t<a href='http:\/\/caritas.diecezja.wloclawek.pl\/?attachment_id=537'><img width=\"150\" height=\"150\" src=\"http:\/\/caritas.diecezja.wloclawek.pl\/wp-content\/uploads\/2014\/07\/plecaki_bp4-150x150.jpg\" class=\"attachment-thumbnail size-thumbnail\" alt=\"\" loading=\"lazy\" srcset=\"http:\/\/caritas.diecezja.wloclawek.pl\/wp-content\/uploads\/2014\/07\/plecaki_bp4-150x150.jpg 150w, http:\/\/caritas.diecezja.wloclawek.pl\/wp-content\/uploads\/2014\/07\/plecaki_bp4-160x160.jpg 160w, http:\/\/caritas.diecezja.wloclawek.pl\/wp-content\/uploads\/2014\/07\/plecaki_bp4-320x320.jpg 320w\" sizes=\"(max-width: 150px) 100vw, 150px\" \/><\/a>\n\t\t\t<\/dt><\/dl><br style=\"clear: both\" \/><dl class='gallery-item'>\n\t\t\t<dt class='gallery-icon portrait'>\n\t\t\t\t<a href='http:\/\/caritas.diecezja.wloclawek.pl\/?attachment_id=536'><img width=\"150\" height=\"150\" src=\"http:\/\/caritas.diecezja.wloclawek.pl\/wp-content\/uploads\/2014\/07\/plecaki_bp3-150x150.jpg\" class=\"attachment-thumbnail size-thumbnail\" alt=\"\" loading=\"lazy\" srcset=\"http:\/\/caritas.diecezja.wloclawek.pl\/wp-content\/uploads\/2014\/07\/plecaki_bp3-150x150.jpg 150w, http:\/\/caritas.diecezja.wloclawek.pl\/wp-content\/uploads\/2014\/07\/plecaki_bp3-160x160.jpg 160w, http:\/\/caritas.diecezja.wloclawek.pl\/wp-content\/uploads\/2014\/07\/plecaki_bp3-320x320.jpg 320w\" sizes=\"(max-width: 150px) 100vw, 150px\" \/><\/a>\n\t\t\t<\/dt><\/dl><dl class='gallery-item'>\n\t\t\t<dt class='gallery-icon landscape'>\n\t\t\t\t<a href='http:\/\/caritas.diecezja.wloclawek.pl\/?attachment_id=535'><img width=\"150\" height=\"150\" src=\"http:\/\/caritas.diecezja.wloclawek.pl\/wp-content\/uploads\/2014\/07\/plecaki_bp2-150x150.jpg\" class=\"attachment-thumbnail size-thumbnail\" alt=\"\" loading=\"lazy\" srcset=\"http:\/\/caritas.diecezja.wloclawek.pl\/wp-content\/uploads\/2014\/07\/plecaki_bp2-150x150.jpg 150w, http:\/\/caritas.diecezja.wloclawek.pl\/wp-content\/uploads\/2014\/07\/plecaki_bp2-160x160.jpg 160w, http:\/\/caritas.diecezja.wloclawek.pl\/wp-content\/uploads\/2014\/07\/plecaki_bp2-320x320.jpg 320w\" sizes=\"(max-width: 150px) 100vw, 150px\" \/><\/a>\n\t\t\t<\/dt><\/dl><dl class='gallery-item'>\n\t\t\t<dt class='gallery-icon landscape'>\n\t\t\t\t<a href='http:\/\/caritas.diecezja.wloclawek.pl\/?attachment_id=534'><img width=\"150\" height=\"150\" src=\"http:\/\/caritas.diecezja.wloclawek.pl\/wp-content\/uploads\/2014\/07\/plecaki_bp1-150x150.jpg\" class=\"attachment-thumbnail size-thumbnail\" alt=\"\" loading=\"lazy\" srcset=\"http:\/\/caritas.diecezja.wloclawek.pl\/wp-content\/uploads\/2014\/07\/plecaki_bp1-150x150.jpg 150w, http:\/\/caritas.diecezja.wloclawek.pl\/wp-content\/uploads\/2014\/07\/plecaki_bp1-160x160.jpg 160w, http:\/\/caritas.diecezja.wloclawek.pl\/wp-content\/uploads\/2014\/07\/plecaki_bp1-320x320.jpg 320w\" sizes=\"(max-width: 150px) 100vw, 150px\" \/><\/a>\n\t\t\t<\/dt><\/dl>\n\t\t\t<br style='clear: both' \/>\n\t\t<\/div>\n\n","protected":false},"excerpt":{"rendered":"<p>&#46;&#46;&#46;<\/p>\n","protected":false},"author":1,"featured_media":537,"comment_status":"open","ping_status":"open","sticky":false,"template":"","format":"standard","meta":[],"categories":[2],"tags":[],"_links":{"self":[{"href":"http:\/\/caritas.diecezja.wloclawek.pl\/index.php?rest_route=\/wp\/v2\/posts\/532"}],"collection":[{"href":"http:\/\/caritas.diecezja.wloclawek.pl\/index.php?rest_route=\/wp\/v2\/posts"}],"about":[{"href":"http:\/\/caritas.diecezja.wloclawek.pl\/index.php?rest_route=\/wp\/v2\/types\/post"}],"author":[{"embeddable":true,"href":"http:\/\/caritas.diecezja.wloclawek.pl\/index.php?rest_route=\/wp\/v2\/users\/1"}],"replies":[{"embeddable":true,"href":"http:\/\/caritas.diecezja.wloclawek.pl\/index.php?rest_route=%2Fwp%2Fv2%2Fcomments&post=532"}],"version-history":[{"count":3,"href":"http:\/\/caritas.diecezja.wloclawek.pl\/index.php?rest_route=\/wp\/v2\/posts\/532\/revisions"}],"predecessor-version":[{"id":542,"href":"http:\/\/caritas.diecezja.wloclawek.pl\/index.php?rest_route=\/wp\/v2\/posts\/532\/revisions\/542"}],"wp:featuredmedia":[{"embeddable":true,"href":"http:\/\/caritas.diecezja.wloclawek.pl\/index.php?rest_route=\/wp\/v2\/media\/537"}],"wp:attachment":[{"href":"http:\/\/caritas.diecezja.wloclawek.pl\/index.php?rest_route=%2Fwp%2Fv2%2Fmedia&parent=532"}],"wp:term":[{"taxonomy":"category","embeddable":true,"href":"http:\/\/caritas.diecezja.wloclawek.pl\/index.php?rest_route=%2Fwp%2Fv2%2Fcategories&post=532"},{"taxonomy":"post_tag","embeddable":true,"href":"http:\/\/caritas.diecezja.wloclawek.pl\/index.php?rest_route=%2Fwp%2Fv2%2Ftags&post=532"}],"curies":[{"name":"wp","href":"https:\/\/api.w.org\/{rel}","templated":true}]}}