{"id":530,"date":"2014-08-09T22:45:51","date_gmt":"2014-08-09T21:45:51","guid":{"rendered":"http:\/\/caritas.diecezja.wloclawek.pl\/?p=530"},"modified":"2017-10-27T22:47:44","modified_gmt":"2017-10-27T21:47:44","slug":"szpital-dla-gazy","status":"publish","type":"post","link":"http:\/\/caritas.diecezja.wloclawek.pl\/?p=530","title":{"rendered":"Szpital dla Gazy"},"content":{"rendered":"<p>Caritas Polska rozpoczyna zbi\u00f3rk\u0119 funduszy na \u015brodki medyczne dla mieszka\u0144c\u00f3w GAZY. O pomoc dla miasta znajduj\u0105cego si\u0119 w dramatycznej sytuacji humanitarnej apeluje Caritas Internationalis.<\/p>\n<p>Agencja ONZ ds. Pomocy Uchod\u017acom Palesty\u0144skim na Bliskim Wschodzie wraz z palesty\u0144skim Ministerstwem Zdrowia zwr\u00f3ci\u0142y si\u0119 do Caritas Jerozolima o wsparcie i koordynacj\u0119 pomocy poszkodowanym, kt\u00f3rzy przebywaj\u0105 w plac\u00f3wkach medycznych. Stale ro\u015bnie liczba<br \/>\npacjent\u00f3w wymagaj\u0105cych leczenia, a instytucje pa\u0144stwowe nie s\u0105 w stanie samodzielnie odpowiedzie\u0107 na kryzys. Caritas wraz z Ministerstwem Zdrowia identyfikuje potrzeby szpitali w Gazie; instytucje opracowa\u0142y list\u0119 niezb\u0119dnych lek\u00f3w oraz \u015brodk\u00f3w medycznych.<\/p>\n<p>W Gazie pracuje 17 osobowy zesp\u00f3\u0142 Caritas Jerozolima, kt\u00f3ry zajmuje si\u0119 \u015bwiadczeniem pomocy medycznej oraz dystrybucj\u0105 pakiet\u00f3w \u017cywno\u015bciowych, higienicznych i wody pitnej.<br \/>\nSabbagh Ameen &#8211; Pracownik Caritas Jerozolima przebywaj\u0105cy w Gazie relacjonuje: \u201ePo trzech tygodniach wojny, w Gazie nie ma \u017cycia, jest wielu zabitych i rannych. Ponad 200 000 os\u00f3b musia\u0142o opu\u015bci\u0107 swoje domy. W Gazie nie ma pr\u0105du, nie ma internetu, brakuje czystej, pitnej<br \/>\nwody. Boimy si\u0119 nocnych nalot\u00f3w i bombardowa\u0144, dzieci s\u0105 szczeg\u00f3lnie przera\u017cone\u201d<\/p>\n<p>Zebrane przez Caritas Polska \u015brodki finansowe zostan\u0105 przekazane do Caritas Jerozolima, ta za\u015b zakupi niezb\u0119dne medykamenty i przeka\u017ce je do zespo\u0142u Caritas w Gazie.<\/p>\n<p>Akcja SZPITAL DLA GAZY b\u0119dzie prowadzona do 04.08 do odwo\u0142ania.<\/p>\n<p>Akcj\u0119 mo\u017cna wspom\u00f3c wysy\u0142aj\u0105c SMS z has\u0142em GAZA pod numer 72052 koszt 2,46z\u0142 z vat, lub wp\u0142acaj\u0105c \u015brodki na konto Caritas PL 77 1160 2202 0000 0000 3436 4384 z dopiskiem GAZA<\/p>\n<p>Szczeg\u00f3\u0142y na stronie <a href=\"http:\/\/www.akcjecaritas.com\">www.akcjecaritas.com<\/a><\/p>\n<p>&nbsp;<\/p>\n","protected":false},"excerpt":{"rendered":"<p>&#46;&#46;&#46;<\/p>\n","protected":false},"author":1,"featured_media":0,"comment_status":"open","ping_status":"open","sticky":false,"template":"","format":"standard","meta":[],"categories":[2],"tags":[],"_links":{"self":[{"href":"http:\/\/caritas.diecezja.wloclawek.pl\/index.php?rest_route=\/wp\/v2\/posts\/530"}],"collection":[{"href":"http:\/\/caritas.diecezja.wloclawek.pl\/index.php?rest_route=\/wp\/v2\/posts"}],"about":[{"href":"http:\/\/caritas.diecezja.wloclawek.pl\/index.php?rest_route=\/wp\/v2\/types\/post"}],"author":[{"embeddable":true,"href":"http:\/\/caritas.diecezja.wloclawek.pl\/index.php?rest_route=\/wp\/v2\/users\/1"}],"replies":[{"embeddable":true,"href":"http:\/\/caritas.diecezja.wloclawek.pl\/index.php?rest_route=%2Fwp%2Fv2%2Fcomments&post=530"}],"version-history":[{"count":1,"href":"http:\/\/caritas.diecezja.wloclawek.pl\/index.php?rest_route=\/wp\/v2\/posts\/530\/revisions"}],"predecessor-version":[{"id":531,"href":"http:\/\/caritas.diecezja.wloclawek.pl\/index.php?rest_route=\/wp\/v2\/posts\/530\/revisions\/531"}],"wp:attachment":[{"href":"http:\/\/caritas.diecezja.wloclawek.pl\/index.php?rest_route=%2Fwp%2Fv2%2Fmedia&parent=530"}],"wp:term":[{"taxonomy":"category","embeddable":true,"href":"http:\/\/caritas.diecezja.wloclawek.pl\/index.php?rest_route=%2Fwp%2Fv2%2Fcategories&post=530"},{"taxonomy":"post_tag","embeddable":true,"href":"http:\/\/caritas.diecezja.wloclawek.pl\/index.php?rest_route=%2Fwp%2Fv2%2Ftags&post=530"}],"curies":[{"name":"wp","href":"https:\/\/api.w.org\/{rel}","templated":true}]}}