{"id":527,"date":"2014-08-11T22:43:29","date_gmt":"2014-08-11T21:43:29","guid":{"rendered":"http:\/\/caritas.diecezja.wloclawek.pl\/?p=527"},"modified":"2017-10-27T22:45:36","modified_gmt":"2017-10-27T21:45:36","slug":"zamiast-kwiatka-dla-ucznia-szkolna-wyprawka","status":"publish","type":"post","link":"http:\/\/caritas.diecezja.wloclawek.pl\/?p=527","title":{"rendered":"Zamiast kwiatka, dla ucznia szkolna wyprawka"},"content":{"rendered":"<p>Caritas Diecezji W\u0142oc\u0142awskiej zaprasza M\u0142ode Pary do wzi\u0119cia udzia\u0142u w akcji \u201etornister pe\u0142en u\u015bmiech\u00f3w\u201d, w ramach kt\u00f3rej go\u015bcie weselni zamiast kwiat\u00f3w mog\u0105 podarowa\u0107 przybory szkolne.<\/p>\n<p>Zach\u0119camy narzeczonych, m\u0142ode pary, by w dniu swojego \u015blubu obdarzyli innych, potrzebuj\u0105cych swoj\u0105 mi\u0142o\u015bci\u0105, a przede wszystkim wsparciem. Go\u015bcie weselni mog\u0105 ofiarowa\u0107 na rzecz dzieci przybory szkolne, ksi\u0105\u017cki, b\u0105d\u017a te\u017c mog\u0105 wrzuci\u0107 do skarbonki symboliczne \u201epar\u0119 z\u0142otych\u201d przeznaczone na wype\u0142nienie plecak\u00f3w pomocami naukowymi.<\/p>\n<p>Caritas W\u0142oc\u0142awska w tym roku po raz pierwszy bierze udzia\u0142 w akcji \u201etornister pe\u0142en u\u015bmiech\u00f3w\u201d i chce przed rozpocz\u0119ciem roku szkolnego przekaza\u0107 za po\u015brednictwem Szkolnych K\u00f3\u0142 Caritas i Parafialnych Zespo\u0142\u00f3w Caritas 78 plecak\u00f3w z wyprawkami dzieciom z najubo\u017cszych rodzin w parafiach naszej diecezji.<\/p>\n<p>&nbsp;<\/p>\n<p><a href=\"http:\/\/caritas.diecezja.wloclawek.pl\/wp-content\/uploads\/2017\/10\/Tornister-pelen-usmiechow-2014.jpg\"><img loading=\"lazy\" class=\"aligncenter size-medium wp-image-528\" src=\"http:\/\/caritas.diecezja.wloclawek.pl\/wp-content\/uploads\/2017\/10\/Tornister-pelen-usmiechow-2014-300x238.jpg\" alt=\"\" width=\"300\" height=\"238\" srcset=\"http:\/\/caritas.diecezja.wloclawek.pl\/wp-content\/uploads\/2017\/10\/Tornister-pelen-usmiechow-2014-300x238.jpg 300w, http:\/\/caritas.diecezja.wloclawek.pl\/wp-content\/uploads\/2017\/10\/Tornister-pelen-usmiechow-2014.jpg 687w\" sizes=\"(max-width: 300px) 100vw, 300px\" \/><\/a><\/p>\n","protected":false},"excerpt":{"rendered":"<p>&#46;&#46;&#46;<\/p>\n","protected":false},"author":1,"featured_media":528,"comment_status":"open","ping_status":"open","sticky":false,"template":"","format":"standard","meta":[],"categories":[2],"tags":[],"_links":{"self":[{"href":"http:\/\/caritas.diecezja.wloclawek.pl\/index.php?rest_route=\/wp\/v2\/posts\/527"}],"collection":[{"href":"http:\/\/caritas.diecezja.wloclawek.pl\/index.php?rest_route=\/wp\/v2\/posts"}],"about":[{"href":"http:\/\/caritas.diecezja.wloclawek.pl\/index.php?rest_route=\/wp\/v2\/types\/post"}],"author":[{"embeddable":true,"href":"http:\/\/caritas.diecezja.wloclawek.pl\/index.php?rest_route=\/wp\/v2\/users\/1"}],"replies":[{"embeddable":true,"href":"http:\/\/caritas.diecezja.wloclawek.pl\/index.php?rest_route=%2Fwp%2Fv2%2Fcomments&post=527"}],"version-history":[{"count":1,"href":"http:\/\/caritas.diecezja.wloclawek.pl\/index.php?rest_route=\/wp\/v2\/posts\/527\/revisions"}],"predecessor-version":[{"id":529,"href":"http:\/\/caritas.diecezja.wloclawek.pl\/index.php?rest_route=\/wp\/v2\/posts\/527\/revisions\/529"}],"wp:featuredmedia":[{"embeddable":true,"href":"http:\/\/caritas.diecezja.wloclawek.pl\/index.php?rest_route=\/wp\/v2\/media\/528"}],"wp:attachment":[{"href":"http:\/\/caritas.diecezja.wloclawek.pl\/index.php?rest_route=%2Fwp%2Fv2%2Fmedia&parent=527"}],"wp:term":[{"taxonomy":"category","embeddable":true,"href":"http:\/\/caritas.diecezja.wloclawek.pl\/index.php?rest_route=%2Fwp%2Fv2%2Fcategories&post=527"},{"taxonomy":"post_tag","embeddable":true,"href":"http:\/\/caritas.diecezja.wloclawek.pl\/index.php?rest_route=%2Fwp%2Fv2%2Ftags&post=527"}],"curies":[{"name":"wp","href":"https:\/\/api.w.org\/{rel}","templated":true}]}}