{"id":524,"date":"2014-08-18T22:40:46","date_gmt":"2014-08-18T21:40:46","guid":{"rendered":"http:\/\/caritas.diecezja.wloclawek.pl\/?p=524"},"modified":"2017-10-27T22:43:23","modified_gmt":"2017-10-27T21:43:23","slug":"tornister-pelen-usmiechow","status":"publish","type":"post","link":"http:\/\/caritas.diecezja.wloclawek.pl\/?p=524","title":{"rendered":"Tornister pe\u0142en u\u015bmiech\u00f3w"},"content":{"rendered":"<p>Caritas pomaga dzieciom wej\u015b\u0107 z u\u015bmiechem w nowy rok szkolny. Po raz sz\u00f3sty zbieramy fundusze na zakup wyprawek szkolnych dla dzieci z ubogich rodzin. W 2013 roku uda\u0142o nam si\u0119 przekaza\u0107 blisko 30 tysi\u0119cy wyprawek.<br \/>\nW kampani\u0119 w\u0142\u0105czaj\u0105 si\u0119 diecezjalne Caritas w ca\u0142ej Polsce. W wielu parafiach do specjalnych koszy zbierane b\u0119d\u0105 podstawowe artyku\u0142y szkolne, kt\u00f3re wype\u0142ni\u0105 plecaki zakupione przez Caritas. Akcj\u0119 mo\u017cna te\u017c wspom\u00f3c wysy\u0142aj\u0105c SMS z has\u0142em Tornister lub dokonuj\u0105c wp\u0142aty na konto Caritas.<\/p>\n<p>\u2013 Jak informuje GUS, ponad milion polskich dzieci \u017cyje w ub\u00f3stwie a koszt wyprawki szkolnej cz\u0119sto przekracza mo\u017cliwo\u015bci rodzic\u00f3w. Poprzez wsparcie dzieci w okresie edukacji wspieramy nasze w\u0142asne spo\u0142ecze\u0144stwo. Starajmy si\u0119 da\u0107 szans\u0119 tym dzieciom, kt\u00f3re s\u0105 w trudnej sytuacji \u017cyciowej.\u201d \u2013 m\u00f3wi dyrektor Caritas Polska ks. Marian Subocz.<\/p>\n<p>Zakup wyprawki szkolnej, szczeg\u00f3lnie dla rodzin wielodzietnych jest du\u017cym wyzwaniem: \u201eTen wydatek cz\u0119sto jest po to, \u017ceby nasze dzieci nie musia\u0142y si\u0119 wstydzi\u0107 w szkole. Wyposa\u017cenie tornistra, plecaki, stroje sportowe, ksi\u0105\u017cki, buty &#8211; my\u015bl\u0119, \u017ce to jest minimum tysi\u0105c z\u0142otych na dziecko\u201d \u2013 m\u00f3wi Cezary Jurkiewicz, ojciec \u00f3semki dzieci.<\/p>\n<p>Tegoroczn\u0105 kampani\u0119 Tornister pe\u0142en U\u015bmiech\u00f3w po raz kolejny wspieraj\u0105 wydawcy edukacyjni z Sekcji Wydawc\u00f3w Edukacyjnych Polskiej Izby Ksi\u0105\u017cki. Wydawnictwa: WSiP, Nowa Era, Oxford University Press, Pearson i Macmillan za po\u015brednictwem Caritas bezp\u0142atnie przekazuj\u0105 swoje podr\u0119czniki dzieciom 8 tysi\u0105com dzieci. \u2013 \u201eRazem w grupie pi\u0119ciu wydawc\u00f3w edukacyjnych przeka\u017cemy w tym roku pomoc o warto\u015bci kilkuset tysi\u0119cy z\u0142otych. Kiedy dzia\u0142amy przez Caritas mamy gwarancj\u0119, \u017ce nasza pomoc trafia do tych, kt\u00f3rzy jej naprawd\u0119 potrzebuj\u0105.\u201d \u2013 powiedzia\u0142 Jaros\u0142aw Matuszewski, przewodnicz\u0105cy sekcji wydawc\u00f3w edukacyjnych w Polskiej Izbie Ksi\u0105\u017cki. Kampani\u0119 wspiera r\u00f3wnie\u017c firma BIC &#8211; producent artyku\u0142\u00f3w biurowych, przekazuj\u0105c \u015brodki na zakup wyprawek szkolnych z prowadzonej przez siebie akcji \u201eB\u0105d\u017a BIC bohaterem\u201d.<\/p>\n<p>Wa\u017cnym elementem kampanii jest jej wielki fina\u0142. Tegoroczny piknik odb\u0119dzie si\u0119 24 sierpnia w Przemy\u015blu. 8 tysi\u0119cy dzieci, kt\u00f3re przyjd\u0105 na przemyski rynek otrzyma \u201eTornistry pe\u0142ne u\u015bmiech\u00f3w\u201d. W trakcie pikniku odb\u0119d\u0105 si\u0119 koncerty \u0141ukasza Zagrobelnego i zespo\u0142u Lombard, kt\u00f3ry w 2006 roku otrzyma\u0142 nagrod\u0119 Ubi Caritas za wspieranie dzia\u0142alno\u015bci charytatywnej.<\/p>\n<p>Akcj\u0119 mo\u017cna wspom\u00f3c wysy\u0142aj\u0105c SMS z has\u0142em \u201eTORNISTER\u201d pod numer 72052 (2,46 z\u0142) oraz wp\u0142acaj\u0105c \u015brodki na konto Caritas PL 77 1160 2202 0000 0000 3436 4384 z dopiskiem \u201eTornister Pe\u0142en U\u015bmiech\u00f3w\u201d.<\/p>\n<p>&nbsp;<\/p>\n<p><a href=\"http:\/\/caritas.diecezja.wloclawek.pl\/wp-content\/uploads\/2017\/10\/Baner-akcji-TORNISTER-2.jpg\"><img loading=\"lazy\" class=\"aligncenter size-medium wp-image-525\" src=\"http:\/\/caritas.diecezja.wloclawek.pl\/wp-content\/uploads\/2017\/10\/Baner-akcji-TORNISTER-2-300x60.jpg\" alt=\"\" width=\"300\" height=\"60\" srcset=\"http:\/\/caritas.diecezja.wloclawek.pl\/wp-content\/uploads\/2017\/10\/Baner-akcji-TORNISTER-2-300x60.jpg 300w, http:\/\/caritas.diecezja.wloclawek.pl\/wp-content\/uploads\/2017\/10\/Baner-akcji-TORNISTER-2.jpg 739w\" sizes=\"(max-width: 300px) 100vw, 300px\" \/><\/a><\/p>\n","protected":false},"excerpt":{"rendered":"<p>&#46;&#46;&#46;<\/p>\n","protected":false},"author":1,"featured_media":0,"comment_status":"open","ping_status":"open","sticky":false,"template":"","format":"standard","meta":[],"categories":[2],"tags":[],"_links":{"self":[{"href":"http:\/\/caritas.diecezja.wloclawek.pl\/index.php?rest_route=\/wp\/v2\/posts\/524"}],"collection":[{"href":"http:\/\/caritas.diecezja.wloclawek.pl\/index.php?rest_route=\/wp\/v2\/posts"}],"about":[{"href":"http:\/\/caritas.diecezja.wloclawek.pl\/index.php?rest_route=\/wp\/v2\/types\/post"}],"author":[{"embeddable":true,"href":"http:\/\/caritas.diecezja.wloclawek.pl\/index.php?rest_route=\/wp\/v2\/users\/1"}],"replies":[{"embeddable":true,"href":"http:\/\/caritas.diecezja.wloclawek.pl\/index.php?rest_route=%2Fwp%2Fv2%2Fcomments&post=524"}],"version-history":[{"count":1,"href":"http:\/\/caritas.diecezja.wloclawek.pl\/index.php?rest_route=\/wp\/v2\/posts\/524\/revisions"}],"predecessor-version":[{"id":526,"href":"http:\/\/caritas.diecezja.wloclawek.pl\/index.php?rest_route=\/wp\/v2\/posts\/524\/revisions\/526"}],"wp:attachment":[{"href":"http:\/\/caritas.diecezja.wloclawek.pl\/index.php?rest_route=%2Fwp%2Fv2%2Fmedia&parent=524"}],"wp:term":[{"taxonomy":"category","embeddable":true,"href":"http:\/\/caritas.diecezja.wloclawek.pl\/index.php?rest_route=%2Fwp%2Fv2%2Fcategories&post=524"},{"taxonomy":"post_tag","embeddable":true,"href":"http:\/\/caritas.diecezja.wloclawek.pl\/index.php?rest_route=%2Fwp%2Fv2%2Ftags&post=524"}],"curies":[{"name":"wp","href":"https:\/\/api.w.org\/{rel}","templated":true}]}}