{"id":519,"date":"2014-09-01T22:37:28","date_gmt":"2014-09-01T21:37:28","guid":{"rendered":"http:\/\/caritas.diecezja.wloclawek.pl\/?p=519"},"modified":"2017-10-27T22:40:39","modified_gmt":"2017-10-27T21:40:39","slug":"tornister-pelen-usmiechow-i-dozywianie-dzieci-w-parafii-sw-pawla-w-zdunskiej-woli","status":"publish","type":"post","link":"http:\/\/caritas.diecezja.wloclawek.pl\/?p=519","title":{"rendered":"&#8222;Tornister pe\u0142en u\u015bmiech\u00f3w&#8221; i do\u017cywianie dzieci w parafii \u015bw. Paw\u0142a w Zdu\u0144skiej Woli"},"content":{"rendered":"<p>Parafialny Zesp\u00f3\u0142 Caritas dzia\u0142aj\u0105cy przy Parafii \u015bw. Paw\u0142a Aposto\u0142a w Zdu\u0144skiej Woli zako\u0144czy\u0142 kolejn\u0105 edycj\u0119 akcji \u201eTornister pe\u0142en u\u015bmiech\u00f3w\u201d.<\/p>\n<p>Dzi\u0119ki \u017cyczliwo\u015bci dobrych ludzi w tym roku przygotowano wyprawki szkolne dla 24 dzieci z rodzin obj\u0119tych opiek\u0105 Caritas. Tornistry i przybory szkolne zosta\u0142y po\u015bwi\u0119cone podczas Mszy \u015awi\u0119tej na rozpocz\u0119cie kolejnego roku szkolnego i katechetycznego 31 sierpnia br.<\/p>\n<p>Ponadto PZC dzia\u0142aj\u0105cy przy parafii w roku szkolnym 2013\/2014 fundowa\u0142 8 obiad\u00f3w dla dzieci ze szk\u00f3\u0142 podstawowych z terenu parafii.<br \/>\nW roku szkolnym 2014\/2015 obj\u0119to do\u017cywianiem 10 os\u00f3b. Akcja ta cieszy si\u0119 coraz wi\u0119kszym zainteresowaniem. S\u0105 osoby, kt\u00f3re bior\u0105 w roku szkolnym jedno dziecko pod swoj\u0105 opiek\u0119 funduj\u0105c posi\u0142ek.<\/p>\n<p>ks. Andrzej Jaworski<\/p>\n<p><a href=\"http:\/\/caritas.diecezja.wloclawek.pl\/wp-content\/uploads\/2017\/10\/bbbb1.jpg\"><img loading=\"lazy\" class=\"aligncenter  wp-image-520\" src=\"http:\/\/caritas.diecezja.wloclawek.pl\/wp-content\/uploads\/2017\/10\/bbbb1-300x200.jpg\" alt=\"\" width=\"374\" height=\"249\" srcset=\"http:\/\/caritas.diecezja.wloclawek.pl\/wp-content\/uploads\/2017\/10\/bbbb1-300x200.jpg 300w, http:\/\/caritas.diecezja.wloclawek.pl\/wp-content\/uploads\/2017\/10\/bbbb1.jpg 640w\" sizes=\"(max-width: 374px) 100vw, 374px\" \/><\/a><\/p>\n<p><a href=\"http:\/\/caritas.diecezja.wloclawek.pl\/wp-content\/uploads\/2017\/10\/bbbb2.jpg\"><img loading=\"lazy\" class=\"aligncenter  wp-image-521\" src=\"http:\/\/caritas.diecezja.wloclawek.pl\/wp-content\/uploads\/2017\/10\/bbbb2-300x200.jpg\" alt=\"\" width=\"385\" height=\"256\" srcset=\"http:\/\/caritas.diecezja.wloclawek.pl\/wp-content\/uploads\/2017\/10\/bbbb2-300x200.jpg 300w, http:\/\/caritas.diecezja.wloclawek.pl\/wp-content\/uploads\/2017\/10\/bbbb2.jpg 640w\" sizes=\"(max-width: 385px) 100vw, 385px\" \/><\/a><\/p>\n<p><a href=\"http:\/\/caritas.diecezja.wloclawek.pl\/wp-content\/uploads\/2017\/10\/bbbb3.jpg\"><img loading=\"lazy\" class=\"aligncenter  wp-image-522\" src=\"http:\/\/caritas.diecezja.wloclawek.pl\/wp-content\/uploads\/2017\/10\/bbbb3-300x200.jpg\" alt=\"\" width=\"382\" height=\"255\" srcset=\"http:\/\/caritas.diecezja.wloclawek.pl\/wp-content\/uploads\/2017\/10\/bbbb3-300x200.jpg 300w, http:\/\/caritas.diecezja.wloclawek.pl\/wp-content\/uploads\/2017\/10\/bbbb3.jpg 640w\" sizes=\"(max-width: 382px) 100vw, 382px\" \/><\/a><\/p>\n","protected":false},"excerpt":{"rendered":"<p>&#46;&#46;&#46;<\/p>\n","protected":false},"author":1,"featured_media":522,"comment_status":"open","ping_status":"open","sticky":false,"template":"","format":"standard","meta":[],"categories":[2],"tags":[],"_links":{"self":[{"href":"http:\/\/caritas.diecezja.wloclawek.pl\/index.php?rest_route=\/wp\/v2\/posts\/519"}],"collection":[{"href":"http:\/\/caritas.diecezja.wloclawek.pl\/index.php?rest_route=\/wp\/v2\/posts"}],"about":[{"href":"http:\/\/caritas.diecezja.wloclawek.pl\/index.php?rest_route=\/wp\/v2\/types\/post"}],"author":[{"embeddable":true,"href":"http:\/\/caritas.diecezja.wloclawek.pl\/index.php?rest_route=\/wp\/v2\/users\/1"}],"replies":[{"embeddable":true,"href":"http:\/\/caritas.diecezja.wloclawek.pl\/index.php?rest_route=%2Fwp%2Fv2%2Fcomments&post=519"}],"version-history":[{"count":1,"href":"http:\/\/caritas.diecezja.wloclawek.pl\/index.php?rest_route=\/wp\/v2\/posts\/519\/revisions"}],"predecessor-version":[{"id":523,"href":"http:\/\/caritas.diecezja.wloclawek.pl\/index.php?rest_route=\/wp\/v2\/posts\/519\/revisions\/523"}],"wp:featuredmedia":[{"embeddable":true,"href":"http:\/\/caritas.diecezja.wloclawek.pl\/index.php?rest_route=\/wp\/v2\/media\/522"}],"wp:attachment":[{"href":"http:\/\/caritas.diecezja.wloclawek.pl\/index.php?rest_route=%2Fwp%2Fv2%2Fmedia&parent=519"}],"wp:term":[{"taxonomy":"category","embeddable":true,"href":"http:\/\/caritas.diecezja.wloclawek.pl\/index.php?rest_route=%2Fwp%2Fv2%2Fcategories&post=519"},{"taxonomy":"post_tag","embeddable":true,"href":"http:\/\/caritas.diecezja.wloclawek.pl\/index.php?rest_route=%2Fwp%2Fv2%2Ftags&post=519"}],"curies":[{"name":"wp","href":"https:\/\/api.w.org\/{rel}","templated":true}]}}