{"id":497,"date":"2014-09-02T22:31:49","date_gmt":"2014-09-02T21:31:49","guid":{"rendered":"http:\/\/caritas.diecezja.wloclawek.pl\/?p=497"},"modified":"2017-10-27T22:37:02","modified_gmt":"2017-10-27T21:37:02","slug":"kolonie-dzieci-ze-swietlicy-caritas","status":"publish","type":"post","link":"http:\/\/caritas.diecezja.wloclawek.pl\/?p=497","title":{"rendered":"Kolonie dzieci ze \u015bwietlicy Caritas"},"content":{"rendered":"<p>\u201eId\u017acie i wypocznijcie nieco\u201d \u2013 te s\u0142owa bardzo dobrze brzmi\u0105 w okresie wakacji, gdy ka\u017cda osoba po ca\u0142orocznej nauce i pracy powinna odpocz\u0105\u0107 i zregenerowa\u0107 si\u0142y. To has\u0142o przy\u015bwieca\u0142o r\u00f3wnie\u017c tegorocznym koloniom zorganizowanym przez Caritas Diecezji W\u0142oc\u0142awskiej.<br \/>\nW pierwszym tygodniu sierpnia, od 4 do 11 sierpnia br., 24 podopiecznych \u015bwietlicy socjoterapeutycznej Caritas odpoczywa\u0142o na Jurze Krakowsko-Cz\u0119stochowskiej. Atrakcji by\u0142o tak du\u017co, \u017ce czasu na \u201eleniuchowanie\u201d by\u0142o niewiele, a czasem nawet trzeba by\u0142o rezygnowa\u0107 z jakiego\u015b zaplanowanego punktu dnia. Dzieci uczestniczy\u0142y w wielu wycieczkach. Zwiedzi\u0142y mi\u0119dzy innymi Cz\u0119stochow\u0119, Ogrodzieniec, Sanktuarium Matki Bo\u017cej Szkaplerznej w Czernej, Muzeum Afrykanistyczne w Olkuszu, a tak\u017ce Krak\u00f3w. Nie zabrak\u0142o r\u00f3wnie\u017c k\u0105pieli na okolicznych basenach krytych i otwartych, gdy\u017c pogoda dopisywa\u0142a przez ca\u0142y pobyt.<br \/>\nNad bezpiecze\u0144stwem dzieci czuwali wychowawcy, kt\u00f3rzy wk\u0142adali wiele serca w organizowanie kolonistom czasu. Przygotowali Spartakiad\u0119, czyli Kolonijne Igrzyska Sportowe, kt\u00f3re podopiecznym bardzo przypad\u0142y do gustu, a wymy\u015blone konkurencje wywo\u0142ywa\u0142y du\u017co rado\u015bci. Ponadto byli inicjatorami Dnia \u017byczliwo\u015bci oraz rozgrywek pi\u0142karskich.<br \/>\nPr\u00f3cz wsp\u00f3lnych wypad\u00f3w na wycieczki, zabaw czy seansu kinowego, nie zabrak\u0142o aspektu duchowego. Ka\u017cdy dzie\u0144 koloni\u015bci rozpoczynali bowiem od modlitwy i \u201eDobrego S\u0142owa\u201d, a ko\u0144czyli Apelem Jasnog\u00f3rskim. Ponadto uczestniczyli w niedzielnej Mszy \u015awi\u0119tej w miejscowym ko\u015bciele.<br \/>\nPodczas kolonii nie mog\u0142o zabrakn\u0105\u0107 tradycyjnego ogniska z pieczeniem kie\u0142basek i wsp\u00f3lnym \u015bpiewem. Natomiast na zako\u0144czenie wypoczynku odby\u0142a si\u0119 agapa podsumowuj\u0105ca ca\u0142y tydzie\u0144 wypoczynku. Podczas uroczysto\u015bci zosta\u0142 wy\u0142oniony \u201eNajsympatyczniejszy Kolonista\u201d, a tak\u017ce \u201eNajciekawsza Atrakcja Kolonii\u201d.<\/p>\n<p>&nbsp;<\/p>\n\n\t\t<style type=\"text\/css\">\n\t\t\t#gallery-1 {\n\t\t\t\tmargin: auto;\n\t\t\t}\n\t\t\t#gallery-1 .gallery-item {\n\t\t\t\tfloat: left;\n\t\t\t\tmargin-top: 10px;\n\t\t\t\ttext-align: center;\n\t\t\t\twidth: 20%;\n\t\t\t}\n\t\t\t#gallery-1 img {\n\t\t\t\tborder: 2px solid #cfcfcf;\n\t\t\t}\n\t\t\t#gallery-1 .gallery-caption {\n\t\t\t\tmargin-left: 0;\n\t\t\t}\n\t\t\t\/* see gallery_shortcode() in wp-includes\/media.php *\/\n\t\t<\/style>\n\t\t<div id='gallery-1' class='gallery galleryid-497 gallery-columns-5 gallery-size-thumbnail'><dl class='gallery-item'>\n\t\t\t<dt class='gallery-icon portrait'>\n\t\t\t\t<a href='http:\/\/caritas.diecezja.wloclawek.pl\/?attachment_id=498'><img width=\"150\" height=\"150\" src=\"http:\/\/caritas.diecezja.wloclawek.pl\/wp-content\/uploads\/2017\/10\/kolonie1-150x150.jpg\" class=\"attachment-thumbnail size-thumbnail\" alt=\"\" loading=\"lazy\" srcset=\"http:\/\/caritas.diecezja.wloclawek.pl\/wp-content\/uploads\/2017\/10\/kolonie1-150x150.jpg 150w, http:\/\/caritas.diecezja.wloclawek.pl\/wp-content\/uploads\/2017\/10\/kolonie1-160x160.jpg 160w, http:\/\/caritas.diecezja.wloclawek.pl\/wp-content\/uploads\/2017\/10\/kolonie1-320x320.jpg 320w\" sizes=\"(max-width: 150px) 100vw, 150px\" \/><\/a>\n\t\t\t<\/dt><\/dl><dl class='gallery-item'>\n\t\t\t<dt class='gallery-icon landscape'>\n\t\t\t\t<a href='http:\/\/caritas.diecezja.wloclawek.pl\/?attachment_id=499'><img width=\"150\" height=\"150\" src=\"http:\/\/caritas.diecezja.wloclawek.pl\/wp-content\/uploads\/2017\/10\/kolonie2-150x150.jpg\" class=\"attachment-thumbnail size-thumbnail\" alt=\"\" loading=\"lazy\" srcset=\"http:\/\/caritas.diecezja.wloclawek.pl\/wp-content\/uploads\/2017\/10\/kolonie2-150x150.jpg 150w, http:\/\/caritas.diecezja.wloclawek.pl\/wp-content\/uploads\/2017\/10\/kolonie2-160x160.jpg 160w, http:\/\/caritas.diecezja.wloclawek.pl\/wp-content\/uploads\/2017\/10\/kolonie2-320x320.jpg 320w\" sizes=\"(max-width: 150px) 100vw, 150px\" \/><\/a>\n\t\t\t<\/dt><\/dl><dl class='gallery-item'>\n\t\t\t<dt class='gallery-icon landscape'>\n\t\t\t\t<a href='http:\/\/caritas.diecezja.wloclawek.pl\/?attachment_id=500'><img width=\"150\" height=\"150\" src=\"http:\/\/caritas.diecezja.wloclawek.pl\/wp-content\/uploads\/2017\/10\/kolonie3-150x150.jpg\" class=\"attachment-thumbnail size-thumbnail\" alt=\"\" loading=\"lazy\" srcset=\"http:\/\/caritas.diecezja.wloclawek.pl\/wp-content\/uploads\/2017\/10\/kolonie3-150x150.jpg 150w, http:\/\/caritas.diecezja.wloclawek.pl\/wp-content\/uploads\/2017\/10\/kolonie3-160x160.jpg 160w, http:\/\/caritas.diecezja.wloclawek.pl\/wp-content\/uploads\/2017\/10\/kolonie3-320x320.jpg 320w\" sizes=\"(max-width: 150px) 100vw, 150px\" \/><\/a>\n\t\t\t<\/dt><\/dl><dl class='gallery-item'>\n\t\t\t<dt class='gallery-icon landscape'>\n\t\t\t\t<a href='http:\/\/caritas.diecezja.wloclawek.pl\/?attachment_id=501'><img width=\"150\" height=\"150\" src=\"http:\/\/caritas.diecezja.wloclawek.pl\/wp-content\/uploads\/2017\/10\/kolonie4-150x150.jpg\" class=\"attachment-thumbnail size-thumbnail\" alt=\"\" loading=\"lazy\" srcset=\"http:\/\/caritas.diecezja.wloclawek.pl\/wp-content\/uploads\/2017\/10\/kolonie4-150x150.jpg 150w, http:\/\/caritas.diecezja.wloclawek.pl\/wp-content\/uploads\/2017\/10\/kolonie4-160x160.jpg 160w, http:\/\/caritas.diecezja.wloclawek.pl\/wp-content\/uploads\/2017\/10\/kolonie4-320x320.jpg 320w\" sizes=\"(max-width: 150px) 100vw, 150px\" \/><\/a>\n\t\t\t<\/dt><\/dl><dl class='gallery-item'>\n\t\t\t<dt class='gallery-icon landscape'>\n\t\t\t\t<a href='http:\/\/caritas.diecezja.wloclawek.pl\/?attachment_id=502'><img width=\"150\" height=\"150\" src=\"http:\/\/caritas.diecezja.wloclawek.pl\/wp-content\/uploads\/2017\/10\/kolonie5-150x150.jpg\" class=\"attachment-thumbnail size-thumbnail\" alt=\"\" loading=\"lazy\" srcset=\"http:\/\/caritas.diecezja.wloclawek.pl\/wp-content\/uploads\/2017\/10\/kolonie5-150x150.jpg 150w, http:\/\/caritas.diecezja.wloclawek.pl\/wp-content\/uploads\/2017\/10\/kolonie5-160x160.jpg 160w, http:\/\/caritas.diecezja.wloclawek.pl\/wp-content\/uploads\/2017\/10\/kolonie5-320x320.jpg 320w\" sizes=\"(max-width: 150px) 100vw, 150px\" \/><\/a>\n\t\t\t<\/dt><\/dl><br style=\"clear: both\" \/><dl class='gallery-item'>\n\t\t\t<dt class='gallery-icon landscape'>\n\t\t\t\t<a href='http:\/\/caritas.diecezja.wloclawek.pl\/?attachment_id=503'><img width=\"150\" height=\"150\" src=\"http:\/\/caritas.diecezja.wloclawek.pl\/wp-content\/uploads\/2017\/10\/kolonie6-150x150.jpg\" class=\"attachment-thumbnail size-thumbnail\" alt=\"\" loading=\"lazy\" srcset=\"http:\/\/caritas.diecezja.wloclawek.pl\/wp-content\/uploads\/2017\/10\/kolonie6-150x150.jpg 150w, http:\/\/caritas.diecezja.wloclawek.pl\/wp-content\/uploads\/2017\/10\/kolonie6-160x160.jpg 160w, http:\/\/caritas.diecezja.wloclawek.pl\/wp-content\/uploads\/2017\/10\/kolonie6-320x320.jpg 320w\" sizes=\"(max-width: 150px) 100vw, 150px\" \/><\/a>\n\t\t\t<\/dt><\/dl><dl class='gallery-item'>\n\t\t\t<dt class='gallery-icon landscape'>\n\t\t\t\t<a href='http:\/\/caritas.diecezja.wloclawek.pl\/?attachment_id=504'><img width=\"150\" height=\"150\" src=\"http:\/\/caritas.diecezja.wloclawek.pl\/wp-content\/uploads\/2017\/10\/kolonie7-150x150.jpg\" class=\"attachment-thumbnail size-thumbnail\" alt=\"\" loading=\"lazy\" srcset=\"http:\/\/caritas.diecezja.wloclawek.pl\/wp-content\/uploads\/2017\/10\/kolonie7-150x150.jpg 150w, http:\/\/caritas.diecezja.wloclawek.pl\/wp-content\/uploads\/2017\/10\/kolonie7-160x160.jpg 160w, http:\/\/caritas.diecezja.wloclawek.pl\/wp-content\/uploads\/2017\/10\/kolonie7-320x320.jpg 320w\" sizes=\"(max-width: 150px) 100vw, 150px\" \/><\/a>\n\t\t\t<\/dt><\/dl><dl class='gallery-item'>\n\t\t\t<dt class='gallery-icon landscape'>\n\t\t\t\t<a href='http:\/\/caritas.diecezja.wloclawek.pl\/?attachment_id=505'><img width=\"150\" height=\"150\" src=\"http:\/\/caritas.diecezja.wloclawek.pl\/wp-content\/uploads\/2017\/10\/kolonie8-150x150.jpg\" class=\"attachment-thumbnail size-thumbnail\" alt=\"\" loading=\"lazy\" srcset=\"http:\/\/caritas.diecezja.wloclawek.pl\/wp-content\/uploads\/2017\/10\/kolonie8-150x150.jpg 150w, http:\/\/caritas.diecezja.wloclawek.pl\/wp-content\/uploads\/2017\/10\/kolonie8-160x160.jpg 160w, http:\/\/caritas.diecezja.wloclawek.pl\/wp-content\/uploads\/2017\/10\/kolonie8-320x320.jpg 320w\" sizes=\"(max-width: 150px) 100vw, 150px\" \/><\/a>\n\t\t\t<\/dt><\/dl><dl class='gallery-item'>\n\t\t\t<dt class='gallery-icon portrait'>\n\t\t\t\t<a href='http:\/\/caritas.diecezja.wloclawek.pl\/?attachment_id=506'><img width=\"150\" height=\"150\" src=\"http:\/\/caritas.diecezja.wloclawek.pl\/wp-content\/uploads\/2017\/10\/kolonie9-150x150.jpg\" class=\"attachment-thumbnail size-thumbnail\" alt=\"\" loading=\"lazy\" srcset=\"http:\/\/caritas.diecezja.wloclawek.pl\/wp-content\/uploads\/2017\/10\/kolonie9-150x150.jpg 150w, http:\/\/caritas.diecezja.wloclawek.pl\/wp-content\/uploads\/2017\/10\/kolonie9-160x160.jpg 160w, http:\/\/caritas.diecezja.wloclawek.pl\/wp-content\/uploads\/2017\/10\/kolonie9-320x320.jpg 320w\" sizes=\"(max-width: 150px) 100vw, 150px\" \/><\/a>\n\t\t\t<\/dt><\/dl><dl class='gallery-item'>\n\t\t\t<dt class='gallery-icon landscape'>\n\t\t\t\t<a href='http:\/\/caritas.diecezja.wloclawek.pl\/?attachment_id=507'><img width=\"150\" height=\"150\" src=\"http:\/\/caritas.diecezja.wloclawek.pl\/wp-content\/uploads\/2017\/10\/kolonie10-150x150.jpg\" class=\"attachment-thumbnail size-thumbnail\" alt=\"\" loading=\"lazy\" srcset=\"http:\/\/caritas.diecezja.wloclawek.pl\/wp-content\/uploads\/2017\/10\/kolonie10-150x150.jpg 150w, http:\/\/caritas.diecezja.wloclawek.pl\/wp-content\/uploads\/2017\/10\/kolonie10-160x160.jpg 160w, http:\/\/caritas.diecezja.wloclawek.pl\/wp-content\/uploads\/2017\/10\/kolonie10-320x320.jpg 320w\" sizes=\"(max-width: 150px) 100vw, 150px\" \/><\/a>\n\t\t\t<\/dt><\/dl><br style=\"clear: both\" \/><dl class='gallery-item'>\n\t\t\t<dt class='gallery-icon landscape'>\n\t\t\t\t<a href='http:\/\/caritas.diecezja.wloclawek.pl\/?attachment_id=508'><img width=\"150\" height=\"150\" src=\"http:\/\/caritas.diecezja.wloclawek.pl\/wp-content\/uploads\/2017\/10\/kolonie11-150x150.jpg\" class=\"attachment-thumbnail size-thumbnail\" alt=\"\" loading=\"lazy\" srcset=\"http:\/\/caritas.diecezja.wloclawek.pl\/wp-content\/uploads\/2017\/10\/kolonie11-150x150.jpg 150w, http:\/\/caritas.diecezja.wloclawek.pl\/wp-content\/uploads\/2017\/10\/kolonie11-160x160.jpg 160w, http:\/\/caritas.diecezja.wloclawek.pl\/wp-content\/uploads\/2017\/10\/kolonie11-320x320.jpg 320w\" sizes=\"(max-width: 150px) 100vw, 150px\" \/><\/a>\n\t\t\t<\/dt><\/dl><dl class='gallery-item'>\n\t\t\t<dt class='gallery-icon landscape'>\n\t\t\t\t<a href='http:\/\/caritas.diecezja.wloclawek.pl\/?attachment_id=509'><img width=\"150\" height=\"150\" src=\"http:\/\/caritas.diecezja.wloclawek.pl\/wp-content\/uploads\/2017\/10\/kolonie12-150x150.jpg\" class=\"attachment-thumbnail size-thumbnail\" alt=\"\" loading=\"lazy\" srcset=\"http:\/\/caritas.diecezja.wloclawek.pl\/wp-content\/uploads\/2017\/10\/kolonie12-150x150.jpg 150w, http:\/\/caritas.diecezja.wloclawek.pl\/wp-content\/uploads\/2017\/10\/kolonie12-160x160.jpg 160w, http:\/\/caritas.diecezja.wloclawek.pl\/wp-content\/uploads\/2017\/10\/kolonie12-320x320.jpg 320w\" sizes=\"(max-width: 150px) 100vw, 150px\" \/><\/a>\n\t\t\t<\/dt><\/dl><dl class='gallery-item'>\n\t\t\t<dt class='gallery-icon landscape'>\n\t\t\t\t<a href='http:\/\/caritas.diecezja.wloclawek.pl\/?attachment_id=510'><img width=\"150\" height=\"150\" src=\"http:\/\/caritas.diecezja.wloclawek.pl\/wp-content\/uploads\/2017\/10\/kolonie13-150x150.jpg\" class=\"attachment-thumbnail size-thumbnail\" alt=\"\" loading=\"lazy\" srcset=\"http:\/\/caritas.diecezja.wloclawek.pl\/wp-content\/uploads\/2017\/10\/kolonie13-150x150.jpg 150w, http:\/\/caritas.diecezja.wloclawek.pl\/wp-content\/uploads\/2017\/10\/kolonie13-160x160.jpg 160w, http:\/\/caritas.diecezja.wloclawek.pl\/wp-content\/uploads\/2017\/10\/kolonie13-320x320.jpg 320w\" sizes=\"(max-width: 150px) 100vw, 150px\" \/><\/a>\n\t\t\t<\/dt><\/dl><dl class='gallery-item'>\n\t\t\t<dt class='gallery-icon landscape'>\n\t\t\t\t<a href='http:\/\/caritas.diecezja.wloclawek.pl\/?attachment_id=511'><img width=\"150\" height=\"150\" src=\"http:\/\/caritas.diecezja.wloclawek.pl\/wp-content\/uploads\/2017\/10\/kolonie14-150x150.jpg\" class=\"attachment-thumbnail size-thumbnail\" alt=\"\" loading=\"lazy\" srcset=\"http:\/\/caritas.diecezja.wloclawek.pl\/wp-content\/uploads\/2017\/10\/kolonie14-150x150.jpg 150w, http:\/\/caritas.diecezja.wloclawek.pl\/wp-content\/uploads\/2017\/10\/kolonie14-160x160.jpg 160w, http:\/\/caritas.diecezja.wloclawek.pl\/wp-content\/uploads\/2017\/10\/kolonie14-320x320.jpg 320w\" sizes=\"(max-width: 150px) 100vw, 150px\" \/><\/a>\n\t\t\t<\/dt><\/dl><dl class='gallery-item'>\n\t\t\t<dt class='gallery-icon landscape'>\n\t\t\t\t<a href='http:\/\/caritas.diecezja.wloclawek.pl\/?attachment_id=512'><img width=\"150\" height=\"150\" src=\"http:\/\/caritas.diecezja.wloclawek.pl\/wp-content\/uploads\/2017\/10\/kolonie15-150x150.jpg\" class=\"attachment-thumbnail size-thumbnail\" alt=\"\" loading=\"lazy\" srcset=\"http:\/\/caritas.diecezja.wloclawek.pl\/wp-content\/uploads\/2017\/10\/kolonie15-150x150.jpg 150w, http:\/\/caritas.diecezja.wloclawek.pl\/wp-content\/uploads\/2017\/10\/kolonie15-160x160.jpg 160w, http:\/\/caritas.diecezja.wloclawek.pl\/wp-content\/uploads\/2017\/10\/kolonie15-320x320.jpg 320w\" sizes=\"(max-width: 150px) 100vw, 150px\" \/><\/a>\n\t\t\t<\/dt><\/dl><br style=\"clear: both\" \/><dl class='gallery-item'>\n\t\t\t<dt class='gallery-icon landscape'>\n\t\t\t\t<a href='http:\/\/caritas.diecezja.wloclawek.pl\/?attachment_id=513'><img width=\"150\" height=\"150\" src=\"http:\/\/caritas.diecezja.wloclawek.pl\/wp-content\/uploads\/2017\/10\/kolonie16-150x150.jpg\" class=\"attachment-thumbnail size-thumbnail\" alt=\"\" loading=\"lazy\" srcset=\"http:\/\/caritas.diecezja.wloclawek.pl\/wp-content\/uploads\/2017\/10\/kolonie16-150x150.jpg 150w, http:\/\/caritas.diecezja.wloclawek.pl\/wp-content\/uploads\/2017\/10\/kolonie16-160x160.jpg 160w, http:\/\/caritas.diecezja.wloclawek.pl\/wp-content\/uploads\/2017\/10\/kolonie16-320x320.jpg 320w\" sizes=\"(max-width: 150px) 100vw, 150px\" \/><\/a>\n\t\t\t<\/dt><\/dl><dl class='gallery-item'>\n\t\t\t<dt class='gallery-icon landscape'>\n\t\t\t\t<a href='http:\/\/caritas.diecezja.wloclawek.pl\/?attachment_id=514'><img width=\"150\" height=\"150\" src=\"http:\/\/caritas.diecezja.wloclawek.pl\/wp-content\/uploads\/2017\/10\/kolonie17-150x150.jpg\" class=\"attachment-thumbnail size-thumbnail\" alt=\"\" loading=\"lazy\" srcset=\"http:\/\/caritas.diecezja.wloclawek.pl\/wp-content\/uploads\/2017\/10\/kolonie17-150x150.jpg 150w, http:\/\/caritas.diecezja.wloclawek.pl\/wp-content\/uploads\/2017\/10\/kolonie17-160x160.jpg 160w, http:\/\/caritas.diecezja.wloclawek.pl\/wp-content\/uploads\/2017\/10\/kolonie17-320x320.jpg 320w\" sizes=\"(max-width: 150px) 100vw, 150px\" \/><\/a>\n\t\t\t<\/dt><\/dl><dl class='gallery-item'>\n\t\t\t<dt class='gallery-icon landscape'>\n\t\t\t\t<a href='http:\/\/caritas.diecezja.wloclawek.pl\/?attachment_id=515'><img width=\"150\" height=\"150\" src=\"http:\/\/caritas.diecezja.wloclawek.pl\/wp-content\/uploads\/2017\/10\/kolonie18-150x150.jpg\" class=\"attachment-thumbnail size-thumbnail\" alt=\"\" loading=\"lazy\" srcset=\"http:\/\/caritas.diecezja.wloclawek.pl\/wp-content\/uploads\/2017\/10\/kolonie18-150x150.jpg 150w, http:\/\/caritas.diecezja.wloclawek.pl\/wp-content\/uploads\/2017\/10\/kolonie18-160x160.jpg 160w, http:\/\/caritas.diecezja.wloclawek.pl\/wp-content\/uploads\/2017\/10\/kolonie18-320x320.jpg 320w\" sizes=\"(max-width: 150px) 100vw, 150px\" \/><\/a>\n\t\t\t<\/dt><\/dl><dl class='gallery-item'>\n\t\t\t<dt class='gallery-icon landscape'>\n\t\t\t\t<a href='http:\/\/caritas.diecezja.wloclawek.pl\/?attachment_id=516'><img width=\"150\" height=\"150\" src=\"http:\/\/caritas.diecezja.wloclawek.pl\/wp-content\/uploads\/2017\/10\/kolonie19-150x150.jpg\" class=\"attachment-thumbnail size-thumbnail\" alt=\"\" loading=\"lazy\" srcset=\"http:\/\/caritas.diecezja.wloclawek.pl\/wp-content\/uploads\/2017\/10\/kolonie19-150x150.jpg 150w, http:\/\/caritas.diecezja.wloclawek.pl\/wp-content\/uploads\/2017\/10\/kolonie19-160x160.jpg 160w, http:\/\/caritas.diecezja.wloclawek.pl\/wp-content\/uploads\/2017\/10\/kolonie19-320x320.jpg 320w\" sizes=\"(max-width: 150px) 100vw, 150px\" \/><\/a>\n\t\t\t<\/dt><\/dl><dl class='gallery-item'>\n\t\t\t<dt class='gallery-icon landscape'>\n\t\t\t\t<a href='http:\/\/caritas.diecezja.wloclawek.pl\/?attachment_id=517'><img width=\"150\" height=\"150\" src=\"http:\/\/caritas.diecezja.wloclawek.pl\/wp-content\/uploads\/2017\/10\/kolonie20-150x150.jpg\" class=\"attachment-thumbnail size-thumbnail\" alt=\"\" loading=\"lazy\" srcset=\"http:\/\/caritas.diecezja.wloclawek.pl\/wp-content\/uploads\/2017\/10\/kolonie20-150x150.jpg 150w, http:\/\/caritas.diecezja.wloclawek.pl\/wp-content\/uploads\/2017\/10\/kolonie20-160x160.jpg 160w, http:\/\/caritas.diecezja.wloclawek.pl\/wp-content\/uploads\/2017\/10\/kolonie20-320x320.jpg 320w\" sizes=\"(max-width: 150px) 100vw, 150px\" \/><\/a>\n\t\t\t<\/dt><\/dl><br style=\"clear: both\" \/>\n\t\t<\/div>\n\n","protected":false},"excerpt":{"rendered":"<p>&#46;&#46;&#46;<\/p>\n","protected":false},"author":1,"featured_media":510,"comment_status":"open","ping_status":"open","sticky":false,"template":"","format":"standard","meta":[],"categories":[2],"tags":[],"_links":{"self":[{"href":"http:\/\/caritas.diecezja.wloclawek.pl\/index.php?rest_route=\/wp\/v2\/posts\/497"}],"collection":[{"href":"http:\/\/caritas.diecezja.wloclawek.pl\/index.php?rest_route=\/wp\/v2\/posts"}],"about":[{"href":"http:\/\/caritas.diecezja.wloclawek.pl\/index.php?rest_route=\/wp\/v2\/types\/post"}],"author":[{"embeddable":true,"href":"http:\/\/caritas.diecezja.wloclawek.pl\/index.php?rest_route=\/wp\/v2\/users\/1"}],"replies":[{"embeddable":true,"href":"http:\/\/caritas.diecezja.wloclawek.pl\/index.php?rest_route=%2Fwp%2Fv2%2Fcomments&post=497"}],"version-history":[{"count":1,"href":"http:\/\/caritas.diecezja.wloclawek.pl\/index.php?rest_route=\/wp\/v2\/posts\/497\/revisions"}],"predecessor-version":[{"id":518,"href":"http:\/\/caritas.diecezja.wloclawek.pl\/index.php?rest_route=\/wp\/v2\/posts\/497\/revisions\/518"}],"wp:featuredmedia":[{"embeddable":true,"href":"http:\/\/caritas.diecezja.wloclawek.pl\/index.php?rest_route=\/wp\/v2\/media\/510"}],"wp:attachment":[{"href":"http:\/\/caritas.diecezja.wloclawek.pl\/index.php?rest_route=%2Fwp%2Fv2%2Fmedia&parent=497"}],"wp:term":[{"taxonomy":"category","embeddable":true,"href":"http:\/\/caritas.diecezja.wloclawek.pl\/index.php?rest_route=%2Fwp%2Fv2%2Fcategories&post=497"},{"taxonomy":"post_tag","embeddable":true,"href":"http:\/\/caritas.diecezja.wloclawek.pl\/index.php?rest_route=%2Fwp%2Fv2%2Ftags&post=497"}],"curies":[{"name":"wp","href":"https:\/\/api.w.org\/{rel}","templated":true}]}}