{"id":495,"date":"2014-09-04T22:30:08","date_gmt":"2014-09-04T21:30:08","guid":{"rendered":"http:\/\/caritas.diecezja.wloclawek.pl\/?p=495"},"modified":"2017-10-27T22:31:43","modified_gmt":"2017-10-27T21:31:43","slug":"nowy-rok-szkolny-z-caritas","status":"publish","type":"post","link":"http:\/\/caritas.diecezja.wloclawek.pl\/?p=495","title":{"rendered":"Nowy Rok Szkolny z Caritas"},"content":{"rendered":"<p>Dzi\u0119ki hojno\u015bci naszych darczy\u0144c\u00f3w ponad 70 tysi\u0119cy dzieci b\u0119d\u0105cych pod opiek\u0105 Caritas mog\u0142o spokojnie i z satysfakcj\u0105 wej\u015b\u0107 w nowy rok szkolny. Podopieczni Caritas nabierali si\u0142 przed czekaj\u0105cymi ich obowi\u0105zkami na wakacjach z Caritas, w ramach akcji Tornister Pe\u0142en U\u015bmiech\u00f3w, otrzymali wyprawki szkolne, a dzi\u0119ki programowi Skrzyd\u0142a uzyskali \u015brodki finansowe na nauk\u0119, do\u017cywianie lub pomoce naukowe na ca\u0142y rok szkolny.<\/p>\n<p>Dane GUS z lutego 2014 roku m\u00f3wi\u0105, \u017ce zagro\u017conych ub\u00f3stwem jest 40% rodzin wielodzietnych i 25% rodzic\u00f3w samotnie wychowuj\u0105cych dzieci. Ostatnie dane Ministerstwa Pracy i Polityki Spo\u0142ecznej wskazuj\u0105, \u017ce doch\u00f3d w ponad 700 000 rodzin, kt\u00f3re otrzymuj\u0105 pomoc socjaln\u0105 nie przekracza 400 z\u0142 na osob\u0119. W tym kontek\u015bcie pomoc dzieciom w zaspokajaniu ich podstawowych potrzeb staje si\u0119 nagl\u0105ca. Dzi\u0119ki hojno\u015bci ofiarodawc\u00f3w pomoc w 2014 roku otrzyma\u0142a wi\u0119ksza ilo\u015b\u0107 dzieci ni\u017c w roku poprzednim.<br \/>\n&#8211; Sk\u0142adam serdeczne podzi\u0119kowania dla wszystkich, bez kt\u00f3rych nasza dzia\u0142alno\u015b\u0107 nie by\u0142aby mo\u017cliwa. Dzi\u0119ki zaanga\u017cowaniu i hojno\u015bci naszych darczy\u0144c\u00f3w mogli\u015bmy pom\u00f3c tysi\u0105com rodzin w zorganizowaniu wypoczynku letniego dla ich dzieci, zakupie wyprawki szkolnej, czy wsparcia finansowego przez ca\u0142y rok szkolny. B\u00f3g zap\u0142a\u0107 za wszelk\u0105 Wasz\u0105 pomoc \u00ac\u2013 powiedzia\u0142 ks. Marian Subocz \u2013 dyrektor Caritas Polska.<\/p>\n<p>Ponad 70 tys. dzieci z rodzin b\u0119d\u0105cych pod opiek\u0105 Caritas mog\u0142o wej\u015b\u0107 w nowy rok szkolny z nowymi si\u0142ami. W ramach Wakacyjnej Akcji Caritas na obozy i kolonie letnie wyjecha\u0142o blisko 30 tys. dzieci. Wyprawki szkolne od Caritas otrzyma\u0142o blisko 40 tys. dzieci, natomiast pod sta\u0142\u0105 opiek\u0105 stypendialn\u0105 realizowan\u0105 w akcji Skrzyd\u0142a jest 3,5 tys. uczni\u00f3w szk\u00f3\u0142 podstawowych, gimnazj\u00f3w i lice\u00f3w. Szczeg\u00f3\u0142y dotycz\u0105ce akcji Caritas na rzecz dzieci mo\u017cna znale\u017a\u0107 na stronie <a href=\"http:\/\/www.akcjecaritas.com\">www.akcjecaritas.com<\/a>.<\/p>\n","protected":false},"excerpt":{"rendered":"<p>&#46;&#46;&#46;<\/p>\n","protected":false},"author":1,"featured_media":0,"comment_status":"open","ping_status":"open","sticky":false,"template":"","format":"standard","meta":[],"categories":[2],"tags":[],"_links":{"self":[{"href":"http:\/\/caritas.diecezja.wloclawek.pl\/index.php?rest_route=\/wp\/v2\/posts\/495"}],"collection":[{"href":"http:\/\/caritas.diecezja.wloclawek.pl\/index.php?rest_route=\/wp\/v2\/posts"}],"about":[{"href":"http:\/\/caritas.diecezja.wloclawek.pl\/index.php?rest_route=\/wp\/v2\/types\/post"}],"author":[{"embeddable":true,"href":"http:\/\/caritas.diecezja.wloclawek.pl\/index.php?rest_route=\/wp\/v2\/users\/1"}],"replies":[{"embeddable":true,"href":"http:\/\/caritas.diecezja.wloclawek.pl\/index.php?rest_route=%2Fwp%2Fv2%2Fcomments&post=495"}],"version-history":[{"count":1,"href":"http:\/\/caritas.diecezja.wloclawek.pl\/index.php?rest_route=\/wp\/v2\/posts\/495\/revisions"}],"predecessor-version":[{"id":496,"href":"http:\/\/caritas.diecezja.wloclawek.pl\/index.php?rest_route=\/wp\/v2\/posts\/495\/revisions\/496"}],"wp:attachment":[{"href":"http:\/\/caritas.diecezja.wloclawek.pl\/index.php?rest_route=%2Fwp%2Fv2%2Fmedia&parent=495"}],"wp:term":[{"taxonomy":"category","embeddable":true,"href":"http:\/\/caritas.diecezja.wloclawek.pl\/index.php?rest_route=%2Fwp%2Fv2%2Fcategories&post=495"},{"taxonomy":"post_tag","embeddable":true,"href":"http:\/\/caritas.diecezja.wloclawek.pl\/index.php?rest_route=%2Fwp%2Fv2%2Ftags&post=495"}],"curies":[{"name":"wp","href":"https:\/\/api.w.org\/{rel}","templated":true}]}}