{"id":492,"date":"2014-09-05T22:27:27","date_gmt":"2014-09-05T21:27:27","guid":{"rendered":"http:\/\/caritas.diecezja.wloclawek.pl\/?p=492"},"modified":"2017-10-27T22:29:39","modified_gmt":"2017-10-27T21:29:39","slug":"w-domu-samotnej-matki-caritas-w-ciechocinku-rozpoczely-posluge-siostry-orionistki","status":"publish","type":"post","link":"http:\/\/caritas.diecezja.wloclawek.pl\/?p=492","title":{"rendered":"W Domu Samotnej Matki Caritas w Ciechocinku rozpocz\u0119\u0142y pos\u0142ug\u0119 Siostry Orionistki"},"content":{"rendered":"<p>Dnia 1 wrze\u015bnia 2014 roku w Domu Samotnej Matki Caritas w Ciechocinku rozpocz\u0119\u0142y pos\u0142ug\u0119 Siostry Ma\u0142e Misjonarki Mi\u0142osierdzia (Orionistki). Z tej okazji biskup w\u0142oc\u0142awski Wies\u0142aw Mering sprawowa\u0142 Msz\u0119 \u015bw. w kaplicy domu, polecaj\u0105c Matce Bo\u017cej z Guadalupe wsp\u00f3lnot\u0119 Si\u00f3str oraz ich dzia\u0142alno\u015b\u0107.<\/p>\n<p>W swoim s\u0142owie Ksi\u0105dz Biskup podkre\u015bli\u0142, \u017ce w dzisiejszym \u015bwiecie jest potrzeba czynienia mi\u0142osierdzia wobec kobiet ci\u0119\u017carnych, kt\u00f3re znajduj\u0105 si\u0119 w trudnej sytuacji \u017cyciowej, a szczeg\u00f3lnie ratowania \u017cycia ludzkiego i wskazywania m\u0142odym matkom rado\u015bci rodzicielstwa. Siostry g\u0142\u0119boko wierz\u0105 w to, \u017ce z pomoc\u0105 \u015bw. Alojzego Orione b\u0119d\u0105 mog\u0142y tworzy\u0107 pi\u0119kne dzie\u0142o, gdy\u017c \u201ebroni\u0107 \u017cycia i umacnia\u0107 je, czci\u0107 je i kocha\u0107 &#8211; oto zadanie, kt\u00f3re B\u00f3g powierza ka\u017cdemu cz\u0142owiekowi&#8230;&#8221; (Evangelium vitae).<\/p>\n<p><a href=\"http:\/\/caritas.diecezja.wloclawek.pl\/wp-content\/uploads\/2017\/10\/orionistki.jpg\"><img loading=\"lazy\" class=\"aligncenter  wp-image-493\" src=\"http:\/\/caritas.diecezja.wloclawek.pl\/wp-content\/uploads\/2017\/10\/orionistki-300x225.jpg\" alt=\"\" width=\"420\" height=\"315\" srcset=\"http:\/\/caritas.diecezja.wloclawek.pl\/wp-content\/uploads\/2017\/10\/orionistki-300x225.jpg 300w, http:\/\/caritas.diecezja.wloclawek.pl\/wp-content\/uploads\/2017\/10\/orionistki.jpg 314w\" sizes=\"(max-width: 420px) 100vw, 420px\" \/><\/a><\/p>\n","protected":false},"excerpt":{"rendered":"<p>&#46;&#46;&#46;<\/p>\n","protected":false},"author":1,"featured_media":493,"comment_status":"open","ping_status":"open","sticky":false,"template":"","format":"standard","meta":[],"categories":[2],"tags":[],"_links":{"self":[{"href":"http:\/\/caritas.diecezja.wloclawek.pl\/index.php?rest_route=\/wp\/v2\/posts\/492"}],"collection":[{"href":"http:\/\/caritas.diecezja.wloclawek.pl\/index.php?rest_route=\/wp\/v2\/posts"}],"about":[{"href":"http:\/\/caritas.diecezja.wloclawek.pl\/index.php?rest_route=\/wp\/v2\/types\/post"}],"author":[{"embeddable":true,"href":"http:\/\/caritas.diecezja.wloclawek.pl\/index.php?rest_route=\/wp\/v2\/users\/1"}],"replies":[{"embeddable":true,"href":"http:\/\/caritas.diecezja.wloclawek.pl\/index.php?rest_route=%2Fwp%2Fv2%2Fcomments&post=492"}],"version-history":[{"count":1,"href":"http:\/\/caritas.diecezja.wloclawek.pl\/index.php?rest_route=\/wp\/v2\/posts\/492\/revisions"}],"predecessor-version":[{"id":494,"href":"http:\/\/caritas.diecezja.wloclawek.pl\/index.php?rest_route=\/wp\/v2\/posts\/492\/revisions\/494"}],"wp:featuredmedia":[{"embeddable":true,"href":"http:\/\/caritas.diecezja.wloclawek.pl\/index.php?rest_route=\/wp\/v2\/media\/493"}],"wp:attachment":[{"href":"http:\/\/caritas.diecezja.wloclawek.pl\/index.php?rest_route=%2Fwp%2Fv2%2Fmedia&parent=492"}],"wp:term":[{"taxonomy":"category","embeddable":true,"href":"http:\/\/caritas.diecezja.wloclawek.pl\/index.php?rest_route=%2Fwp%2Fv2%2Fcategories&post=492"},{"taxonomy":"post_tag","embeddable":true,"href":"http:\/\/caritas.diecezja.wloclawek.pl\/index.php?rest_route=%2Fwp%2Fv2%2Ftags&post=492"}],"curies":[{"name":"wp","href":"https:\/\/api.w.org\/{rel}","templated":true}]}}